{"id":9075,"date":"2025-03-01T06:16:31","date_gmt":"2025-03-01T09:16:31","guid":{"rendered":"https:\/\/13.com.ar\/index.php\/quien-era-la-diva-con-la-que-carlos-gardel-paso-unos-dias-en-francia\/"},"modified":"2025-03-01T06:16:31","modified_gmt":"2025-03-01T09:16:31","slug":"quien-era-la-diva-con-la-que-carlos-gardel-paso-unos-dias-en-francia","status":"publish","type":"post","link":"https:\/\/13.com.ar\/index.php\/quien-era-la-diva-con-la-que-carlos-gardel-paso-unos-dias-en-francia\/","title":{"rendered":"Qui\u00e9n era la diva con la que Carlos Gardel pas\u00f3 unos d\u00edas en Francia"},"content":{"rendered":"<p> <br \/>\n<\/p>\n<div id=\"cuerpo\">\n<div class=\"sc-80531b6b-0 chRIGJ container-text text-embed\">\n<p>El martes 27 de octubre de 1931, Carlos Gardel realiz\u00f3 una grabaci\u00f3n con Francisco Canaro. Era un d\u00eda muy caluroso y el sistema de ventilaci\u00f3n del estudio no funcionaba. Grabaron empapados en sudor, tanto que <strong>Carlos se sac\u00f3 la ropa y se qued\u00f3 s\u00f3lo con los zapatos<\/strong> y los anteojos que necesitaba para leer las letras de las canciones. <\/p>\n<\/div>\n<div class=\"sc-80531b6b-0 chRIGJ container-text text-embed\">\n<p>Esto escandaliz\u00f3 al t\u00e9cnico de grabaci\u00f3n, de origen alem\u00e1n, que le grit\u00f3: \u201cPero, se\u00f1or Gardel, \u00a1Qu\u00e9 quiere decir esto!\u201d. A lo que Carlitos contest\u00f3: \u201c\u00a1Esto quiere decir, viejito, que <strong>no tanto hacerte el estrecho<\/strong>, que a m\u00ed me han pasado el santo que vos en Alemania eras una buena mandarina!\u201d. (1)<\/p>\n<\/div>\n<div class=\"sc-80531b6b-0 chRIGJ container-text text-embed\">\n<p><strong>El cantor parec\u00eda no encajar con las costumbres argentinas de los a\u00f1os 30.<\/strong> Al d\u00eda siguiente de su c\u00e9lebre grabaci\u00f3n en \u201ctraje de ad\u00e1n\u201d, Gardel se tomaba el barco Conte Rosso para partir hacia Europa.<\/p>\n<\/div>\n<div class=\"sc-80531b6b-0 chRIGJ container-text text-embed\">\n<p>Muchos a\u00f1os despu\u00e9s, el poeta Ra\u00fal Gonz\u00e1lez Tu\u00f1\u00f3n recordaba: <strong>\u201cConoc\u00ed a Gardel a bordo del Conte Rosso<\/strong> a fines de 1931. Yo iba al Brasil, como corresponsal de la vieja Cr\u00edtica, en los d\u00edas de la revoluci\u00f3n de Getulio Vargas y Gardel volv\u00eda a Par\u00eds. <\/p>\n<\/div>\n<div class=\"sc-80531b6b-0 chRIGJ container-text text-embed\">\n<p>Todas las noches -el barco tardaba 5 d\u00edas en llegar a R\u00edo-, nos reun\u00edamos con Gardel en el camarote del capit\u00e1n a tomar unas copas. <strong>\u00c9l cantaba para nosotros canciones en franc\u00e9s y en italiano\u201d.<\/strong> (2)<\/p>\n<\/div>\n<div class=\"sc-80531b6b-0 chRIGJ container-text text-embed\">\n<p>La idea de Gardel en este viaje era trabajar en cine y dej\u00f3 en libertad de acci\u00f3n a sus guitarristas no sin antes aconsejarles: \u201cEsta vez no van a viajar conmigo, pero atenti, muchachos: eviten agarrar viaje con cualquier crosta porque <strong>ustedes, aparte de laburar con este gom\u00eda, son escobas de primera calidad<\/strong>\u201d.<\/p>\n<\/div>\n<div class=\"sc-198be8ec-0 cynXbu image-embed  image-embed \"><picture class=\"sc-198be8ec-1 kOjRiQ\"><source media=\"(min-width: 975px)\" width=\"720\" height=\"480\" \/><img alt=\"Carlos Gardel. \/ Archivo Clar\u00edn\" loading=\"lazy\" width=\"720\" height=\"480\" decoding=\"async\" data-nimg=\"1\" style=\"color:transparent\" src=\"https:\/\/13.com.ar\/wp-content\/uploads\/2025\/03\/Quien-era-la-diva-con-la-que-Carlos-Gardel-paso.jpg\"\/><span class=\"epigraphe\">Carlos Gardel. \/ Archivo Clar\u00edn<\/span><span class=\"bkg\"\/><span class=\"picture-open\"><button class=\"open-image\" aria-label=\"Open Image\"\/><\/span><\/picture><\/div>\n<div class=\"sc-80531b6b-0 chRIGJ container-text text-embed\">\n<p>Adem\u00e1s de tener su mente puesta en los estudios de filmaci\u00f3n, quer\u00eda descansar de las presentaciones en teatros y cabarets.<\/p>\n<\/div>\n<div class=\"sc-80531b6b-0 chRIGJ container-text text-embed\">\n<p>Esperaba llegar a Par\u00eds a fin de ese mismo mes, para <strong>realizar dos pel\u00edculas sonoras<\/strong> y luego viajar a Los \u00c1ngeles en marzo de 1932. <\/p>\n<\/div>\n<div class=\"sc-80531b6b-0 chRIGJ container-text text-embed\">\n<p>Ya en ese momento hablaba con convicci\u00f3n sobre el futuro cine sonoro: \u201cVolviendo al porvenir del cine sonoro, soy optimista. Pero siempre que \u00e9l no se vea sujetado a la simple escena como en el teatro, lo que significar\u00eda su decaimiento y rutina de corto plazo. <\/p>\n<\/div>\n<div class=\"sc-80531b6b-0 chRIGJ container-text text-embed\">\n<p>Para m\u00ed,<strong> lo esencial del cine sonoro es que siga siendo siempre cine<\/strong>, que se haga en primer t\u00e9rmino cin\u00e9ma, como dicen los franceses, y que se var\u00eden los pasajes de interiores con los de panoramas, movimiento amplio y cambios como en el viejo arte-mudo, pues no debe olvidarse que esos factores constituyeron la base preponderante de sus \u00e9xitos&#8221;. (3)<\/p>\n<\/div>\n<div class=\"sc-80531b6b-0 chRIGJ container-text text-embed\">\n<p>Durante unos meses Gardel estuvo en Par\u00eds y pudo disfrutar de la ciudad casi como un turista.<\/p>\n<\/div>\n<div class=\"sc-198be8ec-0 cynXbu image-embed  image-embed \"><picture class=\"sc-198be8ec-1 kOjRiQ\"><source media=\"(min-width: 975px)\" width=\"720\" height=\"480\" \/><img alt=\"Carlos Gardel a los 15 a\u00f1os. Foto: Archivo General de la Naci\u00f3n.\" loading=\"lazy\" width=\"720\" height=\"480\" decoding=\"async\" data-nimg=\"1\" style=\"color:transparent\" src=\"https:\/\/13.com.ar\/wp-content\/uploads\/2025\/03\/1740820591_781_Quien-era-la-diva-con-la-que-Carlos-Gardel-paso.jpg\"\/><span class=\"epigraphe\">Carlos Gardel a los 15 a\u00f1os. Foto: Archivo General de la Naci\u00f3n.<\/span><span class=\"bkg\"\/><span class=\"picture-open\"><button class=\"open-image\" aria-label=\"Open Image\"\/><\/span><\/picture><\/div>\n<p><h2>El Zorzal y la soprano<\/h2>\n<\/p>\n<div class=\"sc-80531b6b-0 chRIGJ container-text text-embed\">\n<p>Seg\u00fan una versi\u00f3n, <strong>visit\u00f3 a la renombrada soprano francesa Ninon Vallin<\/strong>, nombre art\u00edstico de Eugenia Vallin Pardo (1886-1961), que hab\u00eda actuado en el Teatro Col\u00f3n en varias temporadas entre 1916 y 1925. <\/p>\n<\/div>\n<div class=\"sc-80531b6b-0 chRIGJ container-text text-embed\">\n<p>Carlos habr\u00eda pasado alg\u00fan tiempo en La Sauvag\u00e8re, la casa de la diva en el pueblo de Millery, cerca de Lyon, y habr\u00eda aprovechado la estad\u00eda, adem\u00e1s de <strong>disfrutar de una muy grata compa\u00f1\u00eda,<\/strong> para escuchar consejos sobre t\u00e9cnicas vocales, algo que siempre le interes\u00f3. Lo cierto es que pas\u00f3 una parte del invierno en La Riviera, visit\u00f3 a sus parientes en Toulouse y tambi\u00e9n pase\u00f3 por N\u00e1poles y Londres.<\/p>\n<\/div>\n<div class=\"sc-80531b6b-0 chRIGJ container-text text-embed\">\n<p>En Par\u00eds alquilaba un departamento en el n\u00famero 27 de la rue Le Ville, cerca de la estaci\u00f3n de metro Villiers, que <strong>se transform\u00f3 en el refugio de toda la bohemia argentina<\/strong> que andaba boyando por Par\u00eds.<\/p>\n<\/div>\n<div class=\"sc-80531b6b-0 chRIGJ container-text text-embed\">\n<p>Caminando por esas callecitas parisinas escuch\u00f3 el ruido de un avi\u00f3n y le dijo a su amigo Luis Mandarino unas palabras premonotorias: \u201cChe, tano, mir\u00e1 para arriba. <strong>En uno de esos p\u00e1jaros seguro que no volar\u00eda, porque si se viene abajo, no se salva nadie<\/strong>\u201d. (4) <\/p>\n<\/div>\n<div class=\"sc-80531b6b-0 chRIGJ container-text text-embed\">\n<p><strong>Notas:<\/strong> 1. Francisco Canaro, Mis bodas de oro con el tango. Mis memorias 1906-1956. 2. Del Greco, Orlando, Carlos Gardel y los Autores de sus canciones. Ediciones Akian Buenos Aires, Junio 1990. P\u00e1g. 386. 3. Idem. 4. Diario El Mundo, 24 de junio de 1967.<\/p>\n<\/div>\n<div class=\"sc-4306f4f9-0 bAPCpp\">\n<div class=\"inner-card-m\">\n<div class=\"related-content\">\n<p><span class=\"body-title\">Mir\u00e1 tambi\u00e9n<\/span><\/p>\n<h3>\u00bfPor qu\u00e9 la avenida Corrientes se llama as\u00ed?<\/h3>\n<source media=\"(min-width: 975px)\" width=\"340\" height=\"340\" \/><img alt=\"\u00bfPor qu\u00e9 la avenida Corrientes se llama as\u00ed?\" loading=\"lazy\" width=\"340\" height=\"340\" decoding=\"async\" data-nimg=\"1\" style=\"color:transparent\" src=\"https:\/\/13.com.ar\/wp-content\/uploads\/2025\/03\/1740820591_857_Quien-era-la-diva-con-la-que-Carlos-Gardel-paso.jpg\"\/><\/div>\n<\/div>\n<\/div>\n<div class=\"sc-4306f4f9-0 bAPCpp\">\n<div class=\"inner-card-m\">\n<div class=\"related-content\">\n<p><span class=\"body-title\">Mir\u00e1 tambi\u00e9n<\/span><\/p>\n<h3>Felipe Pigna: &#8220;Carlos Gardel fue el primer rockstar&#8221;<\/h3>\n<source media=\"(min-width: 975px)\" width=\"340\" height=\"340\" \/><img alt=\"Felipe Pigna: &quot;Carlos Gardel fue el primer rockstar&quot;\" loading=\"lazy\" width=\"340\" height=\"340\" decoding=\"async\" data-nimg=\"1\" style=\"color:transparent\" src=\"https:\/\/13.com.ar\/wp-content\/uploads\/2025\/03\/1740820591_754_Quien-era-la-diva-con-la-que-Carlos-Gardel-paso.jpg\"\/><\/div>\n<\/div>\n<\/div>\n<\/div>\n<p><br \/>\n<br \/><a href=\"https:\/\/www.clarin.com\/viva\/diva-carlos-gardel-paso-dias-francia_0_OOK0ODSfJh.html\">Fuente Clarin.com <\/a><\/p>\n","protected":false},"excerpt":{"rendered":"<p>El martes 27 de octubre de 1931, Carlos Gardel realiz\u00f3 una grabaci\u00f3n con Francisco Canaro. Era un d\u00eda muy caluroso y el sistema de ventilaci\u00f3n del estudio no funcionaba. Grabaron empapados en sudor, tanto que Carlos se sac\u00f3 la ropa y se qued\u00f3 s\u00f3lo con los zapatos y los anteojos que necesitaba para leer las [&hellip;]<\/p>\n","protected":false},"author":1,"featured_media":9076,"comment_status":"open","ping_status":"open","sticky":false,"template":"","format":"standard","meta":{"footnotes":""},"categories":[2],"tags":[3559,18,500,10100,762,2281,10101,158,3,499],"class_list":["post-9075","post","type-post","status-publish","format-standard","has-post-thumbnail","hentry","category-ultimas-noticias","tag-carlos","tag-con","tag-dias","tag-diva","tag-era","tag-francia","tag-gardel","tag-paso","tag-quien","tag-unos"],"_links":{"self":[{"href":"https:\/\/13.com.ar\/index.php\/wp-json\/wp\/v2\/posts\/9075","targetHints":{"allow":["GET"]}}],"collection":[{"href":"https:\/\/13.com.ar\/index.php\/wp-json\/wp\/v2\/posts"}],"about":[{"href":"https:\/\/13.com.ar\/index.php\/wp-json\/wp\/v2\/types\/post"}],"author":[{"embeddable":true,"href":"https:\/\/13.com.ar\/index.php\/wp-json\/wp\/v2\/users\/1"}],"replies":[{"embeddable":true,"href":"https:\/\/13.com.ar\/index.php\/wp-json\/wp\/v2\/comments?post=9075"}],"version-history":[{"count":0,"href":"https:\/\/13.com.ar\/index.php\/wp-json\/wp\/v2\/posts\/9075\/revisions"}],"wp:featuredmedia":[{"embeddable":true,"href":"https:\/\/13.com.ar\/index.php\/wp-json\/wp\/v2\/media\/9076"}],"wp:attachment":[{"href":"https:\/\/13.com.ar\/index.php\/wp-json\/wp\/v2\/media?parent=9075"}],"wp:term":[{"taxonomy":"category","embeddable":true,"href":"https:\/\/13.com.ar\/index.php\/wp-json\/wp\/v2\/categories?post=9075"},{"taxonomy":"post_tag","embeddable":true,"href":"https:\/\/13.com.ar\/index.php\/wp-json\/wp\/v2\/tags?post=9075"}],"curies":[{"name":"wp","href":"https:\/\/api.w.org\/{rel}","templated":true}]}}