{"id":9071,"date":"2025-03-01T06:10:32","date_gmt":"2025-03-01T09:10:32","guid":{"rendered":"https:\/\/13.com.ar\/index.php\/tras-la-insoportable-ola-de-humedad-anuncian-un-trimestre-climatico-de-lujo-en-la-ciudad-y-el-gba\/"},"modified":"2025-03-01T06:10:32","modified_gmt":"2025-03-01T09:10:32","slug":"tras-la-insoportable-ola-de-humedad-anuncian-un-trimestre-climatico-de-lujo-en-la-ciudad-y-el-gba","status":"publish","type":"post","link":"https:\/\/13.com.ar\/index.php\/tras-la-insoportable-ola-de-humedad-anuncian-un-trimestre-climatico-de-lujo-en-la-ciudad-y-el-gba\/","title":{"rendered":"Tras la insoportable ola de humedad anuncian un trimestre clim\u00e1tico de lujo en la Ciudad y el GBA"},"content":{"rendered":"<p> <br \/>\n<\/p>\n<div id=\"cuerpo\">\n<div class=\"sc-80531b6b-0 chRIGJ container-text text-embed\">\n<p>Habr\u00e1 que esperar todav\u00eda unos d\u00edas m\u00e1s para que las condiciones clim\u00e1ticas se vuelvan un poco m\u00e1s amables, pero al final del t\u00fanel <strong>parece haber luz<\/strong>. Por primera vez en mucho tiempo, el Servicio Meteorol\u00f3gico Nacional (SMN) anunci\u00f3 que las condiciones clim\u00e1ticas en la Ciudad de Buenos Aires y el Conurbano <strong>ser\u00e1n \u00f3ptimas<\/strong> durante el trimestre que va <strong>de marzo a mayo<\/strong>.<\/p>\n<\/div>\n<div class=\"sc-80531b6b-0 chRIGJ container-text text-embed\">\n<p><strong>\u00bfQu\u00e9 significa que ser\u00e1n \u00f3ptimas?<\/strong> Que en esas zonas no est\u00e1 previsto que se registren anomal\u00edas clim\u00e1ticas y, por lo tanto, tanto los valores de temperatura como los de humedad <strong>ser\u00e1n los habituales<\/strong> para esa \u00e9poca del a\u00f1o. En ambos casos, la categor\u00eda en la que se ubica esa zona del pa\u00eds es <strong>\u201cnormal\u201d<\/strong>, aunque usted no lo crea.<\/p>\n<\/div>\n<div class=\"sc-80531b6b-0 chRIGJ container-text text-embed\">\n<p>De esta manera, el clima en la regi\u00f3n vuelve a recuperar un <strong>equilibrio<\/strong>, si se tiene en cuenta que el verano arranc\u00f3 con temperaturas por debajo de lo normal y luego la aguja se fue al otro extremo, lo que deriv\u00f3 en una seguidilla de olas de calor de las que al parecer ya no se repetir\u00e1n en lo que queda del verano.<\/p>\n<\/div>\n<div class=\"sc-80531b6b-0 chRIGJ container-text text-embed\">\n<p>La particularidad del flamante informe del SMN es que la buena noticia recae <strong>s\u00f3lo en esa peque\u00f1a zona del pa\u00eds<\/strong>. Si se sale de los l\u00edmites del \u00e1rea metropolitana de Buenos Aires el escenario cambia. En el resto del \u00e1rea central de la Argentina se prev\u00e9 que lo m\u00e1s probable es que las marcas de temperatura se ubiquen durante el pr\u00f3ximo trimestre <strong>por encima de lo habitual<\/strong>.<\/p>\n<\/div>\n<div class=\"sc-80531b6b-0 chRIGJ container-text text-embed\">\n<p>Esa tendencia se acent\u00faa desde las provincias <strong>de C\u00f3rdoba, San Luis y Mendoza hacia el norte<\/strong>, poniendo a todo el resto de las provincias -incluido el Norte argentino y gran parte de la Mesopotamia- bajo estas condiciones de temperaturas m\u00e1s elevadas de lo normal para la \u00e9poca. En gran parte de la Patagonia se estima un pron\u00f3stico similar, aunque la probabilidad se ubica un escal\u00f3n por debajo.<\/p>\n<\/div>\n<div class=\"sc-198be8ec-0 cynXbu image-embed  image-embed \"><picture class=\"sc-198be8ec-1 kOjRiQ\"><source media=\"(min-width: 975px)\" width=\"720\" height=\"480\" \/><img alt=\"La tendencia de temperaturas en todo el pa\u00eds entre los meses de marzo y mayo anunciada por el SMN.\" loading=\"lazy\" width=\"720\" height=\"480\" decoding=\"async\" data-nimg=\"1\" style=\"color:transparent\" src=\"https:\/\/13.com.ar\/wp-content\/uploads\/2025\/03\/Tras-la-insoportable-ola-de-humedad-anuncian-un-trimestre-climatico.jpg\"\/><span class=\"epigraphe\">La tendencia de temperaturas en todo el pa\u00eds entre los meses de marzo y mayo anunciada por el SMN.<\/span><span class=\"bkg\"\/><span class=\"picture-open\"><button class=\"open-image\" aria-label=\"Open Image\"\/><\/span><\/picture><\/div>\n<div class=\"sc-80531b6b-0 chRIGJ container-text text-embed\">\n<p>La normalidad en las <strong>precipitaciones <\/strong>del periodo tambi\u00e9n se refleja en el nuevo informe del SMN, aunque en este caso en una zona m\u00e1s amplia del pa\u00eds que abarca toda la provincia de Buenos Aires, cosi toda La Pampa, Entre R\u00edos, Santa Fe, C\u00f3rdoba, San Luis, San Juan, Santiago del Estero, Chaco, Formosa y el este de Salta.<\/p>\n<\/div>\n<div class=\"sc-80531b6b-0 chRIGJ container-text text-embed\">\n<p>En cambio, para Mendoza, Neuqu\u00e9n y toda la Patagonia la previsi\u00f3n es que las precipitaciones sean<strong> algo menores a lo habitual<\/strong>, en tanto en gran parte del Norte argentino se dar\u00eda la situaci\u00f3n inversa, con lluvias m\u00e1s abundantes de las que suele registrarse en esta \u00e9poca del a\u00f1o.<\/p>\n<\/div>\n<div class=\"sc-198be8ec-0 cynXbu image-embed  image-embed \"><picture class=\"sc-198be8ec-1 kOjRiQ\"><source media=\"(min-width: 975px)\" width=\"720\" height=\"480\" \/><img alt=\"La tendencia de lluvias en todo el pa\u00eds entre los meses de marzo y mayo anunciada por el SMN.\" loading=\"lazy\" width=\"720\" height=\"480\" decoding=\"async\" data-nimg=\"1\" style=\"color:transparent\" src=\"https:\/\/13.com.ar\/wp-content\/uploads\/2025\/03\/1740820232_429_Tras-la-insoportable-ola-de-humedad-anuncian-un-trimestre-climatico.jpg\"\/><span class=\"epigraphe\">La tendencia de lluvias en todo el pa\u00eds entre los meses de marzo y mayo anunciada por el SMN.<\/span><span class=\"bkg\"\/><span class=\"picture-open\"><button class=\"open-image\" aria-label=\"Open Image\"\/><\/span><\/picture><\/div>\n<p><h2>Hasta cu\u00e1ndo seguir\u00e1 alta la humedad<\/h2>\n<\/p>\n<div class=\"sc-80531b6b-0 chRIGJ container-text text-embed\">\n<p>Las buenas noticias clim\u00e1ticas, sobre todo en lo que concierte al \u00e1rea metropolitana, tendr\u00e1n lugar luego de m\u00e1s de diez d\u00edas de tiempo muy inestable y lluvias intermitentes, con una humedad que despeg\u00f3 la <strong>sensaci\u00f3n t\u00e9rmica<\/strong> varios grados de la temperatura ambiente.<\/p>\n<\/div>\n<div class=\"sc-80531b6b-0 chRIGJ container-text text-embed\">\n<p>Esta situaci\u00f3n, seg\u00fan el SMN, continuar\u00e1 durante este fin de semana largo de Carnaval. Otros pron\u00f3sticos indican que las lluvias intermitentes podr\u00edan extenderse <strong>incluso durante el transcurso de la semana pr\u00f3xima<\/strong>, con altas temperaturas m\u00ednimas. Si bien las m\u00e1ximas no llegar\u00e1n a extremos demasiado elevados, las condiciones est\u00e1n dadas para que la sensaci\u00f3n t\u00e9rmica siga siendo protagonista.<\/p>\n<\/div>\n<div class=\"sc-80531b6b-0 chRIGJ container-text text-embed\">\n<p>Pero tras el aguante <strong>vendr\u00e1 finalmente el alivio anunciado<\/strong>, que como todo lo que cuesta se valora m\u00e1s. Como esa publicidad de una gaseosa en la d\u00e9cada del &#8217;80, en la que un cowboy sediento y transpirado en medio del desierto encontraba una especie de cantina y en vez de ordenar algo para tomar ped\u00eda un paquete de papas fritas, para luego de un suspenso que inclu\u00eda la boca pastosa y el sonido crocante de la masticaci\u00f3n, pasar al procastinado placer de la bebida ingresando por su garganta.<\/p>\n<\/div>\n<\/div>\n<p><br \/>\n<br \/><a href=\"https:\/\/www.clarin.com\/sociedad\/insoportable-ola-humedad-anuncian-trimestre-climatico-lujo-ciudad-gba_0_PHofAWZGUz.html\">Fuente Clarin.com <\/a><\/p>\n","protected":false},"excerpt":{"rendered":"<p>Habr\u00e1 que esperar todav\u00eda unos d\u00edas m\u00e1s para que las condiciones clim\u00e1ticas se vuelvan un poco m\u00e1s amables, pero al final del t\u00fanel parece haber luz. Por primera vez en mucho tiempo, el Servicio Meteorol\u00f3gico Nacional (SMN) anunci\u00f3 que las condiciones clim\u00e1ticas en la Ciudad de Buenos Aires y el Conurbano ser\u00e1n \u00f3ptimas durante el [&hellip;]<\/p>\n","protected":false},"author":1,"featured_media":9072,"comment_status":"open","ping_status":"open","sticky":false,"template":"","format":"standard","meta":{"footnotes":""},"categories":[2],"tags":[9348,984,2610,2762,10098,10097,259,1203,312,10099],"class_list":["post-9071","post","type-post","status-publish","format-standard","has-post-thumbnail","hentry","category-ultimas-noticias","tag-anuncian","tag-ciudad","tag-climatico","tag-gba","tag-humedad","tag-insoportable","tag-lujo","tag-ola","tag-tras","tag-trimestre"],"_links":{"self":[{"href":"https:\/\/13.com.ar\/index.php\/wp-json\/wp\/v2\/posts\/9071","targetHints":{"allow":["GET"]}}],"collection":[{"href":"https:\/\/13.com.ar\/index.php\/wp-json\/wp\/v2\/posts"}],"about":[{"href":"https:\/\/13.com.ar\/index.php\/wp-json\/wp\/v2\/types\/post"}],"author":[{"embeddable":true,"href":"https:\/\/13.com.ar\/index.php\/wp-json\/wp\/v2\/users\/1"}],"replies":[{"embeddable":true,"href":"https:\/\/13.com.ar\/index.php\/wp-json\/wp\/v2\/comments?post=9071"}],"version-history":[{"count":0,"href":"https:\/\/13.com.ar\/index.php\/wp-json\/wp\/v2\/posts\/9071\/revisions"}],"wp:featuredmedia":[{"embeddable":true,"href":"https:\/\/13.com.ar\/index.php\/wp-json\/wp\/v2\/media\/9072"}],"wp:attachment":[{"href":"https:\/\/13.com.ar\/index.php\/wp-json\/wp\/v2\/media?parent=9071"}],"wp:term":[{"taxonomy":"category","embeddable":true,"href":"https:\/\/13.com.ar\/index.php\/wp-json\/wp\/v2\/categories?post=9071"},{"taxonomy":"post_tag","embeddable":true,"href":"https:\/\/13.com.ar\/index.php\/wp-json\/wp\/v2\/tags?post=9071"}],"curies":[{"name":"wp","href":"https:\/\/api.w.org\/{rel}","templated":true}]}}