{"id":907,"date":"2025-01-31T10:10:14","date_gmt":"2025-01-31T13:10:14","guid":{"rendered":"https:\/\/13.com.ar\/index.php\/manchester-city-y-real-madrid-el-nuevo-clasico-que-va-por-su-cuarta-temporada\/"},"modified":"2025-01-31T10:10:14","modified_gmt":"2025-01-31T13:10:14","slug":"manchester-city-y-real-madrid-el-nuevo-clasico-que-va-por-su-cuarta-temporada","status":"publish","type":"post","link":"https:\/\/13.com.ar\/index.php\/manchester-city-y-real-madrid-el-nuevo-clasico-que-va-por-su-cuarta-temporada\/","title":{"rendered":"Manchester City y Real Madrid, el nuevo cl\u00e1sico que va por su cuarta temporada"},"content":{"rendered":"<p> <br \/>\n<\/p>\n<div id=\"cuerpo\">\n<div class=\"sc-80531b6b-0 chRIGJ container-text text-embed\">\n<p>El nuevo formato de la <strong>Champions League <\/strong>permitir\u00e1 que en la primera edici\u00f3n de los <strong>playoffs <\/strong>que seguir\u00e1n a la fase de liga y preceder\u00e1n a los<strong> octavos de final<\/strong> se produzca un choque que, a priori, pod\u00eda proyectarse en una final: <strong>Real Madrid y Manchester City<\/strong> chocar\u00e1n en esta instancia que dejar\u00e1 prematuramente a uno de estos gigantes en la cuneta del principal torneo de clubes de Europa.<\/p>\n<\/div>\n<div class=\"sc-80531b6b-0 chRIGJ container-text text-embed\">\n<p>El brasile\u00f1o Thiago Alc\u00e2ntara, campe\u00f3n de este certamen en 2011 con Barcelona y en 2020 con Bayern M\u00fanich, fue el encargado de extraer las bolas que delinearon los cruces de los playoffs durante el sorteo se celebr\u00f3 en la Casa del F\u00fatbol Europeo en Nyon (<strong>Suiza<\/strong>). Si bien el nivel de <strong>incertidumbre<\/strong> resultaba acotado porque los enfrentamientos se determinaban por un sistema de parejas, era grande el inter\u00e9s por conocer el destino de los 16 clubes que pasar\u00e1n por este moderno purgatorio con el objetivo de acceder a los octavos de final.<\/p>\n<\/div>\n<div class=\"sc-80531b6b-0 chRIGJ container-text text-embed\">\n<p><strong>Real Madrid<\/strong>, vigente campe\u00f3n y m\u00e1ximo ganador de este certamen (lo obtuvo 15 veces), sab\u00eda de antemano que su rival ser\u00eda uno de los superpoderosos del <em>Viejo Continente<\/em>: <strong>Manchester City <\/strong>o <strong>Bayern M\u00fanich<\/strong>. Las manos de Thiago Alc\u00e2ntara lo pusieron cara a cara con el conjunto ingl\u00e9s, que debi\u00f3 sudar para evitar la eliminaci\u00f3n y reci\u00e9n pudo colarse por una claraboya en los playoffs gracias a su triunfo en la \u00faltima fecha de la fase de liga ante Brujas.<\/p>\n<\/div>\n<div class=\"sc-80531b6b-0 chRIGJ container-text text-embed\">\n<p>Esta ser\u00e1 la <strong>sexta vez<\/strong> en las \u00faltimas 10 ediciones de la Champions que estos conjuntos se medir\u00e1n en una instancia de eliminaci\u00f3n directa, entre ellas en las \u00faltimas tres. En la 2021\/22, el Madrid se impuso en una de las semifinales. En la 2022\/23 triunf\u00f3 el City en la misma instancia. Y en la 2023\/24 el <em>Merengue <\/em>sali\u00f3 airoso en los cuartos de final. <strong>En esos tres casos, el ganador de esa llave termin\u00f3 siendo campe\u00f3n<\/strong>. Esta vez, el choque de ida ser\u00e1 en suelo ingl\u00e9s y la revancha, en el Santiago Bernab\u00e9u.<\/p>\n<\/div>\n<div class=\"sc-198be8ec-0 cynXbu image-embed  image-embed \"><picture class=\"sc-198be8ec-1 kOjRiQ\"><source media=\"(min-width: 975px)\" width=\"720\" height=\"480\" \/><img alt=\"Manchester City se clasific\u00f3 a los playoffs gracias a su victoria ante Brujas en la \u00faltima fecha de la fase de liga. Foto: Mike Egerton \/ PA v\u00eda AP.\" loading=\"lazy\" width=\"720\" height=\"480\" decoding=\"async\" data-nimg=\"1\" style=\"color:transparent\" src=\"https:\/\/13.com.ar\/wp-content\/uploads\/2025\/01\/Manchester-City-y-Real-Madrid-el-nuevo-clasico-que-va.jpg\"\/><span class=\"epigraphe\">Manchester City se clasific\u00f3 a los playoffs gracias a su victoria ante Brujas en la \u00faltima fecha de la fase de liga. Foto: Mike Egerton \/ PA v\u00eda AP.<\/span><span class=\"bkg\"\/><span class=\"picture-open\"><button class=\"open-image\" aria-label=\"Open Image\"\/><\/span><\/picture><\/div>\n<div class=\"sc-80531b6b-0 chRIGJ container-text text-embed\">\n<p>A Bayern M\u00fanich el sorteo de este viernes le permiti\u00f3 evitar a Real Madrid y encontrarse con un cruce bastante m\u00e1s accesible: el s\u00e9xtuple campe\u00f3n de este torneo se medir\u00e1 con el <strong>Celtic <\/strong>escoc\u00e9s. El otro conjunto alem\u00e1n que competir\u00e1 en los playoffs, <strong>Borussia Dortmund<\/strong>, que el a\u00f1o pasado perdi\u00f3 la final ante Real Madrid, enfrentar\u00e1 a <strong>Sporting de Lisboa<\/strong>.<\/p>\n<\/div>\n<div class=\"sc-80531b6b-0 chRIGJ container-text text-embed\">\n<p>Dos cruces entre equipos italianos y neerlandeses, todos ellos ganadores de este trofeo, ofrecer\u00e1 esta instancia: <strong>Juventus<\/strong>, de muy irregular temporada tanto en la Champions como en la Serie A, se medir\u00e1 con <strong>PSV Eindhoven<\/strong>, l\u00edder de la liga de su pa\u00eds, y <strong>Milan <\/strong>chocar\u00e1 con <strong>Feyenoord<\/strong>. El tercer equipo italiano que intervendr\u00e1 en los playoffs, <strong>Atalanta<\/strong>, tendr\u00e1 como adversario al <strong>Brujas <\/strong>belga.<\/p>\n<\/div>\n<div class=\"sc-198be8ec-0 cynXbu image-embed  image-embed \"><picture class=\"sc-198be8ec-1 kOjRiQ\"><source media=\"(min-width: 975px)\" width=\"720\" height=\"480\" \/><img alt=\"Benfica ser\u00e1 rival de M\u00f3naco en los playoffs de la Champions League. Foto: Alessandro Di Marco \/ ANSA.\" loading=\"lazy\" width=\"720\" height=\"480\" decoding=\"async\" data-nimg=\"1\" style=\"color:transparent\" src=\"https:\/\/13.com.ar\/wp-content\/uploads\/2025\/01\/1738329014_227_Manchester-City-y-Real-Madrid-el-nuevo-clasico-que-va.jpg\"\/><span class=\"epigraphe\">Benfica ser\u00e1 rival de M\u00f3naco en los playoffs de la Champions League. Foto: Alessandro Di Marco \/ ANSA.<\/span><span class=\"bkg\"\/><span class=\"picture-open\"><button class=\"open-image\" aria-label=\"Open Image\"\/><\/span><\/picture><\/div>\n<div class=\"sc-80531b6b-0 chRIGJ container-text text-embed\">\n<p>En tanto, el <strong>Benfica <\/strong>de \u00c1ngel Di Mar\u00eda, Nicol\u00e1s Otamendi, Benjam\u00edn Rollheiser y Gianluca Prestianni enfrentar\u00e1 a <strong>M\u00f3naco<\/strong>. Y <strong>Par\u00eds Saint-Germain<\/strong>, que consigui\u00f3 seguir en carrera gracias a tres victorias en las \u00faltimas tres jornadas de la fase de liga, protagonizar\u00e1 un duelo franc\u00e9s con el debutante <strong>Brest<\/strong>.<\/p>\n<\/div>\n<div class=\"sc-80531b6b-0 chRIGJ container-text text-embed\">\n<p>Los duelos de ida de los playoffs se disputar\u00e1n entre el 11 y el 12 de febrero, mientras que las revanchas se jugar\u00e1n entre el 18 y el 19 de ese mes. Los ocho ganadores de estos cruces avanzar\u00e1n a los octavos de final, a los que ya accedieron los primeros ocho de la fase de liga: Liverpool, Barcelona, Arsenal, Inter, Atl\u00e9tico de Madrid, Bayer Leverkusen, Lille y Aston Villa.<\/p>\n<\/div>\n<div class=\"sc-198be8ec-0 cynXbu image-embed  image-embed \"><picture class=\"sc-198be8ec-1 kOjRiQ\"><source media=\"(min-width: 975px)\" width=\"720\" height=\"480\" \/><img alt=\"As\u00ed qued\u00f3 el cuadro de la Champions League tras el sorteo de los playoffs.\" loading=\"lazy\" width=\"720\" height=\"480\" decoding=\"async\" data-nimg=\"1\" style=\"color:transparent\" src=\"https:\/\/13.com.ar\/wp-content\/uploads\/2025\/01\/1738329014_255_Manchester-City-y-Real-Madrid-el-nuevo-clasico-que-va.jpg\"\/><span class=\"epigraphe\">As\u00ed qued\u00f3 el cuadro de la Champions League tras el sorteo de los playoffs.<\/span><span class=\"bkg\"\/><span class=\"picture-open\"><button class=\"open-image\" aria-label=\"Open Image\"\/><\/span><\/picture><\/div>\n<p><h2>Los cruces de los playoffs<\/h2>\n<\/p>\n<div class=\"sc-80531b6b-0 chRIGJ container-text text-embed\">\n<ul>\n<li>Real Madrid \u2013 Manchester City<\/li>\n<\/ul>\n<\/div>\n<div class=\"sc-80531b6b-0 chRIGJ container-text text-embed\">\n<ul>\n<li>Bayern M\u00fanich \u2013 Celtic<\/li>\n<\/ul>\n<\/div>\n<div class=\"sc-80531b6b-0 chRIGJ container-text text-embed\">\n<ul>\n<li>Borussia Dortmund \u2013 Sporting de Lisboa<\/li>\n<\/ul>\n<\/div>\n<div class=\"sc-80531b6b-0 chRIGJ container-text text-embed\">\n<ul>\n<li>Par\u00eds Saint-Germain \u2013 Brest<\/li>\n<\/ul>\n<\/div>\n<\/div>\n<p><br \/>\n<br \/><a href=\"https:\/\/www.clarin.com\/deportes\/sorteo-champions-league-dejo-final-anticipada-playoffs-manchester-city-real-madrid-nuevo-clasico-va-cuarta-temporada_0_vdCiOYkP6s.html\">Fuente Clarin.com <\/a><\/p>\n","protected":false},"excerpt":{"rendered":"<p>El nuevo formato de la Champions League permitir\u00e1 que en la primera edici\u00f3n de los playoffs que seguir\u00e1n a la fase de liga y preceder\u00e1n a los octavos de final se produzca un choque que, a priori, pod\u00eda proyectarse en una final: Real Madrid y Manchester City chocar\u00e1n en esta instancia que dejar\u00e1 prematuramente a [&hellip;]<\/p>\n","protected":false},"author":1,"featured_media":908,"comment_status":"open","ping_status":"open","sticky":false,"template":"","format":"standard","meta":{"footnotes":""},"categories":[2],"tags":[1365,1766,2203,102,2202,14,142,101,2204],"class_list":["post-907","post","type-post","status-publish","format-standard","has-post-thumbnail","hentry","category-ultimas-noticias","tag-city","tag-clasico","tag-cuarta","tag-madrid","tag-manchester","tag-nuevo","tag-por","tag-real","tag-temporada"],"_links":{"self":[{"href":"https:\/\/13.com.ar\/index.php\/wp-json\/wp\/v2\/posts\/907","targetHints":{"allow":["GET"]}}],"collection":[{"href":"https:\/\/13.com.ar\/index.php\/wp-json\/wp\/v2\/posts"}],"about":[{"href":"https:\/\/13.com.ar\/index.php\/wp-json\/wp\/v2\/types\/post"}],"author":[{"embeddable":true,"href":"https:\/\/13.com.ar\/index.php\/wp-json\/wp\/v2\/users\/1"}],"replies":[{"embeddable":true,"href":"https:\/\/13.com.ar\/index.php\/wp-json\/wp\/v2\/comments?post=907"}],"version-history":[{"count":0,"href":"https:\/\/13.com.ar\/index.php\/wp-json\/wp\/v2\/posts\/907\/revisions"}],"wp:featuredmedia":[{"embeddable":true,"href":"https:\/\/13.com.ar\/index.php\/wp-json\/wp\/v2\/media\/908"}],"wp:attachment":[{"href":"https:\/\/13.com.ar\/index.php\/wp-json\/wp\/v2\/media?parent=907"}],"wp:term":[{"taxonomy":"category","embeddable":true,"href":"https:\/\/13.com.ar\/index.php\/wp-json\/wp\/v2\/categories?post=907"},{"taxonomy":"post_tag","embeddable":true,"href":"https:\/\/13.com.ar\/index.php\/wp-json\/wp\/v2\/tags?post=907"}],"curies":[{"name":"wp","href":"https:\/\/api.w.org\/{rel}","templated":true}]}}