{"id":9065,"date":"2025-03-01T03:28:28","date_gmt":"2025-03-01T06:28:28","guid":{"rendered":"https:\/\/13.com.ar\/index.php\/un-hombre-amenazo-y-choco-a-dos-jovenes-con-su-camioneta-luego-de-que-le-recriminaran-haber-arrojado-basura-a-la-calle\/"},"modified":"2025-03-01T03:28:28","modified_gmt":"2025-03-01T06:28:28","slug":"un-hombre-amenazo-y-choco-a-dos-jovenes-con-su-camioneta-luego-de-que-le-recriminaran-haber-arrojado-basura-a-la-calle","status":"publish","type":"post","link":"https:\/\/13.com.ar\/index.php\/un-hombre-amenazo-y-choco-a-dos-jovenes-con-su-camioneta-luego-de-que-le-recriminaran-haber-arrojado-basura-a-la-calle\/","title":{"rendered":"Un hombre amenaz\u00f3 y choc\u00f3 a dos j\u00f3venes con su camioneta luego de que le recriminaran haber arrojado basura a la calle"},"content":{"rendered":"<p> <br \/>\n<br \/><img decoding=\"async\" src=\"https:\/\/13.com.ar\/wp-content\/uploads\/2025\/03\/Un-hombre-amenazo-y-choco-a-dos-jovenes-con-su.jpg\" \/><\/p>\n<div>\n<p>Todo comenz\u00f3 cuando dos j\u00f3venes le<strong> recriminaron al conductor de una camioneta<\/strong>, mientras se encontraban detenidos en un sem\u00e1foro en rojo, haber arrojado basura a la calle. Desde el otro lado, no recibieron la respuesta que esperaban. El hombre justific\u00f3 su acci\u00f3n, luego los <strong>amenaz\u00f3<\/strong> y, finalmente, los <strong>choc\u00f3 con su veh\u00edculo<\/strong>.<\/p>\n<\/div>\n<div>\n<p>El hecho, que se viraliz\u00f3 en las redes sociales en las \u00faltimas horas, ocurri\u00f3 en la Recta Martinolli, a la altura de la Mujer Urbana, en una zona frecuentemente transitada, al noroeste de la ciudad de C\u00f3rdoba. <\/p>\n<\/div>\n<div>\n<p>&#8220;\u00bfQui\u00e9n te pens\u00e1s que sos para tirar basura en la calle?&#8221;, plante\u00f3 el joven que manejaba el coche que fue colisionado, mientras su amiga, que se encontraba en el asiento del acompa\u00f1ante, registraba el di\u00e1logo. &#8220;Ah, \u00bfqu\u00e9&#8230; vos no las tir\u00e1s?&#8221;, contest\u00f3 el agresor, quien fue identificado con el nombre de Ramiro.<\/p>\n<\/div>\n<div>\n<p>La discusi\u00f3n continu\u00f3 unos instantes m\u00e1s y el atacante, visiblemente molesto, lanz\u00f3: \u201cNo me bajo porque sino te hago cagar a vos y a tu marido\u201d. Acto seguido, les cruz\u00f3 la camioneta y con la parte trasera los choc\u00f3 a prop\u00f3sito. Pese al incidente, afortunadamente ninguno de los dos sufri\u00f3 lesiones.<\/p>\n<\/div>\n<div>\n<p>M\u00e1s tarde, la joven present\u00f3 la denuncia policial e hizo un descargo en las redes sociales, donde public\u00f3 el video de la agresi\u00f3n. \u201cMi gente hermosa de C\u00f3rdoba. Les comparto lo que nos pas\u00f3 ayer a un amigo y a m\u00ed, camino a casa. Ayuden compartiendo para que, al menos, la sociedad lo lleve a comportarse como se debe\u201d, indic\u00f3 Consuelo Mart\u00ednez Reyna desde su cuenta de Instagram. Y agreg\u00f3: \u201cEra tan simple como bajarse de la camioneta y juntar la basura&#8221;.<\/p>\n<\/div>\n<div>\n<p>Ante la repercusi\u00f3n que tuvo el posteo, que llev\u00f3 al agresor a eliminar sus cuentas de redes sociales por el repudio que gener\u00f3, la joven volvi\u00f3 a escribir: &#8220;\u00a1Gracias a todos por el apoyo! No queremos incitar a la violencia. S\u00f3lo generar conciencia&#8221;<\/p>\n<\/div>\n<div>\n<p>Y concluy\u00f3: &#8220;Solo esperamos que de estos salgan buenas acciones, no queremos alimentar el resto. Gracias&#8221;.<\/p>\n<\/div>\n<p><br \/>\n<br \/><a href=\"https:\/\/www.clarin.com\/sociedad\/hombre-amenazo-choco-jovenes-camioneta-luego-recriminaran-arrojado-basura-calle_0_kFoapOccz2.html\">Fuente Clarin.com <\/a><\/p>\n","protected":false},"excerpt":{"rendered":"<p>Todo comenz\u00f3 cuando dos j\u00f3venes le recriminaron al conductor de una camioneta, mientras se encontraban detenidos en un sem\u00e1foro en rojo, haber arrojado basura a la calle. Desde el otro lado, no recibieron la respuesta que esperaban. El hombre justific\u00f3 su acci\u00f3n, luego los amenaz\u00f3 y, finalmente, los choc\u00f3 con su veh\u00edculo. El hecho, que [&hellip;]<\/p>\n","protected":false},"author":1,"featured_media":9066,"comment_status":"open","ping_status":"open","sticky":false,"template":"","format":"standard","meta":{"footnotes":""},"categories":[2],"tags":[6029,10093,4912,520,921,900,18,59,1105,532,2922,1875,10092],"class_list":["post-9065","post","type-post","status-publish","format-standard","has-post-thumbnail","hentry","category-ultimas-noticias","tag-amenazo","tag-arrojado","tag-basura","tag-calle","tag-camioneta","tag-choco","tag-con","tag-dos","tag-haber","tag-hombre","tag-jovenes","tag-luego","tag-recriminaran"],"_links":{"self":[{"href":"https:\/\/13.com.ar\/index.php\/wp-json\/wp\/v2\/posts\/9065","targetHints":{"allow":["GET"]}}],"collection":[{"href":"https:\/\/13.com.ar\/index.php\/wp-json\/wp\/v2\/posts"}],"about":[{"href":"https:\/\/13.com.ar\/index.php\/wp-json\/wp\/v2\/types\/post"}],"author":[{"embeddable":true,"href":"https:\/\/13.com.ar\/index.php\/wp-json\/wp\/v2\/users\/1"}],"replies":[{"embeddable":true,"href":"https:\/\/13.com.ar\/index.php\/wp-json\/wp\/v2\/comments?post=9065"}],"version-history":[{"count":0,"href":"https:\/\/13.com.ar\/index.php\/wp-json\/wp\/v2\/posts\/9065\/revisions"}],"wp:featuredmedia":[{"embeddable":true,"href":"https:\/\/13.com.ar\/index.php\/wp-json\/wp\/v2\/media\/9066"}],"wp:attachment":[{"href":"https:\/\/13.com.ar\/index.php\/wp-json\/wp\/v2\/media?parent=9065"}],"wp:term":[{"taxonomy":"category","embeddable":true,"href":"https:\/\/13.com.ar\/index.php\/wp-json\/wp\/v2\/categories?post=9065"},{"taxonomy":"post_tag","embeddable":true,"href":"https:\/\/13.com.ar\/index.php\/wp-json\/wp\/v2\/tags?post=9065"}],"curies":[{"name":"wp","href":"https:\/\/api.w.org\/{rel}","templated":true}]}}