{"id":9060,"date":"2025-03-01T01:22:31","date_gmt":"2025-03-01T04:22:31","guid":{"rendered":"https:\/\/13.com.ar\/index.php\/feriado-con-lluvias-el-pronostico-del-clima-en-buenos-aires-para-el-puente-de-carnaval-2025\/"},"modified":"2025-03-01T01:22:31","modified_gmt":"2025-03-01T04:22:31","slug":"feriado-con-lluvias-el-pronostico-del-clima-en-buenos-aires-para-el-puente-de-carnaval-2025","status":"publish","type":"post","link":"https:\/\/13.com.ar\/index.php\/feriado-con-lluvias-el-pronostico-del-clima-en-buenos-aires-para-el-puente-de-carnaval-2025\/","title":{"rendered":"\u00bfFeriado con lluvias? El pron\u00f3stico del clima en Buenos Aires para el puente de Carnaval 2025"},"content":{"rendered":"<p> <br \/>\n<\/p>\n<div id=\"cuerpo\">\n<div class=\"sc-80531b6b-0 chRIGJ container-text text-embed\">\n<p>Se aproxima el fin de semana largo de Carnaval, que durar\u00e1 cuatro d\u00edas, desde el s\u00e1bado 1 hasta el martes 4 de marzo, permiti\u00e9ndole a muchas personas realizar una escapada.<\/p>\n<\/div>\n<div class=\"sc-80531b6b-0 chRIGJ container-text text-embed\">\n<p>Sin embargo, el clima en la Ciudad de Buenos Aires fue bastante inestable durante la semana, lo que lleva a muchas personas a preguntarse c\u00f3mo estar\u00e1 el tiempo el fin de semana para planificar qu\u00e9 hacer. Para ello,<strong> el Servicio Meteorol\u00f3gico Nacional (SMN) ya brind\u00f3 su pron\u00f3stico.<\/strong><\/p>\n<\/div>\n<p><h2>\u00bfC\u00f3mo estar\u00e1 el clima el fin de semana largo de Carnaval en Buenos Aires?<\/h2>\n<\/p>\n<div class=\"sc-80531b6b-0 chRIGJ container-text text-embed\">\n<p>Seg\u00fan el SMN, <strong>nuevos eventos de lluvias y tormentas fuertes podr\u00edan desarrollarse durante el fin de semana<\/strong> y los feriados en gran parte de la provincia de Buenos Aires y en la Ciudad Aut\u00f3noma.<\/p>\n<\/div>\n<div class=\"sc-198be8ec-0 cynXbu image-embed  image-embed \"><picture class=\"sc-198be8ec-1 kOjRiQ\"><source media=\"(min-width: 975px)\" width=\"720\" height=\"480\" \/><img alt=\"Pron\u00f3stico del Servicio Meteorol\u00f3gico Nacional para el fin de semana largo.\" loading=\"lazy\" width=\"720\" height=\"480\" decoding=\"async\" data-nimg=\"1\" style=\"color:transparent\" src=\"https:\/\/13.com.ar\/wp-content\/uploads\/2025\/03\/\u00bfFeriado-con-lluvias-El-pronostico-del-clima-en-Buenos-Aires.jpg\"\/><span class=\"epigraphe\">Pron\u00f3stico del Servicio Meteorol\u00f3gico Nacional para el fin de semana largo.<\/span><span class=\"bkg\"\/><span class=\"picture-open\"><button class=\"open-image\" aria-label=\"Open Image\"\/><\/span><\/picture><\/div>\n<div class=\"sc-80531b6b-0 chRIGJ container-text text-embed\">\n<p><strong>Para el s\u00e1bado, se esperan tormentas durante la madrugada,<\/strong> con una probabilidad de entre un 40 y 70 porciento, mientras que por la noche la probabilidad disminuir\u00e1 a un rango de entre un 10 y 40 porciento en la Ciudad Aut\u00f3noma de Buenos Aires y los alrededores. <strong>La temperatura m\u00ednima ser\u00e1 de aproximadamente 23 grados, y la m\u00e1xima alcanzar\u00e1 los 29 grados.<\/strong> Por lo que, durante la tarde, se podr\u00e1 disfrutar de un d\u00eda mayormente nublado.<\/p>\n<\/div>\n<div class=\"sc-80531b6b-0 chRIGJ container-text text-embed\">\n<p><strong>Mientras que el domingo, las probabilidades de lluvias bajan a un rango de entre un 10 y 40 porciento.<\/strong> Sin embargo, el SMN indica que podr\u00edan registrarse tormentas aisladas durante el d\u00eda.<strong> La temperatura m\u00ednima ser\u00e1 de 23 grados, mientras que la m\u00e1xima alcanzar\u00e1 los 28 grados.<\/strong> El cielo permanecer\u00e1 mayormente nublado durante toda la jornada.<\/p>\n<\/div>\n<div class=\"sc-80531b6b-0 chRIGJ container-text text-embed\">\n<p><strong>El lunes y el martes ya no se esperan lluvias, seg\u00fan el SMN, y las temperaturas comenzar\u00e1n a subir.<\/strong> El cielo estar\u00e1 mayormente nublado en ambos d\u00edas, con una temperatura m\u00ednima de 24 grados y una m\u00e1xima.<\/p>\n<\/div>\n<div class=\"sc-198be8ec-0 cynXbu image-embed  image-embed \"><picture class=\"sc-198be8ec-1 kOjRiQ\"><source media=\"(min-width: 975px)\" width=\"720\" height=\"480\" \/><img alt=\"Algunas personas utilizan el fin de semana largo para descansar. Foto: iStock.\" loading=\"lazy\" width=\"720\" height=\"480\" decoding=\"async\" data-nimg=\"1\" style=\"color:transparent\" src=\"https:\/\/13.com.ar\/wp-content\/uploads\/2025\/03\/1740802951_977_\u00bfFeriado-con-lluvias-El-pronostico-del-clima-en-Buenos-Aires.jpg\"\/><span class=\"epigraphe\">Algunas personas utilizan el fin de semana largo para descansar. Foto: iStock.<\/span><span class=\"bkg\"\/><span class=\"picture-open\"><button class=\"open-image\" aria-label=\"Open Image\"\/><\/span><\/picture><\/div>\n<p><h2>\u00bfC\u00f3mo estar\u00e1 el clima en la Costa Argentina el fin de semana largo de Carnaval?<\/h2>\n<\/p>\n<div class=\"sc-80531b6b-0 chRIGJ container-text text-embed\">\n<p>El cielo en la Costa Argentina estar\u00e1 mayormente nublado durante los cuatro d\u00edas, y en algunos se presentar\u00e1n tormentas, como es el caso del s\u00e1bado.<strong> Seg\u00fan el SMN, se esperan tormentas fuertes durante la madrugada,<\/strong> pero luego, durante el d\u00eda, el clima permitir\u00e1 disfrutar de la playa, con <strong>una temperatura m\u00ednima de 20 grados y una m\u00e1xima de 25.<\/strong><\/p>\n<\/div>\n<div class=\"sc-80531b6b-0 chRIGJ container-text text-embed\">\n<p><strong>Para el domingo, se esperan tormentas aisladas durante el d\u00eda, con temperaturas de 17 grados de m\u00ednima y 24 de m\u00e1xima.<\/strong> Mientras que el lunes, tambi\u00e9n podr\u00edan registrarse tormentas durante la madrugada, con temperaturas similares.<\/p>\n<\/div>\n<div class=\"sc-80531b6b-0 chRIGJ container-text text-embed\">\n<p>El martes, las lluvias ya no aparecen en los registros disponibles hasta el momento, por lo que se podr\u00e1 disfrutar de la playa en cualquier momento del d\u00eda, <strong>con una temperatura m\u00ednima de 20 grados y una m\u00e1xima de 25.<\/strong><\/p>\n<\/div>\n<\/div>\n<p><br \/>\n<br \/><a href=\"https:\/\/www.clarin.com\/informacion-general\/feriado-lluvias-pronostico-clima-buenos-aires-puente-carnaval-2025_0_ST3ZWoN5Gn.html\">Fuente Clarin.com <\/a><\/p>\n","protected":false},"excerpt":{"rendered":"<p>Se aproxima el fin de semana largo de Carnaval, que durar\u00e1 cuatro d\u00edas, desde el s\u00e1bado 1 hasta el martes 4 de marzo, permiti\u00e9ndole a muchas personas realizar una escapada. Sin embargo, el clima en la Ciudad de Buenos Aires fue bastante inestable durante la semana, lo que lleva a muchas personas a preguntarse c\u00f3mo [&hellip;]<\/p>\n","protected":false},"author":1,"featured_media":9061,"comment_status":"open","ping_status":"open","sticky":false,"template":"","format":"standard","meta":{"footnotes":""},"categories":[2],"tags":[328,327,657,1511,18,100,10091,1206,16,9376,1391],"class_list":["post-9060","post","type-post","status-publish","format-standard","has-post-thumbnail","hentry","category-ultimas-noticias","tag-aires","tag-buenos","tag-carnaval","tag-clima","tag-con","tag-del","tag-feriado","tag-lluvias","tag-para","tag-pronostico","tag-puente"],"_links":{"self":[{"href":"https:\/\/13.com.ar\/index.php\/wp-json\/wp\/v2\/posts\/9060","targetHints":{"allow":["GET"]}}],"collection":[{"href":"https:\/\/13.com.ar\/index.php\/wp-json\/wp\/v2\/posts"}],"about":[{"href":"https:\/\/13.com.ar\/index.php\/wp-json\/wp\/v2\/types\/post"}],"author":[{"embeddable":true,"href":"https:\/\/13.com.ar\/index.php\/wp-json\/wp\/v2\/users\/1"}],"replies":[{"embeddable":true,"href":"https:\/\/13.com.ar\/index.php\/wp-json\/wp\/v2\/comments?post=9060"}],"version-history":[{"count":0,"href":"https:\/\/13.com.ar\/index.php\/wp-json\/wp\/v2\/posts\/9060\/revisions"}],"wp:featuredmedia":[{"embeddable":true,"href":"https:\/\/13.com.ar\/index.php\/wp-json\/wp\/v2\/media\/9061"}],"wp:attachment":[{"href":"https:\/\/13.com.ar\/index.php\/wp-json\/wp\/v2\/media?parent=9060"}],"wp:term":[{"taxonomy":"category","embeddable":true,"href":"https:\/\/13.com.ar\/index.php\/wp-json\/wp\/v2\/categories?post=9060"},{"taxonomy":"post_tag","embeddable":true,"href":"https:\/\/13.com.ar\/index.php\/wp-json\/wp\/v2\/tags?post=9060"}],"curies":[{"name":"wp","href":"https:\/\/api.w.org\/{rel}","templated":true}]}}