{"id":901,"date":"2025-01-31T09:45:30","date_gmt":"2025-01-31T12:45:30","guid":{"rendered":"https:\/\/13.com.ar\/index.php\/nuevas-hipotesis-y-video-14-desaparecidos-y-mucha-informacion-para-analizar\/"},"modified":"2025-01-31T09:45:30","modified_gmt":"2025-01-31T12:45:30","slug":"nuevas-hipotesis-y-video-14-desaparecidos-y-mucha-informacion-para-analizar","status":"publish","type":"post","link":"https:\/\/13.com.ar\/index.php\/nuevas-hipotesis-y-video-14-desaparecidos-y-mucha-informacion-para-analizar\/","title":{"rendered":"nuevas hip\u00f3tesis y video, 14 desaparecidos y &#8220;mucha informaci\u00f3n&#8221; para analizar"},"content":{"rendered":"<p> <br \/>\n<\/p>\n<div id=\"cuerpo\">\n<div class=\"sc-80531b6b-0 chRIGJ container-text text-embed\">\n<p>Los investigadores en Estados Unidos han recuperado las grabadoras de datos de vuelo, tambi\u00e9n conocidas como cajas negras, del avi\u00f3n de American Airlines con 64 personas a bordo que choc\u00f3 el mi\u00e9rcoles a la noche <strong>con un helic\u00f3ptero del ej\u00e9rcito<\/strong> estadounidense cerca de Washington DC.<\/p>\n<\/div>\n<div class=\"sc-80531b6b-0 chRIGJ container-text text-embed\">\n<p>En la tragedia murieron todos los involucrados, entre ellos un argentino y su hijo nacido en Chile. <\/p>\n<\/div>\n<div class=\"sc-ad4aedf2-0 dPPgNJ border-video video-embed horizontal border-video video-embed horizontal\">\n<div class=\"sc-ad4aedf2-1 hnFuni videoText videoText\">\n<h2>Video<\/h2>\n<div>\n<p>El accidente ocurri\u00f3 en el Aeropuerto Nacional Reagan, cerca de Washington DC.<\/p>\n<\/div>\n<\/div>\n<\/div>\n<div class=\"sc-80531b6b-0 chRIGJ container-text text-embed\">\n<p>La Junta Nacional de Seguridad en el Transporte<strong> dijo que tiene &#8220;mucha informaci\u00f3n, <\/strong>pero&#8230; necesita algo de tiempo para verificarla&#8221; y que <strong>se emitir\u00e1 un informe preliminar en 30 d\u00edas.<\/strong><\/p>\n<\/div>\n<div class=\"sc-80531b6b-0 chRIGJ container-text text-embed\">\n<p>Algunos datos han comenzado a salir a la luz. Por ejemplo, The New York Times informa este viernes, que previ\u00f3 al accidente, se le pidi\u00f3 al avi\u00f3n que cambiara de pista. Otro informe preliminar dice que el n\u00famero de controladores en la Torre en la noche del accidente &#8220;no era normal&#8221;.<\/p>\n<\/div>\n<div class=\"sc-198be8ec-0 cynXbu image-embed  image-embed \"><picture class=\"sc-198be8ec-1 kOjRiQ\"><source media=\"(min-width: 975px)\" width=\"720\" height=\"480\" \/><img alt=\"La Guardia Costera se acerca a un trozo del avi\u00f3n. Foto: AP\" loading=\"lazy\" width=\"720\" height=\"480\" decoding=\"async\" data-nimg=\"1\" style=\"color:transparent\" src=\"https:\/\/13.com.ar\/wp-content\/uploads\/2025\/01\/nuevas-hipotesis-y-video-14-desaparecidos-y-mucha-informacion-para.jpg\"\/><span class=\"epigraphe\">La Guardia Costera se acerca a un trozo del avi\u00f3n. Foto: AP<\/span><span class=\"bkg\"\/><span class=\"picture-open\"><button class=\"open-image\" aria-label=\"Open Image\"\/><\/span><\/picture><\/div>\n<div class=\"sc-80531b6b-0 chRIGJ container-text text-embed\">\n<p>La Administraci\u00f3n Federal de Aviaci\u00f3n (FAA) que<strong> una sola persona esta abocada a dos tareas a la vez.<\/strong><\/p>\n<\/div>\n<div class=\"sc-80531b6b-0 chRIGJ container-text text-embed\">\n<p>Si bien ya han trascendido los nombres de algunos de los pasajeros del avi\u00f3n y de los tres pilotos del helic\u00f3ptero Black Hawk del ej\u00e9rcito, <strong>hay 14 personas que siguen desaparecidas. <\/strong>Este viernes se las buscaba en las aguas heladas del Potomac, donde cayeron ambas naves.<\/p>\n<\/div>\n<p><iframe title=\"Detalle de la colisi\u00f3n\" aria-label=\"Mapas de ubicaci\u00f3n\" id=\"datawrapper-chart-3cvCE\" src=\"https:\/\/datawrapper.dwcdn.net\/3cvCE\/1\/\" scrolling=\"no\" frameborder=\"0\" style=\"width: 0; min-width: 100% !important; border: none;\" height=\"834\" data-external=\"1\"><\/iframe><\/p>\n<div class=\"sc-80531b6b-0 chRIGJ container-text text-embed\">\n<p>Seg\u00fan inform\u00f3 la CNN, que cita varias fuentes relacionadas con el rescate, los esfuerzos para recuperar los cuerpos <strong>se suspendieron al caer la noche en Washington.<\/strong><\/p>\n<\/div>\n<p><h2>El accidente a\u00e9reo en Washington<\/h2>\n<\/p>\n<div class=\"sc-80531b6b-0 chRIGJ container-text text-embed\">\n<p>El siniestro ocurri\u00f3 cuando un helic\u00f3ptero militar, con tres personas a bordo, y un avi\u00f3n comercial Bombardier CRJ700 de American Eagle (filial regional de American Airlines), con 60 pasajeros y cuatro tripulantes, colisionaron el mi\u00e9rcoles sobre las 20:48 hora local en el momento de la aproximaci\u00f3n de este \u00faltimo al aeropuerto Ronald Reagan (DCA) de Washington.<\/p>\n<\/div>\n<div class=\"sc-80531b6b-0 chRIGJ container-text text-embed\">\n<p>Se trata del accidente a\u00e9reo m\u00e1s mort\u00edfero en Estados Unidos desde 2001.<\/p>\n<\/div>\n<p><iframe title=\"Accidente en Washington DC\" aria-label=\"Mapas de ubicaci\u00f3n\" id=\"datawrapper-chart-c1CXx\" src=\"https:\/\/datawrapper.dwcdn.net\/c1CXx\/1\/\" scrolling=\"no\" frameborder=\"0\" style=\"width: 0; min-width: 100% !important; border: none;\" height=\"693\" data-external=\"1\"><\/iframe><\/p>\n<div class=\"sc-80531b6b-0 chRIGJ container-text text-embed\">\n<p>CNN tambi\u00e9n inform\u00f3 que un d\u00eda antes del incidente, otro vuelo que se acercaba al Aeropuerto Nacional Reagan <strong>se vio obligado a abortar su primer aterrizaje<\/strong> despu\u00e9s de que un helic\u00f3ptero vol\u00f3 cerca de su trayectoria de vuelo. <\/p>\n<\/div>\n<div class=\"sc-80531b6b-0 chRIGJ container-text text-embed\">\n<p>El jefe del Pent\u00e1gono hab\u00eda dicho el jueves que <strong>se hab\u00eda cometido &#8220;un error&#8221;<\/strong> en el helic\u00f3ptero relacionado con el control de la elevaci\u00f3n del aparato, sin dar m\u00e1s detalles. <strong>Trump culp\u00f3 a las pol\u00edticas de igualdad de g\u00e9nero e inclusi\u00f3n de las fuerzas armadas y a Joe Bide<\/strong>n por la tragedia.<\/p>\n<\/div>\n<div class=\"sc-ad4aedf2-0 dPPgNJ border-video video-embed horizontal border-video video-embed horizontal\">\n<div class=\"sc-ad4aedf2-1 hnFuni videoText videoText\">\n<h2>Video<\/h2>\n<p>Accidente a\u00e9reo en Washington: Donald Trump promete una investigaci\u00f3n exhaustiva y apunta contra Joe Biden y Barack Obama<\/p>\n<\/div>\n<\/div>\n<div class=\"sc-80531b6b-0 chRIGJ container-text text-embed\">\n<p>Siempre seg\u00fan CNN, los expertos en aviaci\u00f3n est\u00e1n expresando su preocupaci\u00f3n de que <strong>el piloto del helic\u00f3ptero haya juzgado mal la posici\u00f3n del avi\u00f3n de American Airlines<\/strong>, confundiendo una luz m\u00e1s brillante y en movimiento en el cielo nocturno con el avi\u00f3n que le hab\u00edan ordenado que rastreara.<\/p>\n<\/div>\n<p><h2>Nuevo video del accidente<\/h2>\n<\/p>\n<div class=\"sc-80531b6b-0 chRIGJ container-text text-embed\">\n<p>\u201cVemos otras luces en el \u00e1rea, en particular una luz brillante de otro avi\u00f3n, cuando la torre de control de tr\u00e1fico a\u00e9reo pregunt\u00f3 al helic\u00f3ptero:<em> &#8216;\u00bfTiene el avi\u00f3n a la vista?&#8217;<\/em>\u201d Mary Schiavo, analista de aviaci\u00f3n y ex inspectora general de Departamento de Transporte, dijo el viernes Kasie Hunt de CNN.<\/p>\n<\/div>\n<div class=\"sc-106e49c0-0 dcVumd freeHtml-embed undefined\">\n<blockquote class=\"twitter-tweet\">\n<p lang=\"en\" dir=\"ltr\">New footage has emerged showing yesterday&#8217;s mid-air collision between a US military helicopter and an American Airlines plane over Washington, D.C.&#8221; <a rel=\"nofollow\" target=\"_blank\" href=\"https:\/\/t.co\/MOa3Q74ko6\">pic.twitter.com\/MOa3Q74ko6<\/a><\/p>\n<p>\u2014 Mohd Ali (@AliMohd97576) <a rel=\"nofollow\" target=\"_blank\" href=\"https:\/\/twitter.com\/AliMohd97576\/status\/1885302946042085722?ref_src=twsrc%5Etfw\">January 31, 2025<\/a><\/p><\/blockquote>\n<\/div>\n<div class=\"sc-80531b6b-0 chRIGJ container-text text-embed\">\n<p>\u201cLa primera vez que vi ese video, me enfoqu\u00e9 en la luz en movimiento, no en la luz estacionaria, que en realidad no estaba estacionaria. Es s\u00f3lo una cuesti\u00f3n de punto de vista. Existe la preocupaci\u00f3n de que el piloto del helic\u00f3ptero se haya centrado en la luz m\u00e1s brillante y en movimiento y<strong> la haya confundido con el avi\u00f3n que se supon\u00eda que deb\u00eda seguir<\/strong>\u201d, a\u00f1adi\u00f3.<\/p>\n<\/div>\n<div class=\"sc-80531b6b-0 chRIGJ container-text text-embed\">\n<p><strong>Volar de noche<\/strong> presenta desaf\u00edos para los pilotos, se\u00f1al\u00f3 Schiavo: &#8220;Cuando vol\u00e1s de noche,<strong> el movimiento de las luces es lo primero en lo que te concentr\u00e1s<\/strong> y ten\u00e9s que aprender que<strong> eso puede ser una distracci\u00f3n<\/strong>&#8220;.<\/p>\n<\/div>\n<div class=\"sc-80531b6b-0 chRIGJ container-text text-embed\">\n<p>&#8220;El helic\u00f3ptero estaba en la ruta de vuelo habitual para los helic\u00f3pteros en Washington, DC, <strong>pero puede haber sido demasiado alto,<\/strong> posiblemente no en su altitud asignada o en la altitud t\u00edpica para este tipo de operaciones, <strong>que est\u00e1 por debajo de la ruta de aterrizaje del aeropuerto<\/strong>&#8220;, dijo. dicho.<\/p>\n<\/div>\n<div class=\"sc-80531b6b-0 chRIGJ container-text text-embed\">\n<p><em>Con informaci\u00f3n de agencias, The New York Times, CNN y BBC News<\/em><\/p>\n<\/div>\n<\/div>\n<p><script async src=\"\/\/platform.twitter.com\/widgets.js\" charset=\"utf-8\"><\/script><br \/>\n<br \/><br \/>\n<br \/><a href=\"https:\/\/www.clarin.com\/mundo\/accidente-aereo-washington-nuevas-hipotesis-14-desaparecidos-mucha-informacion-analizar_0_CCp48PKK0N.html\">Fuente Clarin.com <\/a><\/p>\n","protected":false},"excerpt":{"rendered":"<p>Los investigadores en Estados Unidos han recuperado las grabadoras de datos de vuelo, tambi\u00e9n conocidas como cajas negras, del avi\u00f3n de American Airlines con 64 personas a bordo que choc\u00f3 el mi\u00e9rcoles a la noche con un helic\u00f3ptero del ej\u00e9rcito estadounidense cerca de Washington DC. En la tragedia murieron todos los involucrados, entre ellos un [&hellip;]<\/p>\n","protected":false},"author":1,"featured_media":902,"comment_status":"open","ping_status":"open","sticky":false,"template":"","format":"standard","meta":{"footnotes":""},"categories":[2],"tags":[2198,2195,2194,2197,2196,2193,16,200],"class_list":["post-901","post","type-post","status-publish","format-standard","has-post-thumbnail","hentry","category-ultimas-noticias","tag-analizar","tag-desaparecidos","tag-hipotesis","tag-informacion","tag-mucha","tag-nuevas","tag-para","tag-video"],"_links":{"self":[{"href":"https:\/\/13.com.ar\/index.php\/wp-json\/wp\/v2\/posts\/901","targetHints":{"allow":["GET"]}}],"collection":[{"href":"https:\/\/13.com.ar\/index.php\/wp-json\/wp\/v2\/posts"}],"about":[{"href":"https:\/\/13.com.ar\/index.php\/wp-json\/wp\/v2\/types\/post"}],"author":[{"embeddable":true,"href":"https:\/\/13.com.ar\/index.php\/wp-json\/wp\/v2\/users\/1"}],"replies":[{"embeddable":true,"href":"https:\/\/13.com.ar\/index.php\/wp-json\/wp\/v2\/comments?post=901"}],"version-history":[{"count":0,"href":"https:\/\/13.com.ar\/index.php\/wp-json\/wp\/v2\/posts\/901\/revisions"}],"wp:featuredmedia":[{"embeddable":true,"href":"https:\/\/13.com.ar\/index.php\/wp-json\/wp\/v2\/media\/902"}],"wp:attachment":[{"href":"https:\/\/13.com.ar\/index.php\/wp-json\/wp\/v2\/media?parent=901"}],"wp:term":[{"taxonomy":"category","embeddable":true,"href":"https:\/\/13.com.ar\/index.php\/wp-json\/wp\/v2\/categories?post=901"},{"taxonomy":"post_tag","embeddable":true,"href":"https:\/\/13.com.ar\/index.php\/wp-json\/wp\/v2\/tags?post=901"}],"curies":[{"name":"wp","href":"https:\/\/api.w.org\/{rel}","templated":true}]}}