{"id":8960,"date":"2025-02-28T17:09:44","date_gmt":"2025-02-28T20:09:44","guid":{"rendered":"https:\/\/13.com.ar\/index.php\/lineas-afectadas-e-impacto-en-subtes-y-colectivos\/"},"modified":"2025-02-28T17:09:44","modified_gmt":"2025-02-28T20:09:44","slug":"lineas-afectadas-e-impacto-en-subtes-y-colectivos","status":"publish","type":"post","link":"https:\/\/13.com.ar\/index.php\/lineas-afectadas-e-impacto-en-subtes-y-colectivos\/","title":{"rendered":"l\u00edneas afectadas e impacto en subtes y colectivos"},"content":{"rendered":"<p> <br \/>\n<\/p>\n<div id=\"cuerpo\">\n<div class=\"sc-80531b6b-0 chRIGJ container-text text-embed\">\n<p>El <strong>sindicato ferroviario La Fraternidad<\/strong>, dirigido por <strong>Omar Maturano<\/strong>, confirm\u00f3 que este <strong>s\u00e1bado <\/strong>1 de marzo no circular\u00e1n trenes<strong> en el \u00c1rea Metropolitana de Buenos Aires (AMBA). <\/strong><\/p>\n<\/div>\n<div class=\"sc-80531b6b-0 chRIGJ container-text text-embed\">\n<p>De esta forma, el gremio anunci\u00f3 una<strong> paralizaci\u00f3n total del servicio durante las 24 horas del s\u00e1bado<\/strong>, previo a las festividades por los d\u00edas de Carnaval, que afectar\u00e1 <strong>todas l\u00edneas del AMBA.<\/strong><\/p>\n<\/div>\n<div class=\"sc-80531b6b-0 chRIGJ container-text text-embed\">\n<p>Aunque se\u00f1alaron que la suspensi\u00f3n <strong>se debe a la celebraci\u00f3n del D\u00eda del Ferroviario en Argentina<\/strong>, esta medida marca <strong>\u201cel comienzo del plan de protesta\u201d<\/strong> por demandas salariales.<\/p>\n<\/div>\n<p><h2>\u00bfQu\u00e9 l\u00edneas de trenes se ver\u00e1n afectadas por el paro del 1 de marzo?<\/h2>\n<\/p>\n<div class=\"sc-80531b6b-0 chRIGJ container-text text-embed\">\n<p>Entre las l\u00edneas que no tendr\u00e1n servicio el pr\u00f3ximo s\u00e1bado 1 de marzo se encuentran:<\/p>\n<\/div>\n<p><h3>Estado del subte, s\u00e1bado 1 de marzo<\/h3>\n<\/p>\n<div class=\"sc-80531b6b-0 chRIGJ container-text text-embed\">\n<p>Los<strong> trenes de larga distancia ser\u00e1n la excepci\u00f3n<\/strong> y<strong> cumplir\u00e1n con los viajes<\/strong> previstos para evitar perjudicar a las personas que sacaron con anticipaci\u00f3n sus pasajes. As\u00ed mismo,<strong> el subte funcionar\u00e1 con normalidad.<\/strong><\/p>\n<\/div>\n<div class=\"sc-198be8ec-0 cynXbu image-embed  image-embed \"><picture class=\"sc-198be8ec-1 kOjRiQ\"><source media=\"(min-width: 975px)\" width=\"720\" height=\"480\" \/><img alt=\"Los trenes de larga distancia no se ver\u00e1n afectados por el paro.&#10;Foto: Maxi Failla - FTP CLARIN \" loading=\"lazy\" width=\"720\" height=\"480\" decoding=\"async\" data-nimg=\"1\" style=\"color:transparent\" src=\"https:\/\/13.com.ar\/wp-content\/uploads\/2025\/02\/lineas-afectadas-e-impacto-en-subtes-y-colectivos.jpg\"\/><span class=\"epigraphe\">Los trenes de larga distancia no se ver\u00e1n afectados por el paro.<br \/>\nFoto: Maxi Failla &#8211; FTP CLARIN <\/span><span class=\"bkg\"\/><span class=\"picture-open\"><button class=\"open-image\" aria-label=\"Open Image\"\/><\/span><\/picture><\/div>\n<div class=\"sc-80531b6b-0 chRIGJ container-text text-embed\">\n<p>&#8220;<strong>El 1 de marzo cada conductor y cada ayudante perteneciente a La Fraternidad y afiliados se tomar\u00e1 el D\u00eda del Ferroviario y no prestar\u00e1 servicio<\/strong>, en conmemoraci\u00f3n al<strong> 1\u00b0 de marzo de 1948<\/strong>, cuando el general, Juan Domingo Per\u00f3n, nacionaliz\u00f3 los ferrocarriles&#8221;, indic\u00f3 el gremio.<\/p>\n<\/div>\n<p><h2>\u00bfPor qu\u00e9 hay paro de trenes el 1 de marzo?<\/h2>\n<\/p>\n<div class=\"sc-80531b6b-0 chRIGJ container-text text-embed\">\n<p>La medida de fuerza es una<strong> reacci\u00f3n ante la negativa de Trenes Argentinos de conceder el feriado a sus empleados por el D\u00eda del Ferroviario<\/strong>, una fecha que est\u00e1 incluida en el convenio colectivo de trabajo, y que los maquinistas solicitaron de forma masiva en el marco del conflicto salarial que afecta al sector.<\/p>\n<\/div>\n<div class=\"sc-80531b6b-0 chRIGJ container-text text-embed\">\n<p>El plan inicial era que los<strong> maquinistas de los trenes del AMBA t<\/strong>tomaran el D\u00eda del Ferroviario y notificaran<strong> personalmente su decisi\u00f3n <\/strong>a la empresa. Sin embargo, <strong>el sindicato opt\u00f3 por convocar el paro <\/strong>despu\u00e9s de que Trenes Argentinos comenzara a<strong> presionar <\/strong>al personal para que cumpliera con sus funciones.<\/p>\n<\/div>\n<div class=\"sc-198be8ec-0 cynXbu image-embed  image-embed \"><picture class=\"sc-198be8ec-1 kOjRiQ\"><source media=\"(min-width: 975px)\" width=\"720\" height=\"480\" \/><img alt=\"La medida de fuerza del s\u00e1bado representar\u00eda el &quot;inicio de una lucha&quot; por los aumentos salariales.&#10;Foto: FTP Clar\u00edn.\" loading=\"lazy\" width=\"720\" height=\"480\" decoding=\"async\" data-nimg=\"1\" style=\"color:transparent\" src=\"https:\/\/13.com.ar\/wp-content\/uploads\/2025\/02\/1740773384_372_lineas-afectadas-e-impacto-en-subtes-y-colectivos.jpg\"\/><span class=\"epigraphe\">La medida de fuerza del s\u00e1bado representar\u00eda el &#8220;inicio de una lucha&#8221; por los aumentos salariales.<br \/>\nFoto: FTP Clar\u00edn.<\/span><span class=\"bkg\"\/><span class=\"picture-open\"><button class=\"open-image\" aria-label=\"Open Image\"\/><\/span><\/picture><\/div>\n<div class=\"sc-80531b6b-0 chRIGJ container-text text-embed\">\n<p>Desde La Fraternidad se\u00f1alaron que<strong> la decisi\u00f3n de no presentarse a trabajar el 1\u00b0 de marzo fue tomada en un plenario de bases<\/strong> realizado el <strong>28 de enero<\/strong>, durante un paro de seis horas en demanda de mejoras salariales.<\/p>\n<\/div>\n<div class=\"sc-80531b6b-0 chRIGJ container-text text-embed\">\n<p>En esa reuni\u00f3n,<strong> se acord\u00f3 que cada trabajador deb\u00eda informar de manera individual a la empresa su decisi\u00f3n de no prestar servicio<\/strong> en el D\u00eda del Ferroviario. No obstante, debido a las presiones de Trenes Argentinos, que inst\u00f3 a los empleados a trabajar igualmente, el sindicato opt\u00f3 por <strong>formalizar el paro <\/strong>a trav\u00e9s de una carta documento.<\/p>\n<\/div>\n<div class=\"sc-80531b6b-0 chRIGJ container-text text-embed\">\n<p>El conflicto se da en el<strong> marco de las negociaciones salariales <\/strong>y el paro del 1 de marzo representa<strong> <\/strong>el<strong> &#8220;inicio de una lucha&#8221; <\/strong>y posibles <strong>nuevas medidas de fuerza.<\/strong><\/p>\n<\/div>\n<p><h2>\u00bfCu\u00e1l es el reclamo salarial de los maquinistas?<\/h2>\n<\/p>\n<div class=\"sc-80531b6b-0 chRIGJ container-text text-embed\">\n<p><strong>La Fraternidad<\/strong> exige una<strong> recomposici\u00f3n del 46% <\/strong>debido a la<strong> p\u00e9rdida del poder adquisitivo durante el primer a\u00f1o de gesti\u00f3n de Javier Milei. <\/strong>Seg\u00fan el sindicato, los salarios del personal ferroviario est\u00e1n congelados desde hace <strong>nueve meses.<\/strong> <\/p>\n<\/div>\n<div class=\"sc-80531b6b-0 chRIGJ container-text text-embed\">\n<p>La <strong>\u00faltima oferta del Gobierno<\/strong> fue un aumento del<strong> 3,5% en cuotas<\/strong>, propuesta que fue rechazada por considerarse insuficiente. <\/p>\n<\/div>\n<div class=\"sc-80531b6b-0 chRIGJ container-text text-embed\">\n<p><strong>\u201cDesde octubre venimos reclamando<\/strong>, pero no nos ofrecieron lo que ped\u00edamos. Nos impusieron un aumento, no lo aceptamos y por eso decidimos hacer una medida de fuerza\u201d, indic\u00f3 <strong>Omar Maturano <\/strong>en un comunicado.<\/p>\n<\/div>\n<div class=\"sc-80531b6b-0 chRIGJ container-text text-embed\">\n<p>Al ratificar el paro de este s\u00e1bado, el gremio <strong>advirti\u00f3 que podr\u00eda intensificar las medidas<\/strong> si no se atienden sus reclamos. A pesar de que aseguraron que el servicio de trenes <strong>funcionar\u00e1 con normalidad el domingo, lunes 3 y martes 4 de marzo,<\/strong> un plenario de bases se reunir\u00e1 el 1 de marzo para decidir los pr\u00f3ximos pasos a seguir.<\/p>\n<\/div>\n<p><h2>Paro de colectivos UTA: qu\u00e9 l\u00edneas se ver\u00e1n afectadas<\/h2>\n<\/p>\n<div class=\"sc-80531b6b-0 chRIGJ container-text text-embed\">\n<p>El gremio, en <strong>representaci\u00f3n a los choferes de colectivos <\/strong>en las diferentes regiones del pa\u00eds, anunci\u00f3 mediante un comunicado una <strong>paralizaci\u00f3n del servicio <\/strong>durante el pr\u00f3ximo <strong>mi\u00e9rcoles 5 de marzo.<\/strong><\/p>\n<\/div>\n<div class=\"sc-80531b6b-0 chRIGJ container-text text-embed\">\n<p>El paro de colectivos <strong>comenzar\u00eda a partir de las 00:00 hs<\/strong> y se mantendr\u00eda durante<strong> 24 horas.<\/strong><\/p>\n<\/div>\n<div class=\"sc-80531b6b-0 chRIGJ container-text text-embed\">\n<p>La medida de fuerza <strong>ser\u00e1 implementada por la seccional Catamarca-La Rioja<\/strong>, lo que provocar\u00e1 que <strong>ambas provincias se vean afectadas<\/strong> por la interrupci\u00f3n del servicio, a menos que las c\u00e1maras empresariales tomen las medidas necesarias para resolver la situaci\u00f3n laboral y evitar el paro.<\/p>\n<\/div>\n<\/div>\n<p><br \/>\n<br \/><a href=\"https:\/\/www.clarin.com\/internacional\/paro-trenes-manana-1-marzo-amba-lineas-afectadas-impacto-subtes-colectivos_0_a0AmVxsO5D.html\">Fuente Clarin.com <\/a><\/p>\n","protected":false},"excerpt":{"rendered":"<p>El sindicato ferroviario La Fraternidad, dirigido por Omar Maturano, confirm\u00f3 que este s\u00e1bado 1 de marzo no circular\u00e1n trenes en el \u00c1rea Metropolitana de Buenos Aires (AMBA). De esta forma, el gremio anunci\u00f3 una paralizaci\u00f3n total del servicio durante las 24 horas del s\u00e1bado, previo a las festividades por los d\u00edas de Carnaval, que afectar\u00e1 [&hellip;]<\/p>\n","protected":false},"author":1,"featured_media":8961,"comment_status":"open","ping_status":"open","sticky":false,"template":"","format":"standard","meta":{"footnotes":""},"categories":[2],"tags":[3487,6914,1988,8430,9919],"class_list":["post-8960","post","type-post","status-publish","format-standard","has-post-thumbnail","hentry","category-ultimas-noticias","tag-afectadas","tag-colectivos","tag-impacto","tag-lineas","tag-subtes"],"_links":{"self":[{"href":"https:\/\/13.com.ar\/index.php\/wp-json\/wp\/v2\/posts\/8960","targetHints":{"allow":["GET"]}}],"collection":[{"href":"https:\/\/13.com.ar\/index.php\/wp-json\/wp\/v2\/posts"}],"about":[{"href":"https:\/\/13.com.ar\/index.php\/wp-json\/wp\/v2\/types\/post"}],"author":[{"embeddable":true,"href":"https:\/\/13.com.ar\/index.php\/wp-json\/wp\/v2\/users\/1"}],"replies":[{"embeddable":true,"href":"https:\/\/13.com.ar\/index.php\/wp-json\/wp\/v2\/comments?post=8960"}],"version-history":[{"count":0,"href":"https:\/\/13.com.ar\/index.php\/wp-json\/wp\/v2\/posts\/8960\/revisions"}],"wp:featuredmedia":[{"embeddable":true,"href":"https:\/\/13.com.ar\/index.php\/wp-json\/wp\/v2\/media\/8961"}],"wp:attachment":[{"href":"https:\/\/13.com.ar\/index.php\/wp-json\/wp\/v2\/media?parent=8960"}],"wp:term":[{"taxonomy":"category","embeddable":true,"href":"https:\/\/13.com.ar\/index.php\/wp-json\/wp\/v2\/categories?post=8960"},{"taxonomy":"post_tag","embeddable":true,"href":"https:\/\/13.com.ar\/index.php\/wp-json\/wp\/v2\/tags?post=8960"}],"curies":[{"name":"wp","href":"https:\/\/api.w.org\/{rel}","templated":true}]}}