{"id":8958,"date":"2025-02-28T17:07:14","date_gmt":"2025-02-28T20:07:14","guid":{"rendered":"https:\/\/13.com.ar\/index.php\/puede-volver-cuando-este-listo-para-la-paz\/"},"modified":"2025-02-28T17:07:14","modified_gmt":"2025-02-28T20:07:14","slug":"puede-volver-cuando-este-listo-para-la-paz","status":"publish","type":"post","link":"https:\/\/13.com.ar\/index.php\/puede-volver-cuando-este-listo-para-la-paz\/","title":{"rendered":"Puede volver cuando est\u00e9 listo para la paz"},"content":{"rendered":"<p> <br \/>\n<br \/><img decoding=\"async\" src=\"https:\/\/13.com.ar\/wp-content\/uploads\/2025\/02\/Puede-volver-cuando-este-listo-para-la-paz.jpg\" \/><\/p>\n<div>\n<p><strong>Donald Trump<\/strong> public\u00f3 un mensaje en su red Truth Social despu\u00e9s del tenso cruce a los gritos con Volodimir Zelenski en pleno Sal\u00f3n Oval. El presidente de Estados Unidos acus\u00f3 a su par de Ucrania de &#8220;faltarle el respeto&#8221; a su pa\u00eds y lanz\u00f3: &#8220;Puede volver cuando est\u00e9 listo para la paz&#8221;.<\/p>\n<\/div>\n<div>\n<p>&#8220;Tuvimos una reuni\u00f3n muy significativa en la Casa Blanca&#8221;, fue la primera evaluaci\u00f3n de Trump, tras el encuentro con Zelenski en el que hubo gritos y portazos y hasta acusaci\u00f3n al presidente ucraniano de &#8220;estar jugando con una tercera guerra mundial&#8221;, en plenas negociaciones para alcanzar un acuerdo y acabar con la guerra con Rusia.<\/p>\n<\/div>\n<div>\n<p>&#8220;Se aprendi\u00f3 mucho que nunca se podr\u00eda entender sin una conversaci\u00f3n bajo tanto fuego y presi\u00f3n. Es sorprendente lo que sale a la luz a trav\u00e9s de la emoci\u00f3n&#8221;, escribi\u00f3 Trump en el comunicado posterior al debate que se transmiti\u00f3 en vivo y en directo. &#8220;He visto que el presidente Zelenski no est\u00e1 listo para la paz si Estados Unidos est\u00e1 involucrado, porque siente que nuestra participaci\u00f3n le da una gran ventaja en las negociaciones&#8221;, sostuvo el republicano.<\/p>\n<\/div>\n<div>\n<p>&#8220;No quiero ventajas, quiero PAZ&#8221;, enfatiz\u00f3. Acus\u00f3 a Zelenski de &#8220;faltarle el respeto a los Estados Unidos&#8221; por su desplante en el &#8220;apreciado Sal\u00f3n Oval&#8221;. Y concluy\u00f3: <strong>&#8220;Puede volver cuando est\u00e9 listo para la paz&#8221;.<\/strong><\/p>\n<\/div>\n<div>\n<p>Tambi\u00e9n hubo un descargo de Zelenski en las redes sociales, donde pidi\u00f3 una &#8220;paz justa y duradera&#8221; en Ucrania.<\/p>\n<\/div>\n<div>\n<p>&#8220;Gracias Estados Unidos, gracias por tu apoyo, gracias por esta visita. Gracias al Presidente, al Congreso y al pueblo estadounidense. Ucrania necesita una paz justa y duradera, y estamos trabajando para lograrlo&#8221;, escribi\u00f3 el mandatario ucraniano.<\/p>\n<\/div>\n<div>\n<p>El encuentro entre ambos presidentes tuvo lugar este viernes en Washington, en medio de negociaciones de un acuerdo comercial por las riquezas minerales de Ucrania y el eventual acuerdo de paz con Rusia.<\/p>\n<\/div>\n<div>\n<p>&#8220;No se trata de una guerra entre Estados Unidos y Rusia. Es una guerra de Rusia contra Ucrania&#8221;, dijo Zelenski, que tild\u00f3 a Vladimir Putin de &#8220;asesino&#8221; y subray\u00f3 que no quiere &#8220;acuerdos&#8221; con \u00e9l.<\/p>\n<\/div>\n<div>\n<p>En el medio se meti\u00f3 el posible acuerdo comercial. Trump record\u00f3 que la ayuda militar y econ\u00f3mica a Ucrania en plena guerra con Rusia fue un &#8220;pr\u00e9stamo&#8221;. Por eso, enfatiz\u00f3: &#8220;Queremos que nos devuelvan ese dinero&#8221;.<\/p>\n<\/div>\n<div>\n<p>Hubo una intervenci\u00f3n del vicepresidente de Estados Unidos, JD Vance, que critic\u00f3 a Zelenski por su desplante y su &#8220;falta de respeto&#8221; en pleno Sal\u00f3n Oval. Fue muy duro, poco despu\u00e9s, el mismo Trump. &#8220;Est\u00e1s jugando con la tercera guerra mundial&#8221;, se\u00f1al\u00f3 a Zelenski. &#8220;Est\u00e1s jugando con la vida de millones de personas&#8221;, sigui\u00f3 el republicano, que le dijo al ucraniano que &#8220;no est\u00e1 en posici\u00f3n&#8221; de negociar porque &#8220;no tiene las cartas&#8221;.<\/p>\n<\/div>\n<p><br \/>\n<br \/><a href=\"https:\/\/www.clarin.com\/mundo\/mensaje-donald-trump-cruce-gritos-zelenski-salon-oval-puede-volver-listo-paz_0_R7tV0fz8nJ.html\">Fuente Clarin.com <\/a><\/p>\n","protected":false},"excerpt":{"rendered":"<p>Donald Trump public\u00f3 un mensaje en su red Truth Social despu\u00e9s del tenso cruce a los gritos con Volodimir Zelenski en pleno Sal\u00f3n Oval. El presidente de Estados Unidos acus\u00f3 a su par de Ucrania de &#8220;faltarle el respeto&#8221; a su pa\u00eds y lanz\u00f3: &#8220;Puede volver cuando est\u00e9 listo para la paz&#8221;. &#8220;Tuvimos una reuni\u00f3n [&hellip;]<\/p>\n","protected":false},"author":1,"featured_media":8959,"comment_status":"open","ping_status":"open","sticky":false,"template":"","format":"standard","meta":{"footnotes":""},"categories":[2],"tags":[677,139,2427,16,1309,136,1928],"class_list":["post-8958","post","type-post","status-publish","format-standard","has-post-thumbnail","hentry","category-ultimas-noticias","tag-cuando","tag-este","tag-listo","tag-para","tag-paz","tag-puede","tag-volver"],"_links":{"self":[{"href":"https:\/\/13.com.ar\/index.php\/wp-json\/wp\/v2\/posts\/8958","targetHints":{"allow":["GET"]}}],"collection":[{"href":"https:\/\/13.com.ar\/index.php\/wp-json\/wp\/v2\/posts"}],"about":[{"href":"https:\/\/13.com.ar\/index.php\/wp-json\/wp\/v2\/types\/post"}],"author":[{"embeddable":true,"href":"https:\/\/13.com.ar\/index.php\/wp-json\/wp\/v2\/users\/1"}],"replies":[{"embeddable":true,"href":"https:\/\/13.com.ar\/index.php\/wp-json\/wp\/v2\/comments?post=8958"}],"version-history":[{"count":0,"href":"https:\/\/13.com.ar\/index.php\/wp-json\/wp\/v2\/posts\/8958\/revisions"}],"wp:featuredmedia":[{"embeddable":true,"href":"https:\/\/13.com.ar\/index.php\/wp-json\/wp\/v2\/media\/8959"}],"wp:attachment":[{"href":"https:\/\/13.com.ar\/index.php\/wp-json\/wp\/v2\/media?parent=8958"}],"wp:term":[{"taxonomy":"category","embeddable":true,"href":"https:\/\/13.com.ar\/index.php\/wp-json\/wp\/v2\/categories?post=8958"},{"taxonomy":"post_tag","embeddable":true,"href":"https:\/\/13.com.ar\/index.php\/wp-json\/wp\/v2\/tags?post=8958"}],"curies":[{"name":"wp","href":"https:\/\/api.w.org\/{rel}","templated":true}]}}