{"id":891,"date":"2025-01-31T09:28:43","date_gmt":"2025-01-31T12:28:43","guid":{"rendered":"https:\/\/13.com.ar\/index.php\/previo-al-choque-en-washington-se-le-pidio-al-piloto-del-avion-que-cambiara-de-pista\/"},"modified":"2025-01-31T09:28:43","modified_gmt":"2025-01-31T12:28:43","slug":"previo-al-choque-en-washington-se-le-pidio-al-piloto-del-avion-que-cambiara-de-pista","status":"publish","type":"post","link":"https:\/\/13.com.ar\/index.php\/previo-al-choque-en-washington-se-le-pidio-al-piloto-del-avion-que-cambiara-de-pista\/","title":{"rendered":"Previo al choque en Washington, se le pidi\u00f3 al piloto del avi\u00f3n que cambiara de pista"},"content":{"rendered":"<p> <br \/>\n<br \/><img decoding=\"async\" src=\"https:\/\/13.com.ar\/wp-content\/uploads\/2025\/01\/Previo-al-choque-en-Washington-se-le-pidio-al-piloto.jpg\" \/><\/p>\n<div>\n<p>El avi\u00f3n ten\u00eda permiso para aterrizar en la pista principal del aeropuerto nacional Reagan. <\/p>\n<\/div>\n<div>\n<p>Pero en los momentos finales del vuelo, el control de tr\u00e1fico a\u00e9reo pidi\u00f3 al piloto que aterrizara<strong> en otra pista<\/strong> que se cruzaba con la principal.<\/p>\n<\/div>\n<div>\n<p>Poco antes de que un avi\u00f3n regional de<strong> American Airlines<\/strong> y un helic\u00f3ptero del ej\u00e9rcito colisionaran cerca del aeropuerto nacional Reagan el mi\u00e9rcoles por la noche, se les pidi\u00f3 a los pilotos del avi\u00f3n que cambiaran su ruta de aterrizaje de una pista a otra, seg\u00fan una persona informada del suceso y conversaciones escuchadas en grabaciones de audio de conversaciones que se produjeron entre un controlador a\u00e9reo y los pilotos.<\/p>\n<\/div>\n<div>\n<p>El <strong>vuelo 5342 <\/strong>de American Airlines, que se dirig\u00eda a Washington desde Wichita, Kansas, hab\u00eda sido autorizado inicialmente por la torre de control de tr\u00e1fico del aeropuerto nacional a aterrizar en la pista principal del aeropuerto, denominada pista 1, seg\u00fan revel\u00f3 la persona informada de los hechos y las grabaciones de audio.<\/p>\n<\/div>\n<div>\n<p>Pero en los instantes finales del vuelo, seg\u00fan esta persona y estas grabaciones, el control a\u00e9reo pidi\u00f3 al piloto del reactor que realizara un aterrizaje en c\u00edrculo en una pista separada que se cruzaba, <strong>la pista 33.<\/strong><\/p>\n<\/div>\n<div>\n<p>Esta decisi\u00f3n, seg\u00fan la persona que fue informada del suceso y otras dos personas familiarizadas con el tr\u00e1fico a\u00e9reo del aeropuerto, es habitual cuando se trata de aviones regionales como el de American Airlines, y puede haberse tomado para ayudar a que el tr\u00e1fico a\u00e9reo circulara con eficacia y no obstruyera la pista principal. <\/p>\n<\/div>\n<div>\n<p>No obstante, el jueves por la ma\u00f1ana esto suscit\u00f3 dudas en la Administraci\u00f3n Federal de Aviaci\u00f3n (FAA por su sigla en ingl\u00e9s) sobre la<strong> congesti\u00f3n <\/strong>en el aeropuerto nacional, uno de los m\u00e1s transitados del pa\u00eds, a\u00f1adi\u00f3 la persona informada sobre el suceso.<\/p>\n<\/div>\n<div>\n<p>Esto tambi\u00e9n plantea interrogantes sobre qu\u00e9 tan seguro es utilizar pistas que se cruzan, dijo la persona informada del suceso, las cuales la FAA ha intentado eliminar o cerrar en los \u00faltimos a\u00f1os en lugares como Chicago y Dallas debido a la preocupaci\u00f3n por la congesti\u00f3n en tierra.<\/p>\n<\/div>\n<div>\n<p>Los portavoces de la FAA y de American Airlines no respondieron a las solicitudes de comentarios.<\/p>\n<\/div>\n<div>\n<p><em>Kate Kelly escribe de temas financieros, pol\u00edtica e influencia para el Times. <\/em><\/p>\n<\/div>\n<div>\n<p><em>Emily Steel es una periodista de investigaci\u00f3n que cubre temas empresariales para The Times. Ha revelado casos de acoso sexual en grandes empresas y recientemente se ha enfocado en cuestiones de seguridad a\u00e9rea.<\/em><\/p>\n<\/div>\n<div>\n<p><strong>c. 2025 The New York Times Company<\/strong><\/p>\n<\/div>\n<p><br \/>\n<br \/><a href=\"https:\/\/www.clarin.com\/new-york-times-international-weekly\/previo-choque-washington-pidio-piloto-avion-cambiara-pista_0_mnxiWd0hYR.html\">Fuente Clarin.com <\/a><\/p>\n","protected":false},"excerpt":{"rendered":"<p>El avi\u00f3n ten\u00eda permiso para aterrizar en la pista principal del aeropuerto nacional Reagan. Pero en los momentos finales del vuelo, el control de tr\u00e1fico a\u00e9reo pidi\u00f3 al piloto que aterrizara en otra pista que se cruzaba con la principal. Poco antes de que un avi\u00f3n regional de American Airlines y un helic\u00f3ptero del ej\u00e9rcito [&hellip;]<\/p>\n","protected":false},"author":1,"featured_media":892,"comment_status":"open","ping_status":"open","sticky":false,"template":"","format":"standard","meta":{"footnotes":""},"categories":[2],"tags":[1418,2181,428,100,318,1598,2149,2180,1424],"class_list":["post-891","post","type-post","status-publish","format-standard","has-post-thumbnail","hentry","category-ultimas-noticias","tag-avion","tag-cambiara","tag-choque","tag-del","tag-pidio","tag-piloto","tag-pista","tag-previo","tag-washington"],"_links":{"self":[{"href":"https:\/\/13.com.ar\/index.php\/wp-json\/wp\/v2\/posts\/891","targetHints":{"allow":["GET"]}}],"collection":[{"href":"https:\/\/13.com.ar\/index.php\/wp-json\/wp\/v2\/posts"}],"about":[{"href":"https:\/\/13.com.ar\/index.php\/wp-json\/wp\/v2\/types\/post"}],"author":[{"embeddable":true,"href":"https:\/\/13.com.ar\/index.php\/wp-json\/wp\/v2\/users\/1"}],"replies":[{"embeddable":true,"href":"https:\/\/13.com.ar\/index.php\/wp-json\/wp\/v2\/comments?post=891"}],"version-history":[{"count":0,"href":"https:\/\/13.com.ar\/index.php\/wp-json\/wp\/v2\/posts\/891\/revisions"}],"wp:featuredmedia":[{"embeddable":true,"href":"https:\/\/13.com.ar\/index.php\/wp-json\/wp\/v2\/media\/892"}],"wp:attachment":[{"href":"https:\/\/13.com.ar\/index.php\/wp-json\/wp\/v2\/media?parent=891"}],"wp:term":[{"taxonomy":"category","embeddable":true,"href":"https:\/\/13.com.ar\/index.php\/wp-json\/wp\/v2\/categories?post=891"},{"taxonomy":"post_tag","embeddable":true,"href":"https:\/\/13.com.ar\/index.php\/wp-json\/wp\/v2\/tags?post=891"}],"curies":[{"name":"wp","href":"https:\/\/api.w.org\/{rel}","templated":true}]}}