{"id":889,"date":"2025-01-31T09:25:56","date_gmt":"2025-01-31T12:25:56","guid":{"rendered":"https:\/\/13.com.ar\/index.php\/el-festivo-y-necesario-regreso-del-museo-sivori\/"},"modified":"2025-01-31T09:25:56","modified_gmt":"2025-01-31T12:25:56","slug":"el-festivo-y-necesario-regreso-del-museo-sivori","status":"publish","type":"post","link":"https:\/\/13.com.ar\/index.php\/el-festivo-y-necesario-regreso-del-museo-sivori\/","title":{"rendered":"El festivo y necesario regreso del Museo S\u00edvori"},"content":{"rendered":"<p> <br \/>\n<\/p>\n<div id=\"cuerpo\">\n<div class=\"sc-80531b6b-0 chRIGJ container-text text-embed\">\n<p>Siempre que una instituci\u00f3n cultural se inaugura o vuelve a abrir es una gran oportunidad para el presente y el futuro de una comunidad. Lo contrario es una enorme p\u00e9rdida. A fin de diciembre, luego de cuatro meses y medio de cierre por remodelaciones, reabri\u00f3 el <strong>Museo de Artes Pl\u00e1sticas Eduardo S\u00edvori <\/strong>con un doble festejo porque se sum\u00f3 la inauguraci\u00f3n del <strong>68\u00b0 Sal\u00f3n Manuel Belgrano<\/strong>.<\/p>\n<\/div>\n<div class=\"sc-80531b6b-0 chRIGJ container-text text-embed\">\n<p>Desde entonces, el edificio se encuentra \u201ctomado\u201d por las 220 obras seleccionadas y premiadas exhibidas por las salas, hall, pasillos y auditorio. Se inscribieron 971 artistas, mientras que en la edici\u00f3n anterior hab\u00edan sido 703. \u201cSi bien la ausencia del Sal\u00f3n Nacional colabor\u00f3 para sumar nuevos participantes, tambi\u00e9n los artistas que se identifican con este premio, a los que se suman hoy los m\u00e1s j\u00f3venes, buscan el SMB como un espacio institucional para mostrar sus producciones, como tambi\u00e9n otros artistas visuales contempor\u00e1neos que habitualmente no participan en salones, pero que esta vez decidieron sumarse justamente al ser un certamen que premia la trayectoria\u201d, analiz\u00f3 la directora del S\u00edvori, <strong>Teresa Riccardi<\/strong>, ante la consulta de <strong>\u00d1<\/strong>.<\/p>\n<\/div>\n<div class=\"sc-198be8ec-0 cynXbu image-embed  image-embed \"><picture class=\"sc-198be8ec-1 kOjRiQ\"><source media=\"(min-width: 975px)\" width=\"720\" height=\"480\" \/><img alt=\"Memoria de astronauta, de Emilio Reato, 1\u00b0 Premio en Pintura.\" loading=\"lazy\" width=\"720\" height=\"480\" decoding=\"async\" data-nimg=\"1\" style=\"color:transparent\" src=\"https:\/\/13.com.ar\/wp-content\/uploads\/2025\/01\/El-festivo-y-necesario-regreso-del-Museo-Sivori.jpg\"\/><span class=\"epigraphe\">Memoria de astronauta, de Emilio Reato, 1\u00b0 Premio en Pintura.<\/span><span class=\"bkg\"\/><span class=\"picture-open\"><button class=\"open-image\" aria-label=\"Open Image\"\/><\/span><\/picture><\/div>\n<div class=\"sc-80531b6b-0 chRIGJ container-text text-embed\">\n<p>Las obras (todas recientes) conviven a manera de gran muestra panor\u00e1mica sucedi\u00e9ndose con algunas marcas que la mirada detecta a lo largo del recorrido: la preeminencia de trabajos bidimensionales; la fragmentaci\u00f3n de las im\u00e1genes y de las composiciones; tem\u00e1ticas vinculadas a la pobreza, la naturaleza, la ecolog\u00eda, la sexualidad; la relaci\u00f3n siempre vigente entre figuraci\u00f3n y abstracci\u00f3n; la <strong>reflexi\u00f3n sobre los propios medios art\u00edsticos <\/strong>t\u00e9cnicos y materiales. Intenso, esclarecedor y festivo, el Sal\u00f3n re\u00fane nombres consagrados de distintas generaciones con otros m\u00e1s j\u00f3venes cuya voz ya es reconocible.<\/p>\n<\/div>\n<p><h2>Diverso y vital<\/h2>\n<\/p>\n<div class=\"sc-80531b6b-0 chRIGJ container-text text-embed\">\n<p>Otorgado por el Ministerio de Cultura del Gobierno porte\u00f1o, el premio contribuye tanto al patrimonio del Museo S\u00edvori (hoy con 4775 obras), al adquirir las obras premiadas en cada categor\u00eda, como al reconocimiento de la trayectoria art\u00edstica, al otorgar pensiones vitalicias a los primeros premios de cada disciplina. Se suman la<strong> vitalidad y visibilidad<\/strong> aportada por todo certamen.<\/p>\n<\/div>\n<div class=\"sc-198be8ec-0 cynXbu image-embed  image-embed \"><picture class=\"sc-198be8ec-1 kOjRiQ\"><source media=\"(min-width: 975px)\" width=\"720\" height=\"480\" \/><img alt=\"El sill\u00f3n capiton\u00e9, de Elena Blasco, se qued\u00f3 con el 2\u00b0 Premio en la categor\u00eda Pintura.\" loading=\"lazy\" width=\"720\" height=\"480\" decoding=\"async\" data-nimg=\"1\" style=\"color:transparent\" src=\"https:\/\/13.com.ar\/wp-content\/uploads\/2025\/01\/1738326356_520_El-festivo-y-necesario-regreso-del-Museo-Sivori.jpg\"\/><span class=\"epigraphe\">El sill\u00f3n capiton\u00e9, de Elena Blasco, se qued\u00f3 con el 2\u00b0 Premio en la categor\u00eda Pintura.<\/span><span class=\"bkg\"\/><span class=\"picture-open\"><button class=\"open-image\" aria-label=\"Open Image\"\/><\/span><\/picture><\/div>\n<div class=\"sc-80531b6b-0 chRIGJ container-text text-embed\">\n<p>Los jurados de cada una de las cinco disciplinas est\u00e1n integrados por tres miembros elegidos por el voto de los participantes y dos en representaci\u00f3n del Gobierno porte\u00f1o. En pintura, el 1\u00b0 Premio (800.000 pesos) fue para <strong>Emilio Reato <\/strong>por su \u00f3leo de grandes dimensiones <em>Memoria de astronauta<\/em>, en el que se produce una conjunci\u00f3n de tiempos, espacios y personajes dis\u00edmiles para contar de otra manera historias y memorias con destreza pict\u00f3rica. En el \u00f3leo <em>El sill\u00f3n capiton\u00e9<\/em>, <strong>Elena Blasco <\/strong>(2\u00b0 Premio, 400.000 pesos) despliega su talento en esta pintura de interior, donde los objetos y espacios se presienten construidos por los trazos de la pintura-pintura y animados por una fuerza propia. <strong>Micaela Gauna<\/strong> fue reconocida con el 3\u00b0 Premio (240.000 pesos), por So\u00f1\u00e9 que estabas muerto con un realismo que pone en juego la percepci\u00f3n mat\u00e9rica y las texturas a trav\u00e9s del sentido de la vista.<\/p>\n<\/div>\n<div class=\"sc-80531b6b-0 chRIGJ container-text text-embed\">\n<p>Tambi\u00e9n fueron tres premios adquisici\u00f3n los de escultura y por los mismos valores de la disciplina anterior. En <em>Venus negra<\/em>, de <strong>M\u00f3nica Canzio<\/strong> (1\u00b0 Premio), prevalece la interacci\u00f3n y caracter\u00edsticas de los materiales, en este caso hierro y acero, las cuales inciden en formas, l\u00edneas, contornos, llenos, vac\u00edos y en el contrapunto crom\u00e1tico. El 2\u00b0 Premio fue para<strong> Trisha Van Asperen Tiepelmann<\/strong>, en cuya instalaci\u00f3n la f\u00edsica, la geometr\u00eda, el sonido, el espacio, la morfolog\u00eda del c\u00edrculo se conjugan entre la abstracci\u00f3n y lo org\u00e1nico. El 3\u00b0 Premio fue para el ensamble de <strong>Yamila Cartannilica<\/strong> proponiendo v\u00ednculos entre formas de madera monocromas, espacios y vol\u00famenes en relaci\u00f3n con la idea de la carpinter\u00eda manual.<\/p>\n<\/div>\n<div class=\"sc-198be8ec-0 cynXbu image-embed  image-embed \"><picture class=\"sc-198be8ec-1 kOjRiQ\"><source media=\"(min-width: 975px)\" width=\"720\" height=\"480\" \/><img alt=\"Cola de novia. Premio para Vera Rodr\u00edguez.\" loading=\"lazy\" width=\"720\" height=\"480\" decoding=\"async\" data-nimg=\"1\" style=\"color:transparent\" src=\"https:\/\/13.com.ar\/wp-content\/uploads\/2025\/01\/1738326356_655_El-festivo-y-necesario-regreso-del-Museo-Sivori.jpg\"\/><span class=\"epigraphe\">Cola de novia. Premio para Vera Rodr\u00edguez.<\/span><span class=\"bkg\"\/><span class=\"picture-open\"><button class=\"open-image\" aria-label=\"Open Image\"\/><\/span><\/picture><\/div>\n<p><h2>Montos y continuidad<\/h2>\n<\/p>\n<div class=\"sc-80531b6b-0 chRIGJ container-text text-embed\">\n<p>Riccardi estim\u00f3 significativa la continuidad del premio con una leve mejora, ante la ausencia de premios nacionales. Precis\u00f3 que <strong>los montos se incrementaron un 100 por ciento <\/strong>respecto de 2023 pero que a\u00fan falta mejorarlos. La actualizaci\u00f3n depende de la aprobaci\u00f3n de la Legislatura porte\u00f1a, informaron desde la Direcci\u00f3n General de Museos, Patrimonio y Casco Hist\u00f3rico de la Ciudad. En los casos de Dibujo y Grabado tambi\u00e9n se otorgaron tres premios adquisici\u00f3n, de 240.000, 120.000 y 80.000, respectivamente.<\/p>\n<\/div>\n<div class=\"sc-80531b6b-0 chRIGJ container-text text-embed\">\n<p>El retrato realizado por<strong> Santiago Raffo <\/strong>obtuvo el 1\u00b0 Premio en Dibujo. El artista consigue con el grafito una minuciosa representaci\u00f3n gestual introspectiva, logrando una percepci\u00f3n muy cercana a lo t\u00e1ctil. En tanto, <em>Grafismos<\/em>, de <strong>Marcelo Maira<\/strong> (2\u00b0 Premio) propone una composici\u00f3n de contorno poligonal con rectas y curvas productoras de ritmos y profundidad espacial. El dibujo de gran tama\u00f1o de <strong>Fer Pietra<\/strong> recibi\u00f3 el 3\u00b0 Premio, donde el l\u00e1piz sobre papel logra una extra\u00f1a imagen entre figura humana y animal, la cual se yergue altiva en un paisaje natural de inquietante atm\u00f3sfera.<\/p>\n<\/div>\n<div class=\"sc-198be8ec-0 cynXbu image-embed  image-embed \"><picture class=\"sc-198be8ec-1 kOjRiQ\"><source media=\"(min-width: 975px)\" width=\"720\" height=\"480\" \/><img alt=\"Gestos minuciosos.    El retrato realizado por Santiago Raffo obtuvo el 1\u00b0 Premio en Dibujo.\" loading=\"lazy\" width=\"720\" height=\"480\" decoding=\"async\" data-nimg=\"1\" style=\"color:transparent\" src=\"https:\/\/13.com.ar\/wp-content\/uploads\/2025\/01\/1738326356_530_El-festivo-y-necesario-regreso-del-Museo-Sivori.jpg\"\/><span class=\"epigraphe\">Gestos minuciosos.    El retrato realizado por Santiago Raffo obtuvo el 1\u00b0 Premio en Dibujo.<\/span><span class=\"bkg\"\/><span class=\"picture-open\"><button class=\"open-image\" aria-label=\"Open Image\"\/><\/span><\/picture><\/div>\n<div class=\"sc-80531b6b-0 chRIGJ container-text text-embed\">\n<p>La reconocida grabadora <strong>Mar\u00eda Suardi<\/strong> obtuvo el 1\u00b0 Premio en su disciplina, con un d\u00edptico de formas geom\u00e9tricas puras, que a trav\u00e9s del gofrado consiguen volumen y se relacionan en una delicada armon\u00eda con \u201ciluminaciones\u201d de color. El 2\u00b0 Premio fue para el trabajo de <strong>Marina Rothberg<\/strong> constituido por m\u00f3dulos con escenas sobre violencias, discriminaciones, cat\u00e1strofes del pasado y del presente desde una sugerente iconograf\u00eda. La luz como elemento que imprime una imagen en la chapa, la fragilidad de la memoria y el tiempo recorren el fotograbado de <strong>Amelia Herrero <\/strong>(3\u00b0 Premio). Y hubo un \u00fanico premio en Monocopia (240.000 pesos) para la obra de <strong>Vera Rodr\u00edguez<\/strong>. Su cola de vestido de novia fue impresa en papel manualmente facturado y podr\u00eda romperse con facilidad, pero permanece al cobijo de la protecci\u00f3n del cardo, del dorado y de posibles historias felices.<\/p>\n<\/div>\n<div class=\"sc-80531b6b-0 chRIGJ container-text text-embed\">\n<p>Adem\u00e1s, hubo menciones especiales para las producciones de Vali Guidalevich, Paula Hacker, Juli\u00e1n Pesce, Luciano Pozo, Andrea Rodr\u00edguez Torres, Sandra Astuena, Dominique Vispo, Lucas Rocino, Paula Cecchi, Gabriela Cassano, Pablo Morgante, Mar\u00eda Emilia Hendreich, Jorgelina Buchara, Jos\u00e9 Landoni, Rosendo D\u00edaz, Tadeo Homps y Mar\u00eda Emilia Marroqu\u00edn.<\/p>\n<\/div>\n<div class=\"sc-198be8ec-0 cynXbu image-embed  image-embed \"><picture class=\"sc-198be8ec-1 kOjRiQ\"><source media=\"(min-width: 975px)\" width=\"720\" height=\"480\" \/><img alt=\"So\u00f1\u00e9 que estabas muerto. 3\u00b0 Premio para Micaela Gauna.  \" loading=\"lazy\" width=\"720\" height=\"480\" decoding=\"async\" data-nimg=\"1\" style=\"color:transparent\" src=\"https:\/\/13.com.ar\/wp-content\/uploads\/2025\/01\/1738326356_33_El-festivo-y-necesario-regreso-del-Museo-Sivori.jpg\"\/><span class=\"epigraphe\">So\u00f1\u00e9 que estabas muerto. 3\u00b0 Premio para Micaela Gauna.  <\/span><span class=\"bkg\"\/><span class=\"picture-open\"><button class=\"open-image\" aria-label=\"Open Image\"\/><\/span><\/picture><\/div>\n<p><h2>Remodelaci\u00f3n y colecci\u00f3n<\/h2>\n<\/p>\n<div class=\"sc-80531b6b-0 chRIGJ container-text text-embed\">\n<p>En el museo se llev\u00f3 a cabo una puesta en valor de su infraestructura. \u201cMuchos de los trabajos fueron en \u00e1reas a las que el p\u00fabico no accede o nota poco, como en los dep\u00f3sitos y la reparaci\u00f3n de tejas de m\u00e1s de cien a\u00f1os\u201d, coment\u00f3 <strong>Pedro Aparicio<\/strong>, director general de Patrimonio, Museos y Casco Hist\u00f3rico. Tambi\u00e9n se efectuaron arreglos en el montacargas y en los sistemas de calefacci\u00f3n y refrigeraci\u00f3n. Y se optimiz\u00f3 el \u00e1rea de almacenamiento de las colecciones para asegurar condiciones adecuadas para su conservaci\u00f3n.<\/p>\n<\/div>\n<div class=\"sc-198be8ec-0 cynXbu image-embed  image-embed \"><picture class=\"sc-198be8ec-1 kOjRiQ\"><source media=\"(min-width: 975px)\" width=\"720\" height=\"480\" \/><img alt=\"Grabado premiado de Mar\u00eda Suardi. \" loading=\"lazy\" width=\"720\" height=\"480\" decoding=\"async\" data-nimg=\"1\" style=\"color:transparent\" src=\"https:\/\/13.com.ar\/wp-content\/uploads\/2025\/01\/1738326356_664_El-festivo-y-necesario-regreso-del-Museo-Sivori.jpg\"\/><span class=\"epigraphe\">Grabado premiado de Mar\u00eda Suardi. <\/span><span class=\"bkg\"\/><span class=\"picture-open\"><button class=\"open-image\" aria-label=\"Open Image\"\/><\/span><\/picture><\/div>\n<div class=\"sc-80531b6b-0 chRIGJ container-text text-embed\">\n<p>En relaci\u00f3n con esto \u00faltimo, se sabe que no hay museo sin una cuidada colecci\u00f3n. <strong>Helena Ferronato<\/strong>, gerente operativa de Museos de la Ciudad, cont\u00f3 a <strong>\u00d1<\/strong> que para este a\u00f1o \u201chay proyectadas 30 exposiciones temporales, en las cuales se busca generar di\u00e1logos entre las colecciones y patrimonios con tem\u00e1ticas contempor\u00e1neas\u201d.<\/p>\n<\/div>\n<div class=\"sc-80531b6b-0 chRIGJ container-text text-embed\">\n<p>La gran artista salte\u00f1a <strong>Mar\u00eda Martorell<\/strong> (1909-2010), revalorizada al calor de las iniciativas feministas, tendr\u00e1 en abril una importante exposici\u00f3n en el S\u00edvori, la primera. \u201cLa reciente inclusi\u00f3n de la obra <em>Ecko II <\/em>de Martorell, perteneciente a la colecci\u00f3n del S\u00edvori, en la 60\u00aa edici\u00f3n de la Bienal de Venecia, ha reafirmado el impacto de su obra en el arte contempor\u00e1neo, desafiando los l\u00edmites de la abstracci\u00f3n geom\u00e9trica a nivel mundial\u201d, coment\u00f3 a <strong>\u00d1<\/strong> <strong>Mariel Carrubba Laraign\u00e9e<\/strong>, quien ser\u00e1 la curadora. Se explorar\u00e1 la conexi\u00f3n de la obra de Martorell con la vitalidad de su tierra natal, la Quebrada de San Lorenzo, en Salta. Y, entre otras propuestas, volver\u00e1 a ser parte de la agenda art\u00edstica anual del S\u00edvori el Sal\u00f3n 69\u00b0, siempre tan esperado por los artistas.<\/p>\n<\/div>\n<div class=\"sc-80531b6b-0 chRIGJ container-text text-embed\">\n<ul>\n<li><strong><em>68\u00b0 Sal\u00f3n Manuel Belgrano<\/em><\/strong><\/li>\n<li><strong>Lugar:<\/strong> Museo S\u00edvori, Av. Infanta Isabel 555<\/li>\n<li><strong>Horario:<\/strong> lun a vie de 11 a 19; s\u00e1b, dom y feriados de 11 a 20; martes cerrado<\/li>\n<li><strong>Fecha:<\/strong> hasta el 28 de febrero.<\/li>\n<li><strong>Entrada: <\/strong>general:\u00a0$5000.<\/li>\n<\/ul>\n<\/div>\n<\/div>\n<p><br \/>\n<br \/><a href=\"https:\/\/www.clarin.com\/revista-n\/festivo-necesario-regreso-museo-sivori_0_cwBtgObzbl.html\">Fuente Clarin.com <\/a><\/p>\n","protected":false},"excerpt":{"rendered":"<p>Siempre que una instituci\u00f3n cultural se inaugura o vuelve a abrir es una gran oportunidad para el presente y el futuro de una comunidad. Lo contrario es una enorme p\u00e9rdida. A fin de diciembre, luego de cuatro meses y medio de cierre por remodelaciones, reabri\u00f3 el Museo de Artes Pl\u00e1sticas Eduardo S\u00edvori con un doble [&hellip;]<\/p>\n","protected":false},"author":1,"featured_media":890,"comment_status":"open","ping_status":"open","sticky":false,"template":"","format":"standard","meta":{"footnotes":""},"categories":[2],"tags":[100,2177,17,2178,1429,2179],"class_list":["post-889","post","type-post","status-publish","format-standard","has-post-thumbnail","hentry","category-ultimas-noticias","tag-del","tag-festivo","tag-museo","tag-necesario","tag-regreso","tag-sivori"],"_links":{"self":[{"href":"https:\/\/13.com.ar\/index.php\/wp-json\/wp\/v2\/posts\/889","targetHints":{"allow":["GET"]}}],"collection":[{"href":"https:\/\/13.com.ar\/index.php\/wp-json\/wp\/v2\/posts"}],"about":[{"href":"https:\/\/13.com.ar\/index.php\/wp-json\/wp\/v2\/types\/post"}],"author":[{"embeddable":true,"href":"https:\/\/13.com.ar\/index.php\/wp-json\/wp\/v2\/users\/1"}],"replies":[{"embeddable":true,"href":"https:\/\/13.com.ar\/index.php\/wp-json\/wp\/v2\/comments?post=889"}],"version-history":[{"count":0,"href":"https:\/\/13.com.ar\/index.php\/wp-json\/wp\/v2\/posts\/889\/revisions"}],"wp:featuredmedia":[{"embeddable":true,"href":"https:\/\/13.com.ar\/index.php\/wp-json\/wp\/v2\/media\/890"}],"wp:attachment":[{"href":"https:\/\/13.com.ar\/index.php\/wp-json\/wp\/v2\/media?parent=889"}],"wp:term":[{"taxonomy":"category","embeddable":true,"href":"https:\/\/13.com.ar\/index.php\/wp-json\/wp\/v2\/categories?post=889"},{"taxonomy":"post_tag","embeddable":true,"href":"https:\/\/13.com.ar\/index.php\/wp-json\/wp\/v2\/tags?post=889"}],"curies":[{"name":"wp","href":"https:\/\/api.w.org\/{rel}","templated":true}]}}