{"id":883,"date":"2025-01-31T09:15:52","date_gmt":"2025-01-31T12:15:52","guid":{"rendered":"https:\/\/13.com.ar\/index.php\/cuantos-vehiculos-de-movilidad-electrica-circulan\/"},"modified":"2025-01-31T09:15:52","modified_gmt":"2025-01-31T12:15:52","slug":"cuantos-vehiculos-de-movilidad-electrica-circulan","status":"publish","type":"post","link":"https:\/\/13.com.ar\/index.php\/cuantos-vehiculos-de-movilidad-electrica-circulan\/","title":{"rendered":"\u00bfcu\u00e1ntos veh\u00edculos de movilidad el\u00e9ctrica circulan?"},"content":{"rendered":"<p> <br \/>\n<br \/><img decoding=\"async\" src=\"https:\/\/13.com.ar\/wp-content\/uploads\/2025\/01\/\u00bfcuantos-vehiculos-de-movilidad-electrica-circulan.jpg\" \/><\/p>\n<div>\n<p>La <strong>industria automotriz<\/strong> est\u00e1 atravesando una transformaci\u00f3n sin precedentes y un pa\u00eds logr\u00f3 posicionarse como <strong>l\u00edder<\/strong> absoluto en la transici\u00f3n hacia la <strong>movilidad el\u00e9ctrica<\/strong>. Con un <strong>90% de las ventas<\/strong> de <strong>autos el\u00e9ctricos<\/strong> en el \u00faltimo a\u00f1o, estableci\u00f3 un <strong>n\u00famero de ventas nunca antes visto<\/strong>. Se convirti\u00f3 en el mejor ejemplo de c\u00f3mo una pol\u00edtica de incentivos puede cambiar el <strong>mercado automotor<\/strong>.<\/p>\n<\/div>\n<div>\n<p>El crecimiento de las <strong>ventas de autos el\u00e9ctricos<\/strong> en este pa\u00eds refleja un cambio profundo en el <strong>mercado automotor<\/strong>. Mientras otras naciones todav\u00eda buscan acelerar la transici\u00f3n hacia la <strong>movilidad sustentable<\/strong>, este lugar est\u00e1 cada vez m\u00e1s cerca de <strong>dejar atr\u00e1s los<\/strong> <strong>veh\u00edculos de combusti\u00f3n interna<\/strong>.<\/p>\n<\/div>\n<div>\n<p>El pa\u00eds que encabeza la revoluci\u00f3n de la movilidad el\u00e9ctrica es <strong>Noruega<\/strong>, donde el <strong>90% de los autos vendidos<\/strong> en 2024 fueron 100% el\u00e9ctricos. Este hito fue confirmado por el <strong>Consejo Noruego de Informaci\u00f3n <\/strong>sobre el <strong>Tr\u00e1fico por Carretera<\/strong> (<strong>OFV<\/strong>), que report\u00f3 que de los <strong>128.691 veh\u00edculos nuevos comercializados<\/strong> en el pa\u00eds, <strong>114.400 fueron el\u00e9ctricos<\/strong>.<\/p>\n<\/div>\n<div>\n<p>El salto respecto a a\u00f1os anteriores es significativo. En <strong>2023<\/strong>, los <strong>autos el\u00e9ctricos representaban el 82,4% del total de ventas<\/strong>, mientras que en <strong>2022 esa cifra era del 79,3%<\/strong>. Con esta tendencia, <strong>Noruega <\/strong>se acerca a su meta de lograr que todos los veh\u00edculos nuevos vendidos sean cero emisiones.<\/p>\n<\/div>\n<div>\n<p>Factores que explican el \u00e9xito de Noruega:<\/p>\n<\/div>\n<div>\n<p>El <strong>liderazgo de los autos el\u00e9ctricos en Noruega<\/strong> no solo responde a la pol\u00edtica estatal, sino tambi\u00e9n a la fuerte presencia de Tesla, que encabeza las ventas con el Model Y, el veh\u00edculo m\u00e1s vendido del pa\u00eds.<\/p>\n<\/div>\n<div>\n<p>Ranking de modelos m\u00e1s vendidos en Noruega:<\/p>\n<\/div>\n<div>\n<p>En cuanto a las marcas, <strong>Tesla<\/strong> se llev\u00f3 el <strong>18,9% del mercado<\/strong>, seguida por <strong>Volkswagen y Toyota<\/strong>. Tambi\u00e9n hubo un crecimiento de las <strong>marcas chinas<\/strong>, con <strong>BYD <\/strong>y <strong>Xpeng <\/strong>ganando participaci\u00f3n en el <strong>mercado europeo<\/strong>. <\/p>\n<\/div>\n<div>\n<p>El liderazgo de <strong>Noruega<\/strong> en la <strong>movilidad el\u00e9ctrica<\/strong> es indiscutible, pero hay otras naciones que tambi\u00e9n avanzan en la adopci\u00f3n de esta tecnolog\u00eda. Seg\u00fan datos de la <strong>Agencia Internacional de la Energ\u00eda y el Observatorio Europeo de Combustibles Alternativos<\/strong>, estos son los pa\u00edses con m\u00e1s <strong>autos el\u00e9ctricos en circulaci\u00f3n<\/strong>:<\/p>\n<\/div>\n<p><br \/>\n<br \/><a href=\"https:\/\/www.clarin.com\/informacion-general\/pais-alcanzo-90-ventas-autos-electricos-vehiculos-movilidad-electrica-circulan_0_wHWnKNWixD.html\">Fuente Clarin.com <\/a><\/p>\n","protected":false},"excerpt":{"rendered":"<p>La industria automotriz est\u00e1 atravesando una transformaci\u00f3n sin precedentes y un pa\u00eds logr\u00f3 posicionarse como l\u00edder absoluto en la transici\u00f3n hacia la movilidad el\u00e9ctrica. Con un 90% de las ventas de autos el\u00e9ctricos en el \u00faltimo a\u00f1o, estableci\u00f3 un n\u00famero de ventas nunca antes visto. Se convirti\u00f3 en el mejor ejemplo de c\u00f3mo una pol\u00edtica [&hellip;]<\/p>\n","protected":false},"author":1,"featured_media":884,"comment_status":"open","ping_status":"open","sticky":false,"template":"","format":"standard","meta":{"footnotes":""},"categories":[2],"tags":[2176,1048,2175,2174,2173],"class_list":["post-883","post","type-post","status-publish","format-standard","has-post-thumbnail","hentry","category-ultimas-noticias","tag-circulan","tag-cuantos","tag-electrica","tag-movilidad","tag-vehiculos"],"_links":{"self":[{"href":"https:\/\/13.com.ar\/index.php\/wp-json\/wp\/v2\/posts\/883","targetHints":{"allow":["GET"]}}],"collection":[{"href":"https:\/\/13.com.ar\/index.php\/wp-json\/wp\/v2\/posts"}],"about":[{"href":"https:\/\/13.com.ar\/index.php\/wp-json\/wp\/v2\/types\/post"}],"author":[{"embeddable":true,"href":"https:\/\/13.com.ar\/index.php\/wp-json\/wp\/v2\/users\/1"}],"replies":[{"embeddable":true,"href":"https:\/\/13.com.ar\/index.php\/wp-json\/wp\/v2\/comments?post=883"}],"version-history":[{"count":0,"href":"https:\/\/13.com.ar\/index.php\/wp-json\/wp\/v2\/posts\/883\/revisions"}],"wp:featuredmedia":[{"embeddable":true,"href":"https:\/\/13.com.ar\/index.php\/wp-json\/wp\/v2\/media\/884"}],"wp:attachment":[{"href":"https:\/\/13.com.ar\/index.php\/wp-json\/wp\/v2\/media?parent=883"}],"wp:term":[{"taxonomy":"category","embeddable":true,"href":"https:\/\/13.com.ar\/index.php\/wp-json\/wp\/v2\/categories?post=883"},{"taxonomy":"post_tag","embeddable":true,"href":"https:\/\/13.com.ar\/index.php\/wp-json\/wp\/v2\/tags?post=883"}],"curies":[{"name":"wp","href":"https:\/\/api.w.org\/{rel}","templated":true}]}}