{"id":878,"date":"2025-01-31T08:33:45","date_gmt":"2025-01-31T11:33:45","guid":{"rendered":"https:\/\/13.com.ar\/index.php\/un-informe-apunta-al-personal-de-la-torre-de-control-al-momento-del-accidente\/"},"modified":"2025-01-31T08:33:45","modified_gmt":"2025-01-31T11:33:45","slug":"un-informe-apunta-al-personal-de-la-torre-de-control-al-momento-del-accidente","status":"publish","type":"post","link":"https:\/\/13.com.ar\/index.php\/un-informe-apunta-al-personal-de-la-torre-de-control-al-momento-del-accidente\/","title":{"rendered":"un informe apunta al personal de la torre de control al momento del accidente"},"content":{"rendered":"<p> <br \/>\n<br \/><img decoding=\"async\" src=\"https:\/\/13.com.ar\/wp-content\/uploads\/2025\/01\/un-informe-apunta-al-personal-de-la-torre-de-control.jpg\" \/><\/p>\n<div>\n<p>Un informe preliminar de la Administraci\u00f3n Federal de Aviaci\u00f3n (FAA) apunta que la dotaci\u00f3n de personal dedicado al control a\u00e9reo <strong>&#8220;no era normal para la hora del d\u00eda y el volumen de tr\u00e1fico&#8221;<\/strong> en el momento del accidente ocurrido en Washington en la noche del mi\u00e9rcoles.<\/p>\n<\/div>\n<div>\n<p>Medios estadounidenses que han tenido acceso a ese informe dicen que<strong> el escaso n\u00famero de trabajadores hizo que una persona tuviera que hacerse cargo de dos tareas a la vez<\/strong>: el control a\u00e9reo tanto del tr\u00e1fico de aviones y de los helic\u00f3pteros que sobrevuelan la capital de los Estados Unidos.<\/p>\n<\/div>\n<div>\n<p>Esa situaci\u00f3n ha puesto de manifiesto la escasez cr\u00f3nica de personal y las pobres condiciones de trabajo de los controladores a\u00e9reos en Estados Unidos, una situaci\u00f3n que varios expertos y los propios trabajadores han denunciado desde hace a\u00f1os.<\/p>\n<\/div>\n<div>\n<p>Un estudio de agosto de 2023 del <em>New York Times<\/em> ya alertaba de que muchos controladores se ve\u00edan forzados a hacer jornadas de 10 horas durante seis d\u00edas a la semana. La investigaci\u00f3n hizo mejorar la situaci\u00f3n pero no ser\u00eda todav\u00eda suficiente: de las 30 plazas necesarias para el Aeropuerto Nacional Ronald Reagan de Washington (DCA), apenas 25 est\u00e1n cubiertas.<\/p>\n<\/div>\n<div>\n<p>Esa situaci\u00f3n es especialmente alarmante por las caracter\u00edsticas del espacio a\u00e9reo de la capital estadounidenses, muy reducido y con un tr\u00e1fico a\u00e9reo muy elevado entre los aviones comerciales y el dispositivo de seguridad que sobrevuela Washington, que se calcula que llega a m\u00e1s de 100 helic\u00f3pteros al d\u00eda.<\/p>\n<\/div>\n<div>\n<p>Seg\u00fan el <em>Washingon Post<\/em>, las advertencias de seguridad y los escenarios de incidentes son frecuentes en el cielo de Washington; el d\u00eda antes del accidente &#8220;se tuvo que abortar un aterrizaje en el (aeropuerto) nacional (Ronald Reagan) para evitar una colisi\u00f3n con un helic\u00f3ptero&#8221;.<\/p>\n<\/div>\n<div>\n<p>&#13;<br \/>\nEl siniestro de la noche del mi\u00e9rcoles ocurri\u00f3 cuando un helic\u00f3ptero militar, con tres personas a bordo, y un avi\u00f3n comercial Bombardier CRJ700 de American Eagle (filial regional de American Airlines), con 60 pasajeros y cuatro tripulantes, colisionaron el mi\u00e9rcoles sobre las 20:48 hora local (01:48 GMT del jueves) en el momento de la aproximaci\u00f3n de este \u00faltimo al aeropuerto de Washington. <\/p>\n<\/div>\n<div>\n<p>&#13;<br \/>\nLos miembros del operativo de rescate desplegado tras el accidente a\u00e9reo a\u00fan buscan a 14 desaparecidos, tras rescatar decenas de cuerpos de las fr\u00edas aguas del r\u00edo Potomac, donde cayeron las aeronaves. <\/p>\n<\/div>\n<div>\n<p>Las autoridades descartan que haya sobreviviente del accidente a\u00e9reo, que es ya el m\u00e1s mort\u00edfero en Estados Unidos desde 2001. <\/p>\n<\/div>\n<p><br \/>\n<br \/><a href=\"https:\/\/www.clarin.com\/mundo\/tragedia-aerea-washington-informe-apunta-personal-torre-control-momento-accidente_0_JevK2GgXmr.html\">Fuente Clarin.com <\/a><\/p>\n","protected":false},"excerpt":{"rendered":"<p>Un informe preliminar de la Administraci\u00f3n Federal de Aviaci\u00f3n (FAA) apunta que la dotaci\u00f3n de personal dedicado al control a\u00e9reo &#8220;no era normal para la hora del d\u00eda y el volumen de tr\u00e1fico&#8221; en el momento del accidente ocurrido en Washington en la noche del mi\u00e9rcoles. Medios estadounidenses que han tenido acceso a ese informe [&hellip;]<\/p>\n","protected":false},"author":1,"featured_media":879,"comment_status":"open","ping_status":"open","sticky":false,"template":"","format":"standard","meta":{"footnotes":""},"categories":[2],"tags":[973,1769,645,100,2166,1454,2167,1453],"class_list":["post-878","post","type-post","status-publish","format-standard","has-post-thumbnail","hentry","category-ultimas-noticias","tag-accidente","tag-apunta","tag-control","tag-del","tag-informe","tag-momento","tag-personal","tag-torre"],"_links":{"self":[{"href":"https:\/\/13.com.ar\/index.php\/wp-json\/wp\/v2\/posts\/878","targetHints":{"allow":["GET"]}}],"collection":[{"href":"https:\/\/13.com.ar\/index.php\/wp-json\/wp\/v2\/posts"}],"about":[{"href":"https:\/\/13.com.ar\/index.php\/wp-json\/wp\/v2\/types\/post"}],"author":[{"embeddable":true,"href":"https:\/\/13.com.ar\/index.php\/wp-json\/wp\/v2\/users\/1"}],"replies":[{"embeddable":true,"href":"https:\/\/13.com.ar\/index.php\/wp-json\/wp\/v2\/comments?post=878"}],"version-history":[{"count":0,"href":"https:\/\/13.com.ar\/index.php\/wp-json\/wp\/v2\/posts\/878\/revisions"}],"wp:featuredmedia":[{"embeddable":true,"href":"https:\/\/13.com.ar\/index.php\/wp-json\/wp\/v2\/media\/879"}],"wp:attachment":[{"href":"https:\/\/13.com.ar\/index.php\/wp-json\/wp\/v2\/media?parent=878"}],"wp:term":[{"taxonomy":"category","embeddable":true,"href":"https:\/\/13.com.ar\/index.php\/wp-json\/wp\/v2\/categories?post=878"},{"taxonomy":"post_tag","embeddable":true,"href":"https:\/\/13.com.ar\/index.php\/wp-json\/wp\/v2\/tags?post=878"}],"curies":[{"name":"wp","href":"https:\/\/api.w.org\/{rel}","templated":true}]}}