{"id":876,"date":"2025-01-31T08:29:25","date_gmt":"2025-01-31T11:29:25","guid":{"rendered":"https:\/\/13.com.ar\/index.php\/la-reapertura-del-corredor-vasari-en-los-uffizi\/"},"modified":"2025-01-31T08:29:25","modified_gmt":"2025-01-31T11:29:25","slug":"la-reapertura-del-corredor-vasari-en-los-uffizi","status":"publish","type":"post","link":"https:\/\/13.com.ar\/index.php\/la-reapertura-del-corredor-vasari-en-los-uffizi\/","title":{"rendered":"La reapertura del Corredor Vasari en los Uffizi"},"content":{"rendered":"<p> <br \/>\n<\/p>\n<div id=\"cuerpo\">\n<div class=\"sc-80531b6b-0 chRIGJ container-text text-embed\">\n<p>La <strong>Galer\u00eda de los Uffizi<\/strong>, la <strong>pinacoteca m\u00e1s importante de Italia,<\/strong> abri\u00f3 al p\u00fablico, por primera vez en la historia su famoso <strong>corredor vasariano<\/strong>, un puente elevado (o \u201ct\u00fanel de aire\u201d) sobre<strong> el coraz\u00f3n de la ciudad de Florencia que en el Renacimiento<\/strong> utilizaron los grandes duques para trasladarse con seguridad. Los gobernantes de la <strong>dinast\u00eda M\u00e9dici<\/strong> mandaron a construir especialmente este pasadizo para caminar desde su residencia \u2013el Palazzo Pitti\u2013 hasta la sede del gobierno \u2013en el Palazzo Vecchio\u2013, todos espacios que hoy conforman las salas expositivas de este impresionante museo.<\/p>\n<\/div>\n<div class=\"sc-198be8ec-0 cynXbu image-embed  image-embed \"><picture class=\"sc-198be8ec-1 kOjRiQ\"><source media=\"(min-width: 975px)\" width=\"720\" height=\"480\" \/><img alt=\"El legendario t\u00fanel elevado Corredor Vasari en los Uffizi, encargado por Cosme I de M\u00e9dici en 1565, reabre sus puertas al p\u00fablico. Foto: gentileza.\" loading=\"lazy\" width=\"720\" height=\"480\" decoding=\"async\" data-nimg=\"1\" style=\"color:transparent\" src=\"https:\/\/13.com.ar\/wp-content\/uploads\/2025\/01\/La-reapertura-del-Corredor-Vasari-en-los-Uffizi.jpg\"\/><span class=\"epigraphe\">El legendario t\u00fanel elevado Corredor Vasari en los Uffizi, encargado por Cosme I de M\u00e9dici en 1565, reabre sus puertas al p\u00fablico. Foto: gentileza.<\/span><span class=\"bkg\"\/><span class=\"picture-open\"><button class=\"open-image\" aria-label=\"Open Image\"\/><\/span><\/picture><\/div>\n<div class=\"sc-80531b6b-0 chRIGJ container-text text-embed\">\n<p>Este corredor de<strong> 750 metros de largo <\/strong>permite entrar por la Galer\u00eda de Estatuas y Pinturas del museo, caminar por las entra\u00f1as del Ponte Vecchio y salir por los Jardines de Boboli, tal como en el tiempo de los grandes duques, con una vista inigualable de la ciudad de Florencia.<\/p>\n<\/div>\n<div class=\"sc-80531b6b-0 chRIGJ container-text text-embed\">\n<p>El \u201ccorridoio vasariano\u201d <strong>fue construido por el arquitecto Giorgio Vasari en 1565<\/strong> por orden de Cosme de M\u00e9dici, lo que le ahorraba al gobernante transitar por una zona \u201cpobre e infame\u201d de la ciudad, y mantenerse a salvo de sus enemigos, ya que sufri\u00f3 repetidos intentos de asesinato durante su reinado.<\/p>\n<\/div>\n<p><iframe loading=\"lazy\" src=\"https:\/\/www.facebook.com\/plugins\/post.php?href=https%3A%2F%2Fwww.facebook.com%2FMaggieOFarrellBooks%2Fposts%2Fpfbid0pJJyTw73bNR5gz5Se6p7HUxDyGbEpUJHjCmGFHM9k77WgEp56iVZAzDn8UDcX1Yml&amp;show_text=true&amp;width=500\" width=\"500\" height=\"680\" style=\"border:none;overflow:hidden\" scrolling=\"no\" frameborder=\"0\" allowfullscreen=\"true\" allow=\"autoplay; clipboard-write; encrypted-media; picture-in-picture; web-share\"><\/iframe><\/p>\n<div class=\"sc-80531b6b-0 chRIGJ container-text text-embed\">\n<p>Por primera vez en la historia,<strong> el t\u00fanel se volvi\u00f3 accesible al p\u00fablico<\/strong>, desde su reapertura el pasado 21 de diciembre. En las \u00faltimas d\u00e9cadas se hab\u00eda abierto solamente para especialistas y <strong>en 2016 cerr\u00f3 por razones de seguridad para ser restaurado.<\/strong><\/p>\n<\/div>\n<div class=\"sc-80531b6b-0 chRIGJ container-text text-embed\">\n<p>Ahora, quienes visiten Florencia y compren <strong>una entrada de 20 euros<\/strong> podr\u00e1n acceder a este espacio que ofrece un paseo panor\u00e1mico \u00fanico sobre el centro de Florencia, hasta el otro lado del r\u00edo Arno: <strong>un aut\u00e9ntico salto en el tiempo de casi cinco siglos, sobre el coraz\u00f3n de la ciudad.<\/strong><\/p>\n<\/div>\n<div class=\"sc-198be8ec-0 cynXbu image-embed  image-embed \"><picture class=\"sc-198be8ec-1 kOjRiQ\"><source media=\"(min-width: 975px)\" width=\"720\" height=\"480\" \/><img alt=\"El legendario t\u00fanel elevado Corredor Vasari en los Uffizi, encarg.ado por Cosme I de M\u00e9dici en 1565, reabre sus puertas al p\u00fablico. Foto: gentileza.\" loading=\"lazy\" width=\"720\" height=\"480\" decoding=\"async\" data-nimg=\"1\" style=\"color:transparent\" src=\"https:\/\/13.com.ar\/wp-content\/uploads\/2025\/01\/1738322964_570_La-reapertura-del-Corredor-Vasari-en-los-Uffizi.jpg\"\/><span class=\"epigraphe\">El legendario t\u00fanel elevado Corredor Vasari en los Uffizi, encarg.ado por Cosme I de M\u00e9dici en 1565, reabre sus puertas al p\u00fablico. Foto: gentileza.<\/span><span class=\"bkg\"\/><span class=\"picture-open\"><button class=\"open-image\" aria-label=\"Open Image\"\/><\/span><\/picture><\/div>\n<p><h2>10 millones de euros<\/h2>\n<\/p>\n<div class=\"sc-80531b6b-0 chRIGJ container-text text-embed\">\n<p>El proyecto de recuperaci\u00f3n para la reapertura del Corredor de Vasari \u2013realizado por los Uffizi y la Superintendencia\u2013 <strong>demand\u00f3 18 meses de estudios e investigaciones<\/strong> que implicaron a decenas de especialistas, m\u00e1s de mil p\u00e1ginas de programaci\u00f3n, 200 metros cuadrados de dibujos realizados, 23 informes redactados, 2.435 fotograf\u00edas, decenas de pruebas y ensayos de materiales, para devolver al pasillo su imagen original, seg\u00fan inform\u00f3 el museo. <strong>Las obras rondaron los 10 millones de euros<\/strong> y su \u00faltima restauraci\u00f3n se remontaba a los a\u00f1os 90.<\/p>\n<\/div>\n<div class=\"sc-80531b6b-0 chRIGJ container-text text-embed\">\n<p>Este <strong>pasadizo con ventanales<\/strong>, que ofrece una impresionante <strong>vista panor\u00e1mica de la ciudad<\/strong>, fue dise\u00f1ado por Giorgio Vasari por iniciativa de Cosme I de Medici, gran duque de Florencia y Toscana, con motivo de<strong> la boda de su hijo Francesco con Giovanna de Austria, en 1565<\/strong>. <\/p>\n<\/div>\n<div class=\"sc-80531b6b-0 chRIGJ container-text text-embed\">\n<p>Los invitados de la Casa de Habsburgo que acompa\u00f1aban a la princesa <strong>deb\u00edan quedar maravillados por este t\u00fanel a\u00e9reo sobre la ciudad<\/strong>. Las obras de su construcci\u00f3n duraron en aquel entonces cinco meses.<\/p>\n<\/div>\n<div class=\"sc-198be8ec-0 cynXbu image-embed  image-embed \"><picture class=\"sc-198be8ec-1 kOjRiQ\"><source media=\"(min-width: 975px)\" width=\"720\" height=\"480\" \/><img alt=\"El legendario t\u00fanel elevado Corredor Vasari en los Uffizi, encargado por Cosme I de M\u00e9dici en 1565, reabre sus puertas al p\u00fablico. Foto: gentileza.\" loading=\"lazy\" width=\"720\" height=\"480\" decoding=\"async\" data-nimg=\"1\" style=\"color:transparent\" src=\"https:\/\/13.com.ar\/wp-content\/uploads\/2025\/01\/1738322964_378_La-reapertura-del-Corredor-Vasari-en-los-Uffizi.jpg\"\/><span class=\"epigraphe\">El legendario t\u00fanel elevado Corredor Vasari en los Uffizi, encargado por Cosme I de M\u00e9dici en 1565, reabre sus puertas al p\u00fablico. Foto: gentileza.<\/span><span class=\"bkg\"\/><span class=\"picture-open\"><button class=\"open-image\" aria-label=\"Open Image\"\/><\/span><\/picture><\/div>\n<div class=\"sc-80531b6b-0 chRIGJ container-text text-embed\">\n<p>Esta obra maestra del <strong>urbanismo renacentista <\/strong>atraviesa varias calles, bordea el r\u00edo Arno, cruza el Ponte Vecchio y se integra en edificios hist\u00f3ricos como la iglesia de Santa Felicita.<\/p>\n<\/div>\n<div class=\"sc-80531b6b-0 chRIGJ container-text text-embed\">\n<p>El regreso de esta maravilla arquitect\u00f3nica se relaciona literariamente con <strong>la \u00faltima novela de la escritora irlandesa Maggie O&#8217;Farrell<\/strong>: <strong><em>El retrato de casada<\/em><\/strong> (Libros del Asteroide, 2023), donde la autora rescata la historia de <strong>Lucrezia de Medici<\/strong>, hija de Cosme y de la espa\u00f1ola Eleonora de Toledo: una joven que recorre, de ni\u00f1a, los mismos pasillos y jardines que serv\u00edan de refugio a sus padres.<\/p>\n<\/div>\n<div class=\"sc-80531b6b-0 chRIGJ container-text text-embed\">\n<p>La reapertura de este espacio monumental en Uffizi<strong> evoca las intrigas y ambiciones de los M\u00e9dici y es uno de los escenarios en los que transcurre la novela de O\u2019Farrell<\/strong>, donde sigue la vida de esta joven duquesa que crece en los confines de una poderosa familia, incre\u00edblemente privilegiada, pero cuya tr\u00e1gica existencia est\u00e1 llena de misterio. <\/p>\n<\/div>\n<div class=\"sc-80531b6b-0 chRIGJ container-text text-embed\">\n<p>Desde el momento en que naci\u00f3, Lucrezia ten\u00eda un \u00fanico destino: hacer un matrimonio que fuera pol\u00edticamente ventajoso para su familia.<\/p>\n<\/div>\n<div class=\"sc-198be8ec-0 cynXbu image-embed  image-embed \"><picture class=\"sc-198be8ec-1 kOjRiQ\"><source media=\"(min-width: 975px)\" width=\"720\" height=\"480\" \/><img alt=\"El legendario t\u00fanel elevado Corredor Vasari en los Uffizi, encargado por Cosme I de M\u00e9dici en 1565, reabre sus puertas al p\u00fablico. Foto: gentileza.\" loading=\"lazy\" width=\"720\" height=\"480\" decoding=\"async\" data-nimg=\"1\" style=\"color:transparent\" src=\"https:\/\/13.com.ar\/wp-content\/uploads\/2025\/01\/1738322965_17_La-reapertura-del-Corredor-Vasari-en-los-Uffizi.jpg\"\/><span class=\"epigraphe\">El legendario t\u00fanel elevado Corredor Vasari en los Uffizi, encargado por Cosme I de M\u00e9dici en 1565, reabre sus puertas al p\u00fablico. Foto: gentileza.<\/span><span class=\"bkg\"\/><span class=\"picture-open\"><button class=\"open-image\" aria-label=\"Open Image\"\/><\/span><\/picture><\/div>\n<div class=\"sc-80531b6b-0 chRIGJ container-text text-embed\">\n<p><strong>O&#8217;Farrell reinterpreta desde la ficci\u00f3n la historia de esta ni\u00f1a callada y perspicaz<\/strong> que a los 15 a\u00f1os se uni\u00f3 en matrimonio con el duque Alfonso de Ferrara, un acuerdo ventajoso para el clan Medici, pero ella muri\u00f3 antes de cumplir el primer a\u00f1o de casada, oficialmente por <strong>tuberculosis<\/strong>, aunque se rumoreaba que <strong>hab\u00eda sido envenenada por su marido<\/strong>.<\/p>\n<\/div>\n<div class=\"sc-80531b6b-0 chRIGJ container-text text-embed\">\n<p>&#8220;Vi el \u00fanico retrato que existe de ella y luce preocupada, ansiosa, como si tuviera algo que decir, y supe que quer\u00eda escribir su historia&#8221;, cont\u00f3 la autora a esta cronista en una entrevista realizada en 2023.<\/p>\n<\/div>\n<div class=\"sc-198be8ec-0 cynXbu image-embed  image-embed \"><picture class=\"sc-198be8ec-1 kOjRiQ\"><source media=\"(min-width: 975px)\" width=\"720\" height=\"480\" \/><img alt=\"El legendario t\u00fanel elevado Corredor Vasari en los Uffizi, encargado por Cosme I de M\u00e9dici en 1565, reabre sus puertas al p\u00fablico. Foto: gentileza.\" loading=\"lazy\" width=\"720\" height=\"480\" decoding=\"async\" data-nimg=\"1\" style=\"color:transparent\" src=\"https:\/\/13.com.ar\/wp-content\/uploads\/2025\/01\/1738322965_87_La-reapertura-del-Corredor-Vasari-en-los-Uffizi.jpg\"\/><span class=\"epigraphe\">El legendario t\u00fanel elevado Corredor Vasari en los Uffizi, encargado por Cosme I de M\u00e9dici en 1565, reabre sus puertas al p\u00fablico. Foto: gentileza.<\/span><span class=\"bkg\"\/><span class=\"picture-open\"><button class=\"open-image\" aria-label=\"Open Image\"\/><\/span><\/picture><\/div>\n<p><h2>Personajes marginados<\/h2>\n<\/p>\n<div class=\"sc-80531b6b-0 chRIGJ container-text text-embed\">\n<p>O&#8217;Farrell sabe c\u00f3mo darle una voz \u00fanica a <strong>personajes que han sido marginados por la historia oficial<\/strong>, tal como hizo en el bestseller internacional <strong><em>Hamnet <\/em><\/strong>(2020) en donde revela <strong>la historia del hijo de Shakespeare que muri\u00f3 a los 11 a\u00f1os<\/strong> y que inspir\u00f3 la famosa obra teatral <em>Hamlet<\/em>.<\/p>\n<\/div>\n<div class=\"sc-198be8ec-0 cynXbu image-embed  image-embed \"><picture class=\"sc-198be8ec-1 kOjRiQ\"><source media=\"(min-width: 975px)\" width=\"720\" height=\"480\" \/><img alt=\"El legendario t\u00fanel elevado Corredor Vasari en los Uffizi, encargado por Cosme I de M\u00e9dici en 1565, reabre sus puertas al p\u00fablico. Foto: gentileza.\" loading=\"lazy\" width=\"720\" height=\"480\" decoding=\"async\" data-nimg=\"1\" style=\"color:transparent\" src=\"https:\/\/13.com.ar\/wp-content\/uploads\/2025\/01\/1738322965_81_La-reapertura-del-Corredor-Vasari-en-los-Uffizi.jpg\"\/><span class=\"epigraphe\">El legendario t\u00fanel elevado Corredor Vasari en los Uffizi, encargado por Cosme I de M\u00e9dici en 1565, reabre sus puertas al p\u00fablico. Foto: gentileza.<\/span><span class=\"bkg\"\/><span class=\"picture-open\"><button class=\"open-image\" aria-label=\"Open Image\"\/><\/span><\/picture><\/div>\n<div class=\"sc-80531b6b-0 chRIGJ container-text text-embed\">\n<p>En <em>El retrato de casada<\/em> \u2013que transcurre en gran parte en lo que es hoy el museo m\u00e1s importante de Florencia\u2013 la irlandesa <strong>rescata la historia poco explorada de la tercera hija de una de las dinast\u00edas m\u00e1s poderosas de Italia.<\/strong><\/p>\n<\/div>\n<div class=\"sc-80531b6b-0 chRIGJ container-text text-embed\">\n<p>Las obras maestras del museo Uffizi, como \u201cLa primavera\u201d de Botticelli, o \u201cEl nacimiento de Venus\u201d as\u00ed como como pinturas de Migue Angel, Leonardo da Vinci o Rafael eran la cuadros que adornaban las paredes de la residencia familiar y que<strong> la joven Lucrezia pod\u00eda contemplar cada d\u00eda, ya que formaban parte de su hogar.<\/strong><\/p>\n<\/div>\n<div class=\"sc-80531b6b-0 chRIGJ container-text text-embed\">\n<p>La historia oficial cuenta que era su hermana mayor, Mar\u00eda, quien estaba en principio prometida a Alfonso, pero como esta falleci\u00f3, la responsabilidad de la boda se traslad\u00f3 a la &#8220;invisible&#8221;, la &#8220;insignificante&#8221; Lucrezia.<\/p>\n<\/div>\n<div class=\"sc-198be8ec-0 cynXbu image-embed  image-embed \"><picture class=\"sc-198be8ec-1 kOjRiQ\"><source media=\"(min-width: 975px)\" width=\"720\" height=\"480\" \/><img alt=\"El legendario t\u00fanel elevado Corredor Vasari en los Uffizi, encargado por Cosme I de M\u00e9dici en 1565, reabre sus puertas al p\u00fablico. Foto: gentileza.\" loading=\"lazy\" width=\"720\" height=\"480\" decoding=\"async\" data-nimg=\"1\" style=\"color:transparent\" src=\"https:\/\/13.com.ar\/wp-content\/uploads\/2025\/01\/1738322965_605_La-reapertura-del-Corredor-Vasari-en-los-Uffizi.jpg\"\/><span class=\"epigraphe\">El legendario t\u00fanel elevado Corredor Vasari en los Uffizi, encargado por Cosme I de M\u00e9dici en 1565, reabre sus puertas al p\u00fablico. Foto: gentileza.<\/span><span class=\"bkg\"\/><span class=\"picture-open\"><button class=\"open-image\" aria-label=\"Open Image\"\/><\/span><\/picture><\/div>\n<div class=\"sc-80531b6b-0 chRIGJ container-text text-embed\">\n<p><strong>El \u00fanico retrato que existe de Lucrezia de M\u00e9dici <\/strong>\u2013en el que la escritora irlandesa bas\u00f3 su novela\u2013 <strong>fue realizado por Angelo Bronzino<\/strong>, uno de los pintores m\u00e1s reconocidos en la Florencia del siglo XVI, y se conserva hoy en el museo. <\/p>\n<\/div>\n<div class=\"sc-80531b6b-0 chRIGJ container-text text-embed\">\n<p>Sin embargo, si bien hay en Galer\u00eda de los Uffizi<strong> una sala completa dedicada a los retratos de la familia de Cosimo de Medici<\/strong>, de \u00e9l mismo, de Eleonora y de sus hijos e hijas,<strong> el retrato de Lucrezia no est\u00e1 en esa sala sino en la peque\u00f1a Galer\u00eda Palatina<\/strong>, al otro lado del r\u00edo Arno, y est\u00e1 ubicada muy abajo en la pared.<\/p>\n<\/div>\n<p><iframe loading=\"lazy\" src=\"https:\/\/www.facebook.com\/plugins\/post.php?href=https%3A%2F%2Fwww.facebook.com%2FMaggieOFarrellBooks%2Fposts%2Fpfbid0pJJyTw73bNR5gz5Se6p7HUxDyGbEpUJHjCmGFHM9k77WgEp56iVZAzDn8UDcX1Yml&amp;show_text=true&amp;width=500\" width=\"500\" height=\"680\" style=\"border:none;overflow:hidden\" scrolling=\"no\" frameborder=\"0\" allowfullscreen=\"true\" allow=\"autoplay; clipboard-write; encrypted-media; picture-in-picture; web-share\"><\/iframe><\/p>\n<div class=\"sc-80531b6b-0 chRIGJ container-text text-embed\">\n<p>\u201c<strong>Es muy dif\u00edcil encontrar su retrato.<\/strong> Y eso me rompi\u00f3 el coraz\u00f3n porque es emblem\u00e1tico de c\u00f3mo su familia y la historia la han tratado: como alguien insignificante. Espero que alg\u00fan d\u00eda los Uffizi la traigan de vuelta a la sala con su familia, a donde ella pertenece\u201d, hab\u00eda dicho O&#8217;Farrell (Coleraine, Irlanda el Norte, 1972), que debut\u00f3 como novelista con <em>After You&#8217;d Gone<\/em>, a los que le siguieron<em> My Lover&#8217;s Lover, Instrucciones para una ola de calor, Tiene que ser aqu\u00ed <\/em>y el libro de memorias <em>Sigo aqu\u00ed<\/em>.<\/p>\n<\/div>\n<div class=\"sc-80531b6b-0 chRIGJ container-text text-embed\">\n<p>La reapertura del Corredor de Vasari, aquel <strong>pasadizo que alguna vez sirvi\u00f3 como refugio para los poderosos<\/strong>, se abre ahora al mundo, permitiendo a los visitantes no solo contemplar su grandeza arquitect\u00f3nica, sino tambi\u00e9n <strong>caminar por los mismos pasillos por los que pasean las figuras que O\u2019Farrell rescata en su novela.<\/strong><\/p>\n<\/div>\n<div class=\"sc-198be8ec-0 cynXbu image-embed  image-embed \"><picture class=\"sc-198be8ec-1 kOjRiQ\"><source media=\"(min-width: 975px)\" width=\"720\" height=\"480\" \/><img alt=\"El legendario t\u00fanel elevado Corredor Vasari en los Uffizi, encargado por Cosme I de M\u00e9dici en 1565, reabre sus puertas al p\u00fablico. Foto: gEl legendario t\u00fanel elevado Corredor Vasari en los Uffizi, encargado por Cosme I de M\u00e9dici en 1565, reabre sus puertas al p\u00fablico. Foto: gentileza.entileza.\" loading=\"lazy\" width=\"720\" height=\"480\" decoding=\"async\" data-nimg=\"1\" style=\"color:transparent\" src=\"https:\/\/13.com.ar\/wp-content\/uploads\/2025\/01\/1738322965_889_La-reapertura-del-Corredor-Vasari-en-los-Uffizi.jpg\"\/><span class=\"epigraphe\">El legendario t\u00fanel elevado Corredor Vasari en los Uffizi, encargado por Cosme I de M\u00e9dici en 1565, reabre sus puertas al p\u00fablico. Foto: gEl legendario t\u00fanel elevado Corredor Vasari en los Uffizi, encargado por Cosme I de M\u00e9dici en 1565, reabre sus puertas al p\u00fablico. Foto: gentileza.entileza.<\/span><span class=\"bkg\"\/><span class=\"picture-open\"><button class=\"open-image\" aria-label=\"Open Image\"\/><\/span><\/picture><\/div>\n<div class=\"sc-80531b6b-0 chRIGJ container-text text-embed\">\n<p>Adem\u00e1s, este 21 de enero, <strong>el museo reabri\u00f3 tambi\u00e9n el Palazzo Pitti<\/strong> que permanec\u00eda cerrado desde el a\u00f1o 2020: se trata de 14 salas del primer piso del palacio que han sido restauradas y que funcionaron durante el Renacimiento como la residencia de tres dinast\u00edas florentinas, incluida la familia de Cosme.<\/p>\n<\/div>\n<\/div>\n<p><script async src=\"\/\/www.instagram.com\/embed.js\"><\/script><br \/>\n<br \/><br \/>\n<br \/><a href=\"https:\/\/www.clarin.com\/cultura\/renacimiento-presente-reapertura-corredor-vasari-uffizi_0_XK4AbTnaQk.html\">Fuente Clarin.com <\/a><\/p>\n","protected":false},"excerpt":{"rendered":"<p>La Galer\u00eda de los Uffizi, la pinacoteca m\u00e1s importante de Italia, abri\u00f3 al p\u00fablico, por primera vez en la historia su famoso corredor vasariano, un puente elevado (o \u201ct\u00fanel de aire\u201d) sobre el coraz\u00f3n de la ciudad de Florencia que en el Renacimiento utilizaron los grandes duques para trasladarse con seguridad. Los gobernantes de la [&hellip;]<\/p>\n","protected":false},"author":1,"featured_media":877,"comment_status":"open","ping_status":"open","sticky":false,"template":"","format":"standard","meta":{"footnotes":""},"categories":[2],"tags":[2163,100,28,2162,2165,2164],"class_list":["post-876","post","type-post","status-publish","format-standard","has-post-thumbnail","hentry","category-ultimas-noticias","tag-corredor","tag-del","tag-los","tag-reapertura","tag-uffizi","tag-vasari"],"_links":{"self":[{"href":"https:\/\/13.com.ar\/index.php\/wp-json\/wp\/v2\/posts\/876","targetHints":{"allow":["GET"]}}],"collection":[{"href":"https:\/\/13.com.ar\/index.php\/wp-json\/wp\/v2\/posts"}],"about":[{"href":"https:\/\/13.com.ar\/index.php\/wp-json\/wp\/v2\/types\/post"}],"author":[{"embeddable":true,"href":"https:\/\/13.com.ar\/index.php\/wp-json\/wp\/v2\/users\/1"}],"replies":[{"embeddable":true,"href":"https:\/\/13.com.ar\/index.php\/wp-json\/wp\/v2\/comments?post=876"}],"version-history":[{"count":0,"href":"https:\/\/13.com.ar\/index.php\/wp-json\/wp\/v2\/posts\/876\/revisions"}],"wp:featuredmedia":[{"embeddable":true,"href":"https:\/\/13.com.ar\/index.php\/wp-json\/wp\/v2\/media\/877"}],"wp:attachment":[{"href":"https:\/\/13.com.ar\/index.php\/wp-json\/wp\/v2\/media?parent=876"}],"wp:term":[{"taxonomy":"category","embeddable":true,"href":"https:\/\/13.com.ar\/index.php\/wp-json\/wp\/v2\/categories?post=876"},{"taxonomy":"post_tag","embeddable":true,"href":"https:\/\/13.com.ar\/index.php\/wp-json\/wp\/v2\/tags?post=876"}],"curies":[{"name":"wp","href":"https:\/\/api.w.org\/{rel}","templated":true}]}}