{"id":874,"date":"2025-01-31T08:25:37","date_gmt":"2025-01-31T11:25:37","guid":{"rendered":"https:\/\/13.com.ar\/index.php\/que-cambia-con-la-nueva-medida\/"},"modified":"2025-01-31T08:25:37","modified_gmt":"2025-01-31T11:25:37","slug":"que-cambia-con-la-nueva-medida","status":"publish","type":"post","link":"https:\/\/13.com.ar\/index.php\/que-cambia-con-la-nueva-medida\/","title":{"rendered":"qu\u00e9 cambia con la nueva medida"},"content":{"rendered":"<p> <br \/>\n<br \/><img decoding=\"async\" src=\"https:\/\/13.com.ar\/wp-content\/uploads\/2025\/01\/que-cambia-con-la-nueva-medida.jpg\" \/><\/p>\n<div>\n<p>El Gobierno nacional, a trav\u00e9s de la resoluci\u00f3n 22\/2025 de la Secretar\u00eda de Energ\u00eda, publicada este mi\u00e9rcoles en el Bolet\u00edn Oficial, <strong>derog\u00f3 una normativa que impon\u00eda restricciones a la instalaci\u00f3n de centros de carga para autos<\/strong> <strong>el\u00e9ctricos<\/strong>.<\/p>\n<\/div>\n<div>\n<p>Esta decisi\u00f3n busca abrir el mercado a nuevos oferentes y facilitar la expansi\u00f3n de una red de abastecimiento el\u00e9ctrico acorde al crecimiento del sector, de acuerdo a las autoridades. <strong>La medida est\u00e1 alineada con la rebaja de aranceles a la importaci\u00f3n de veh\u00edculos el\u00e9ctricos<\/strong>, anunciada recientemente por el Gobierno.<\/p>\n<\/div>\n<div>\n<p>Adem\u00e1s, este cambio normativo pretende fomentar la inversi\u00f3n privada en infraestructura de carga, eliminando barreras burocr\u00e1ticas que imped\u00edan el desarrollo de un ecosistema de electromovilidad eficiente y accesible. Con <strong>m\u00e1s estaciones de carga<\/strong> disponibles, se espera que <strong>aumente el uso de<\/strong><em> <\/em><strong>autos<\/strong> <strong>el\u00e9ctricos<\/strong> en el pa\u00eds.<\/p>\n<\/div>\n<div>\n<p>La norma derogada, la <strong>Resoluci\u00f3n 817\/2023 <\/strong>del gobierno de<strong> Alberto Fern\u00e1ndez<\/strong>, establec\u00eda un sistema de registros y obligaciones que, seg\u00fan las autoridades actuales, dificultaba la participaci\u00f3n de pymes y comercios en el negocio de la carga el\u00e9ctrica. <\/p>\n<\/div>\n<div>\n<p>\u201cEl ministro @LuiscaputoAR  anunci\u00f3 ayer una baja en los aranceles de importaci\u00f3n de veh\u00edculos el\u00e9ctricos que facilita el acceso a un autom\u00f3vil. Sin embargo, para que la medida sea exitosa necesitamos una buena red de abastecimiento de electricidad para dichos veh\u00edculos\u201d, se\u00f1al\u00f3 el ministro de Modernizaci\u00f3n, Federico Sturzenegger.<\/p>\n<\/div>\n<div>\n<p>Sturzenegger explic\u00f3 que &#8220;la norma derogada es un buen ejemplo de c\u00f3mo la regulaci\u00f3n tiende a matar a las pymes y al emprendedurismo. Con los veh\u00edculos de combusti\u00f3n interna vas a un lugar a cargar, pero con los veh\u00edculos el\u00e9ctricos es al rev\u00e9s: cargas en los lugares ad\u00f3nde vas&#8221;.<\/p>\n<\/div>\n<div>\n<p>Y recalc\u00f3: &#8220;<strong>Los veh\u00edculos el\u00e9ctricos se cargar\u00e1n cuando com\u00e9s en un restaurant o cuando vas al supermercado. <\/strong>Vas a hacer algo a alg\u00fan lugar y aprovechas el tiempo all\u00ed para recargar tu veh\u00edculo. Por eso es importante que cualquiera pueda instalar dispositivos de carga. Y para estos negocios, proveer la carga va a ser una manera de atraer clientes&#8221;.<\/p>\n<\/div>\n<div>\n<p>Sturzenegger indic\u00f3 que la norma derogada imped\u00eda esta posibilidad &#8220;al instaurar un engorroso registro y un c\u00famulo de obligaciones, hac\u00eda que ning\u00fan negocio pudiera, en la pr\u00e1ctica, ofrecer dicho servicio&#8221;.<\/p>\n<\/div>\n<div>\n<p>La resoluci\u00f3n 22\/22, &#8220;deroga la 817\/23, con lo que<strong> la actividad de carga de autos el\u00e9ctricos pasa a ser una actividad plenamente desregulada<\/strong>. Y con una red barata y extensa de cargadores ser\u00e1 verdaderamente posible para un cliente&#8221;, se\u00f1al\u00f3 el funcionario.<\/p>\n<\/div>\n<p><br \/>\n<br \/><a href=\"https:\/\/www.clarin.com\/informacion-general\/gobierno-elimina-trabas-centros-carga-autos-electricos-cambia-nueva-medida_0_8BPLnyn3C9.html\">Fuente Clarin.com <\/a><\/p>\n","protected":false},"excerpt":{"rendered":"<p>El Gobierno nacional, a trav\u00e9s de la resoluci\u00f3n 22\/2025 de la Secretar\u00eda de Energ\u00eda, publicada este mi\u00e9rcoles en el Bolet\u00edn Oficial, derog\u00f3 una normativa que impon\u00eda restricciones a la instalaci\u00f3n de centros de carga para autos el\u00e9ctricos. Esta decisi\u00f3n busca abrir el mercado a nuevos oferentes y facilitar la expansi\u00f3n de una red de abastecimiento [&hellip;]<\/p>\n","protected":false},"author":1,"featured_media":875,"comment_status":"open","ping_status":"open","sticky":false,"template":"","format":"standard","meta":{"footnotes":""},"categories":[2],"tags":[181,18,250,19,286],"class_list":["post-874","post","type-post","status-publish","format-standard","has-post-thumbnail","hentry","category-ultimas-noticias","tag-cambia","tag-con","tag-medida","tag-nueva","tag-que"],"_links":{"self":[{"href":"https:\/\/13.com.ar\/index.php\/wp-json\/wp\/v2\/posts\/874","targetHints":{"allow":["GET"]}}],"collection":[{"href":"https:\/\/13.com.ar\/index.php\/wp-json\/wp\/v2\/posts"}],"about":[{"href":"https:\/\/13.com.ar\/index.php\/wp-json\/wp\/v2\/types\/post"}],"author":[{"embeddable":true,"href":"https:\/\/13.com.ar\/index.php\/wp-json\/wp\/v2\/users\/1"}],"replies":[{"embeddable":true,"href":"https:\/\/13.com.ar\/index.php\/wp-json\/wp\/v2\/comments?post=874"}],"version-history":[{"count":0,"href":"https:\/\/13.com.ar\/index.php\/wp-json\/wp\/v2\/posts\/874\/revisions"}],"wp:featuredmedia":[{"embeddable":true,"href":"https:\/\/13.com.ar\/index.php\/wp-json\/wp\/v2\/media\/875"}],"wp:attachment":[{"href":"https:\/\/13.com.ar\/index.php\/wp-json\/wp\/v2\/media?parent=874"}],"wp:term":[{"taxonomy":"category","embeddable":true,"href":"https:\/\/13.com.ar\/index.php\/wp-json\/wp\/v2\/categories?post=874"},{"taxonomy":"post_tag","embeddable":true,"href":"https:\/\/13.com.ar\/index.php\/wp-json\/wp\/v2\/tags?post=874"}],"curies":[{"name":"wp","href":"https:\/\/api.w.org\/{rel}","templated":true}]}}