{"id":872,"date":"2025-01-31T08:22:58","date_gmt":"2025-01-31T11:22:58","guid":{"rendered":"https:\/\/13.com.ar\/index.php\/el-nuevo-indice-de-inflacion-no-tiene-fecha-de-arranque\/"},"modified":"2025-01-31T08:22:58","modified_gmt":"2025-01-31T11:22:58","slug":"el-nuevo-indice-de-inflacion-no-tiene-fecha-de-arranque","status":"publish","type":"post","link":"https:\/\/13.com.ar\/index.php\/el-nuevo-indice-de-inflacion-no-tiene-fecha-de-arranque\/","title":{"rendered":"El nuevo \u00edndice de inflaci\u00f3n no tiene fecha de arranque"},"content":{"rendered":"<p> <br \/>\n<br \/><img decoding=\"async\" src=\"https:\/\/13.com.ar\/wp-content\/uploads\/2025\/01\/El-nuevo-indice-de-inflacion-no-tiene-fecha-de-arranque.jpg\" \/><\/p>\n<div id=\"cuerpo\">\n<div class=\"sc-80531b6b-0 chRIGJ container-text text-embed\">\n<p><strong>\u201cNo hay fecha a\u00fan\u201d para el debut oficial del nuevo IPC<\/strong> (\u00cdndice de Precios al Consumidor) del INDEC, le dijeron a Clar\u00edn en el Ministerio de Econom\u00eda.<\/p>\n<\/div>\n<div class=\"sc-80531b6b-0 chRIGJ container-text text-embed\">\n<p><strong>Previsto inicialmente para fines de 2022<\/strong>, en Econom\u00eda sostienen que el nuevo IPC es <strong>\u201cun proyecto, pero no de corto plazo\u201d, <\/strong>sin arriesgar una fecha de inicio. De aqu\u00ed se desprender\u00eda que, al menos, no se implementar\u00eda a lo largo de 2025.<\/p>\n<\/div>\n<div class=\"sc-80531b6b-0 chRIGJ container-text text-embed\">\n<p>Con esto lo que <strong>se busca es asegurar que el cambio del IPC no modifique hacia arriba los \u00edndices de inflaci\u00f3n,<\/strong> como habr\u00eda pasado en todos estos a\u00f1os si se hubiera implementado el \u201cnuevo IPC\u201d.<\/p>\n<\/div>\n<div class=\"sc-80531b6b-0 chRIGJ container-text text-embed\">\n<p>Es que, si el INDEC hubiera actualizado el gasto de los hogares y el a\u00f1o base del IPC<strong>, la inflaci\u00f3n de 2024 habr\u00eda sido casi 16 puntos mayor,<\/strong> seg\u00fan calcul\u00f3 Mart\u00edn Gonz\u00e1lez Rozada, profesor titular del Departamento y director de la Maestr\u00eda en Econom\u00eda de la Universidad Torcuato Di Tella.<\/p>\n<\/div>\n<div class=\"sc-80531b6b-0 chRIGJ container-text text-embed\">\n<p><strong>\u201cCambiar ahora el IPC ser\u00eda poner un palo en la rueda al objetivo de perforar el 1% de inflaci\u00f3n oficial mensual\u201d,<\/strong> reconocieron t\u00e9cnicos del Gobierno. Y agregaron: \u201cCuanto m\u00e1s posterguemos el nuevo IPC, m\u00e1s margen tenemos para completar los ajustes tarifarios sin que se dispare la medici\u00f3n oficial de los precios\u201d.<\/p>\n<\/div>\n<div class=\"sc-80531b6b-0 chRIGJ container-text text-embed\">\n<p><strong>Es que, si el IPC se ubicara en el 1% mensual o incluso m\u00e1s bajo<\/strong>, no habr\u00eda tantas diferencias entre las variaciones de precios entre los bienes y los servicios, como pas\u00f3 en 2024. Y como el nuevo IPC medir\u00eda oficialmente la inflaci\u00f3n hacia delante, la fuerte p\u00e9rdida oficial de ingresos de la poblaci\u00f3n, en especial trabajadores y jubilados, y en especial en 2024, no ser\u00eda alterada ni compensada.<\/p>\n<\/div>\n<div class=\"sc-80531b6b-0 chRIGJ container-text text-embed\">\n<p>El IPC del Indec se calcula seg\u00fan la Encuesta Nacional del Gasto de los Hogares (ENGHO) de 2004-2005 con un \u00edndice de precios base de 2016. El c\u00e1lculo de Rozada toma, entre otras cosas, los ponderadores de una Encuesta del INDEC m\u00e1s actualizado (ENGHo 2017-2018) y el per\u00edodo de referencia de la nueva base.<\/p>\n<\/div>\n<div class=\"sc-80531b6b-0 chRIGJ container-text text-embed\">\n<p>La elecci\u00f3n del a\u00f1o base toma en cuenta el promedio de los precios de 12 meses y asegura que se contemplen las distintas estacionalidades de ese per\u00edodo. La inflaci\u00f3n de 2024, utilizando el a\u00f1o base, por ejemplo, de los \u00faltimos a\u00f1os, arroja en todos los casos una inflaci\u00f3n mayor a la que inform\u00f3 el INDEC.<\/p>\n<\/div>\n<div class=\"sc-80531b6b-0 chRIGJ container-text text-embed\">\n<p>Hace tiempo, el Instituto Nacional reconoci\u00f3 la necesidad de actualizar el IPC. Y realiz\u00f3 una Encuesta de Hogares (ENGHO 2017\/2018) para actualizar el c\u00e1lculo de inflaci\u00f3n, pero no fue implementada. La realidad es que la ENGHO 2017\/18 ya est\u00e1 tambi\u00e9n desactualizada, habi\u00e9ndose despreciado el trabajo y el dinero que cost\u00f3 realizar la ENGHO 2017\/2018.<\/p>\n<\/div>\n<div class=\"sc-80531b6b-0 chRIGJ container-text text-embed\">\n<p><strong>En marzo de 2021, en el INDEC dec\u00edan que el nuevo IPC reci\u00e9n podr\u00eda debutar a fines de 2022.<\/strong><\/p>\n<\/div>\n<div class=\"sc-80531b6b-0 chRIGJ container-text text-embed\">\n<p>A fin de 2023, el INDEC inform\u00f3 que sus equipos t\u00e9cnicos estuvieron con \u201cla misi\u00f3n t\u00e9cnica del economista especialista de la Divisi\u00f3n Sector Real del Departamento de Estad\u00edsticas del Fondo Monetario Internacional, Brian Graf, para trabajar en el proyecto de cambio de base del \u00cdndice de Precios al Consumidor (IPC)&#8221;.<\/p>\n<\/div>\n<div class=\"sc-80531b6b-0 chRIGJ container-text text-embed\">\n<p>En el caso de la Ciudad de Buenos Aires, el IPC se actualiz\u00f3 en 2022.  Las ponderaciones se basaron en  el de relevamiento de la  ENGHo: noviembre de 2017 a noviembre de 2018. Y en relaci\u00f3n al per\u00edodo de referencia de los precios y del \u00edndice, se tom\u00f3 un a\u00f1o calendario, entre enero de 2021 y diciembre de 2021.<\/p>\n<\/div>\n<div class=\"sc-80531b6b-0 chRIGJ container-text text-embed\">\n<p>\u201cLa elecci\u00f3n de un a\u00f1o de duraci\u00f3n del per\u00edodo de referencia implica que la base del mismo es el promedio de los precios de los 12 meses. De esta forma, se logra contemplar las distintas estacionalidades, ya que se relevan precios para todos los productos que componen la canasta del \u00edndice en todos los puntos de venta durante dicho periodo. Esto \u00faltimo, es muy importante para lograr que los precios de los productos estacionales est\u00e9n adecuadamente representados a lo largo del per\u00edodo de referencia del \u00edndice\u201d, seg\u00fan la metodolog\u00eda de la actualizaci\u00f3n del IPC CABA.<\/p>\n<\/div>\n<div class=\"sc-80531b6b-0 chRIGJ container-text text-embed\">\n<p>En 2024, <strong>la inflaci\u00f3n de CABA fue del 136,7%.<\/strong><\/p>\n<\/div>\n<\/div>\n<p><br \/>\n<br \/><a href=\"https:\/\/www.clarin.com\/economia\/nuevo-indice-inflacion-fecha-arranque_0_DSAp804oVE.html\">Fuente Clarin.com <\/a><\/p>\n","protected":false},"excerpt":{"rendered":"<p>\u201cNo hay fecha a\u00fan\u201d para el debut oficial del nuevo IPC (\u00cdndice de Precios al Consumidor) del INDEC, le dijeron a Clar\u00edn en el Ministerio de Econom\u00eda. Previsto inicialmente para fines de 2022, en Econom\u00eda sostienen que el nuevo IPC es \u201cun proyecto, pero no de corto plazo\u201d, sin arriesgar una fecha de inicio. De [&hellip;]<\/p>\n","protected":false},"author":1,"featured_media":873,"comment_status":"open","ping_status":"open","sticky":false,"template":"","format":"standard","meta":{"footnotes":""},"categories":[2],"tags":[2161,1946,2160,1544,14,1486],"class_list":["post-872","post","type-post","status-publish","format-standard","has-post-thumbnail","hentry","category-ultimas-noticias","tag-arranque","tag-fecha","tag-indice","tag-inflacion","tag-nuevo","tag-tiene"],"_links":{"self":[{"href":"https:\/\/13.com.ar\/index.php\/wp-json\/wp\/v2\/posts\/872","targetHints":{"allow":["GET"]}}],"collection":[{"href":"https:\/\/13.com.ar\/index.php\/wp-json\/wp\/v2\/posts"}],"about":[{"href":"https:\/\/13.com.ar\/index.php\/wp-json\/wp\/v2\/types\/post"}],"author":[{"embeddable":true,"href":"https:\/\/13.com.ar\/index.php\/wp-json\/wp\/v2\/users\/1"}],"replies":[{"embeddable":true,"href":"https:\/\/13.com.ar\/index.php\/wp-json\/wp\/v2\/comments?post=872"}],"version-history":[{"count":0,"href":"https:\/\/13.com.ar\/index.php\/wp-json\/wp\/v2\/posts\/872\/revisions"}],"wp:featuredmedia":[{"embeddable":true,"href":"https:\/\/13.com.ar\/index.php\/wp-json\/wp\/v2\/media\/873"}],"wp:attachment":[{"href":"https:\/\/13.com.ar\/index.php\/wp-json\/wp\/v2\/media?parent=872"}],"wp:term":[{"taxonomy":"category","embeddable":true,"href":"https:\/\/13.com.ar\/index.php\/wp-json\/wp\/v2\/categories?post=872"},{"taxonomy":"post_tag","embeddable":true,"href":"https:\/\/13.com.ar\/index.php\/wp-json\/wp\/v2\/tags?post=872"}],"curies":[{"name":"wp","href":"https:\/\/api.w.org\/{rel}","templated":true}]}}