{"id":864,"date":"2025-01-31T06:47:30","date_gmt":"2025-01-31T09:47:30","guid":{"rendered":"https:\/\/13.com.ar\/index.php\/denuncias-de-vecinos-y-operativo-policial-en-la-zona-de-belgrano-que-se-convirtio-en-una-pista\/"},"modified":"2025-01-31T06:47:30","modified_gmt":"2025-01-31T09:47:30","slug":"denuncias-de-vecinos-y-operativo-policial-en-la-zona-de-belgrano-que-se-convirtio-en-una-pista","status":"publish","type":"post","link":"https:\/\/13.com.ar\/index.php\/denuncias-de-vecinos-y-operativo-policial-en-la-zona-de-belgrano-que-se-convirtio-en-una-pista\/","title":{"rendered":"denuncias de vecinos y operativo policial en la zona de Belgrano que se convirti\u00f3 en una pista"},"content":{"rendered":"<p> <br \/>\n<\/p>\n<div id=\"cuerpo\">\n<div class=\"sc-80531b6b-0 chRIGJ container-text text-embed\">\n<p><strong>Velocidad, ruido, peligro y descontrol. <\/strong>Es lo que denuncian los vecinos de<strong> Belgrano,<\/strong> sobre todo los que viven en las calles <strong>Juramento, Echeverr\u00eda, Casta\u00f1eda y Ramsay.<\/strong> Es que all\u00ed se arm\u00f3 una especie de circuito para autos preparados que cada jueves se re\u00fanen en la renovada estaci\u00f3n de servicio YPF, que est\u00e1 sobre en <strong>Figueroa Alcorta, entre Juramento y Echeverr\u00eda. <\/strong><\/p>\n<\/div>\n<div class=\"sc-80531b6b-0 chRIGJ container-text text-embed\">\n<p>En una cuenta de la red social Instagram, llamada<strong> &#8220;juevesdealcorta&#8221;<\/strong>, se ven im\u00e1genes de una convocatoria que cada vez se fue haciendo m\u00e1s multitudinaria y que, seg\u00fan pudo saber <strong>Clar\u00edn<\/strong>, antes se produc\u00eda en otras estaciones de servicio, como la Shell de General Paz y Constituyentes y la de la misma marca frente a la cancha de River. <\/p>\n<\/div>\n<div class=\"sc-198be8ec-0 cynXbu image-embed  image-embed \"><picture class=\"sc-198be8ec-1 kOjRiQ\"><source media=\"(min-width: 975px)\" width=\"720\" height=\"480\" \/><img alt=\"Estaci\u00f3n de servicio YPF de Alcorta y Echeverria. Por los encuentros de autos preparados y las picadas de los jueves, hubo operativos de la Polic\u00eda de la Ciudad. Fotos Emmanuel Fern\u00e1ndez \" loading=\"lazy\" width=\"720\" height=\"480\" decoding=\"async\" data-nimg=\"1\" style=\"color:transparent\" src=\"https:\/\/13.com.ar\/wp-content\/uploads\/2025\/01\/denuncias-de-vecinos-y-operativo-policial-en-la-zona-de.jpg\"\/><span class=\"epigraphe\">Estaci\u00f3n de servicio YPF de Alcorta y Echeverria. Por los encuentros de autos preparados y las picadas de los jueves, hubo operativos de la Polic\u00eda de la Ciudad. Fotos Emmanuel Fern\u00e1ndez <\/span><span class=\"bkg\"\/><span class=\"picture-open\"><button class=\"open-image\" aria-label=\"Open Image\"\/><\/span><\/picture><\/div>\n<div class=\"sc-80531b6b-0 chRIGJ container-text text-embed\">\n<p>Las mismas fuentes dicen que de ah\u00ed los sacaron. Pero desde hace m\u00e1s de un a\u00f1o, seg\u00fan los vecinos, comenzaron a escucharse los ruidos y a sufrir por <strong>excesos de velocidad y hasta algunas picadas <\/strong>protagonizadas por conductores en autos, algunos de alta gama y otros &#8220;tuneados&#8221;, seg\u00fan el adjetivo que se utiliza para describir a rodados con motores preparados y modificaciones como<strong> suspensiones bajas o escapes sin silenciadores.<\/strong><\/p>\n<\/div>\n<div class=\"sc-80531b6b-0 chRIGJ container-text text-embed\">\n<p><strong>&#8220;Estamos preocupados y desesperados<\/strong>. No solo sufrimos estos encuentros, que re\u00fanen a unas 800 personas y 300 autos cada jueves. Tambi\u00e9n corren picadas por las calles internas. Las peores son <strong>Casta\u00f1eda y Ramsay<\/strong>, y cuando suben al puente Scalabrini Ortiz, que tiene bajada en Cantilo para salir a Panamericana y General Paz, o para ir hacia la Costanera&#8221;, dijo Magdalena Lambertucci, que vive en el complejo<strong> Forum Alcorta<\/strong> y tiene acceso por Casta\u00f1eda 2020.<\/p>\n<\/div>\n<div class=\"sc-198be8ec-0 cynXbu image-embed  image-embed \"><picture class=\"sc-198be8ec-1 kOjRiQ\"><source media=\"(min-width: 975px)\" width=\"720\" height=\"480\" \/><img alt=\"Operativo policial en la estaci\u00f3n de servicio YPF Alcorta y Echeverria&#10;Fotos Emmanuel Fern\u00e1ndez\" loading=\"lazy\" width=\"720\" height=\"480\" decoding=\"async\" data-nimg=\"1\" style=\"color:transparent\" src=\"https:\/\/13.com.ar\/wp-content\/uploads\/2025\/01\/1738316850_647_denuncias-de-vecinos-y-operativo-policial-en-la-zona-de.jpg\"\/><span class=\"epigraphe\">Operativo policial en la estaci\u00f3n de servicio YPF Alcorta y Echeverria<br \/>\nFotos Emmanuel Fern\u00e1ndez<\/span><span class=\"bkg\"\/><span class=\"picture-open\"><button class=\"open-image\" aria-label=\"Open Image\"\/><\/span><\/picture><\/div>\n<div class=\"sc-80531b6b-0 chRIGJ container-text text-embed\">\n<p>&#8220;Es un complejo de viviendas de <strong>152 propiedades y en el que viven una 550 personas.<\/strong> La gente sale a caminar, o a pasear al perro, y <strong>el peligro es inminente<\/strong>. A fin de a\u00f1o, por ejemplo, se hicieron las fiestas de los dos colegios de la zona y los autos andaban por esas calles como si nada&#8221;, asegur\u00f3 Hern\u00e1n Faur, que trabaja como jefe de Seguridad de Forum Alcorta.<\/p>\n<\/div>\n<div class=\"sc-80531b6b-0 chRIGJ container-text text-embed\">\n<p>&#8220;El complejo tiene otra entrada por Ramsay. Es una calle que tiene una cuadra mano hacia Figueroa Alcorta y otra que cambia el sentido. <strong>Los tipos siguen de largo de contramano como si nada.<\/strong> O sea, un auto que dobla normalmente se encuentra con una carrera de frente&#8221;. ejemplific\u00f3 Faur.<\/p>\n<\/div>\n<div class=\"sc-80531b6b-0 chRIGJ container-text text-embed\">\n<p>&#8220;En los \u00faltimos meses<strong> empez\u00f3 a ser cada vez peor, m\u00e1s ruidoso y m\u00e1s peligroso,<\/strong> ya que se sumaron<strong> motos de todo tipo y camionetas enormes&#8221;, <\/strong>agreg\u00f3<strong>. <\/strong><\/p>\n<\/div>\n<div class=\"sc-198be8ec-0 cynXbu image-embed  image-embed \"><picture class=\"sc-198be8ec-1 kOjRiQ\"><source media=\"(min-width: 975px)\" width=\"720\" height=\"480\" \/><img alt=\"Picadas y velocidad en Figueroa Alcorta y Juramento, en Belgrano. Por las quejas de los vecinos, la Polic\u00eda de la Ciudad comenz\u00f3 a hacer operativos y secuestr\u00f3 autos.\" loading=\"lazy\" width=\"720\" height=\"480\" decoding=\"async\" data-nimg=\"1\" style=\"color:transparent\" src=\"https:\/\/13.com.ar\/wp-content\/uploads\/2025\/01\/1738316850_380_denuncias-de-vecinos-y-operativo-policial-en-la-zona-de.jpg\"\/><span class=\"epigraphe\">Picadas y velocidad en Figueroa Alcorta y Juramento, en Belgrano. Por las quejas de los vecinos, la Polic\u00eda de la Ciudad comenz\u00f3 a hacer operativos y secuestr\u00f3 autos.<\/span><span class=\"bkg\"\/><span class=\"picture-open\"><button class=\"open-image\" aria-label=\"Open Image\"\/><\/span><\/picture><\/div>\n<div class=\"sc-80531b6b-0 chRIGJ container-text text-embed\">\n<p>&#8220;Hacen cortes con las motos, aceleran haciendo mucho ruido y los autos y camionetas tienen parlantes inmensos, por lo cual esto se transforma en un <strong>boliche en la calle y nada m\u00e1s parecido a un aut\u00f3dromo&#8221;<\/strong>, relat\u00f3 Lambertucci, y agreg\u00f3: &#8220;Tambi\u00e9n los j\u00f3venes y adultos que presencian este evento abren sus ba\u00fales, arman su barra, toman alcohol y escuchan m\u00fasica a todo volumen. Y lo hacen donde sea. <strong>A veces en la cuadra de la estaci\u00f3n y otras en la puerta de edificios y casas&#8221;.<\/strong><\/p>\n<\/div>\n<div class=\"sc-80531b6b-0 chRIGJ container-text text-embed\">\n<p>La vecina sum\u00f3 que se hicieron reiterados<strong> llamados al 911 y que hubo presencia policial.<\/strong> Pero asegur\u00f3 que la situaci\u00f3n no cambia. Seg\u00fan pudo saber <strong>Clar\u00edn<\/strong>, en algunos casos, en su mayor\u00eda motos, la estaci\u00f3n de servicio es el punto de partida de un circuito m\u00e1s amplio comprendido por<strong> Cantilo, la General Paz y la Panamericana.<\/strong><\/p>\n<\/div>\n<p><h2>Operativos y controles<\/h2>\n<\/p>\n<div class=\"sc-80531b6b-0 chRIGJ container-text text-embed\">\n<p>Alertados por las denuncias de los vecinos, que tambi\u00e9n<strong> firmaron una carta pidiendo la instalaci\u00f3n de reductores de velocidad<\/strong>, fuentes del Gobierno porte\u00f1o le dijeron a <strong>Clar\u00edn<\/strong> que se vienen haciendo operativos y que puntualmente el jueves 23 se hizo uno con agentes de tr\u00e1nsito y polic\u00edas. Afirmaron que se secuestraron 20 autos entre la YPF de Alcorta y la Shell de General Paz. Adem\u00e1s, dijeron que ya<strong> se trabaja en la colocaci\u00f3n de los reductores<\/strong> que pidieron propietarios e inquilinos. <\/p>\n<\/div>\n<div class=\"sc-80531b6b-0 chRIGJ container-text text-embed\">\n<p>El mismo procedimiento se llev\u00f3 a cabo en la noche de este jueves. Esta vez el despliegue fue a\u00fan mayor, por lo que seg\u00fan las fuentes consultadas, la cantidad de autos que llegaron hasta la YPF fue menor que en las semanas anteriores. Para los vecinos es una buena noticia aunque insisten en que la situaci\u00f3n exige <strong>mayores controles y piden que se mantengan los operativos<\/strong>. &#8220;Es que cuando se relajen, todo esto vuelve&#8221;, afirman.<\/p>\n<\/div>\n<div class=\"sc-198be8ec-0 cynXbu image-embed  image-embed \"><picture class=\"sc-198be8ec-1 kOjRiQ\"><source media=\"(min-width: 975px)\" width=\"720\" height=\"480\" \/><img alt=\"Operativo policial en la estaci\u00f3n de servicio YPF de Alcorta y Echeverria, en donde cada jueves se re\u00fanen decenas de autos preparados y los vecinos denuncian que corren picadas. Fotos Emmanuel Fern\u00e1ndez\" loading=\"lazy\" width=\"720\" height=\"480\" decoding=\"async\" data-nimg=\"1\" style=\"color:transparent\" src=\"https:\/\/13.com.ar\/wp-content\/uploads\/2025\/01\/1738316850_37_denuncias-de-vecinos-y-operativo-policial-en-la-zona-de.jpg\"\/><span class=\"epigraphe\">Operativo policial en la estaci\u00f3n de servicio YPF de Alcorta y Echeverria, en donde cada jueves se re\u00fanen decenas de autos preparados y los vecinos denuncian que corren picadas. Fotos Emmanuel Fern\u00e1ndez<\/span><span class=\"bkg\"\/><span class=\"picture-open\"><button class=\"open-image\" aria-label=\"Open Image\"\/><\/span><\/picture><\/div>\n<div class=\"sc-80531b6b-0 chRIGJ container-text text-embed\">\n<p>Fuentes de YPF, que controla la estaci\u00f3n de servicio, que fue redise\u00f1ada y reinagurada en 2023, tambi\u00e9n le dijeron a <strong>Clar\u00edn<\/strong> que vienen incrementando los controles de ingreso a la estaci\u00f3n y<strong> limitaron los accesos.<\/strong> Este jueves por la noche, a los agentes de tr\u00e1nsito y polic\u00edas se sum\u00f3 personal de seguridad de la propia estaci\u00f3n.<\/p>\n<\/div>\n<div class=\"sc-80531b6b-0 chRIGJ container-text text-embed\">\n<p>Adem\u00e1s, se decidi\u00f3 el uso de vallas para establecer un control de acceso a partir de las 20.30. Y no <strong>descartaban el cierre total en caso de que la reuni\u00f3n afecte la operaci\u00f3n de la estaci\u00f3n.<\/strong><\/p>\n<\/div>\n<p><h2>En las redes<\/h2>\n<\/p>\n<div class=\"sc-80531b6b-0 chRIGJ container-text text-embed\">\n<p>En Instagram, las fotos y los videos muestran lo que describen los vecinos. El desfile de autos es incesante. Y tambi\u00e9n se ve la cantidad de gente que llega para sacar fotos y se para sobre la calzada en Figueroa Alcorta. Al mismo tiempo, aparecen cr\u00edticas entre los que defienden ese espacio como un lugar de encuentro y <strong>culpan a otros por el descontrol<\/strong>.<\/p>\n<\/div>\n<div class=\"sc-80531b6b-0 chRIGJ container-text text-embed\">\n<p>&#8220;El d\u00eda que entiendan que <strong>no es un evento de autos y que es un encuentro donde se juntan amigos con ganas de compartir un caf\u00e9 y una hamburguesa, <\/strong>mientras habl\u00e1s de fierros y de la vida&#8230; Fui de los primeros que empez\u00f3 a ir a la YPF hace 1 a\u00f1o atr\u00e1s. Se respetaba eso que coment\u00e9 al principio, hasta que empez\u00f3 a llegar<strong> gente que expuso el lugar y termin\u00f3 pasando lo que pas\u00f3&#8221;,<\/strong> dice uno de los usuarios en el perfil de Instagram. Y agrega: &#8220;No molesta que venga gente a sacar fotos, en cambio s\u00ed molesta la gente que viene a hacer bardo <strong>o a ver quien la tiene m\u00e1s grande.<\/strong> Repito, no son eventos, son reuniones de amigos con gustos de autos y motores. Espero sepan entender el mensaje&#8221;.<\/p>\n<\/div>\n<div class=\"sc-198be8ec-0 cynXbu image-embed  image-embed \"><picture class=\"sc-198be8ec-1 kOjRiQ\"><source media=\"(min-width: 975px)\" width=\"720\" height=\"480\" \/><img alt=\"En Instagram, las fotos y los videos los muestran autos preparados y la gente que se re\u00fane para verlos y sacarles fotos. \" loading=\"lazy\" width=\"720\" height=\"480\" decoding=\"async\" data-nimg=\"1\" style=\"color:transparent\" src=\"https:\/\/13.com.ar\/wp-content\/uploads\/2025\/01\/1738316850_779_denuncias-de-vecinos-y-operativo-policial-en-la-zona-de.jpg\"\/><span class=\"epigraphe\">En Instagram, las fotos y los videos los muestran autos preparados y la gente que se re\u00fane para verlos y sacarles fotos. <\/span><span class=\"bkg\"\/><span class=\"picture-open\"><button class=\"open-image\" aria-label=\"Open Image\"\/><\/span><\/picture><\/div>\n<div class=\"sc-80531b6b-0 chRIGJ container-text text-embed\">\n<p>&#8220;Siempre pasa lo mismo, al igual que cuando se hac\u00eda <strong>&#8220;enfierrados&#8221;<\/strong> en General Paz, siempre estuvo re bueno, hasta que <strong>empezaron a caer los fantasmas y chau,<\/strong> cagaron todo y nunca m\u00e1s se volvi\u00f3 a eso y a esa esencia&#8221;, dice otro usuario.<\/p>\n<\/div>\n<div class=\"sc-80531b6b-0 chRIGJ container-text text-embed\">\n<p>&#8220;Ayer la polic\u00eda ya estaba controlando que no caminen por la avenida y que no manejen alcoholizados o sin papeles, despu\u00e9s de eso estuvo todo bien, todos los del evento estaban perfectos, <strong>pero cayeron los colores cart\u00f3n con autos re cabeza y parlantes con m\u00fasica muy molesta<\/strong> y empezaron a escabiar y cortaron la calle Echeverr\u00eda, la gente llam\u00f3 a la polic\u00eda, y encima otro color cart\u00f3n no tuvo mejor idea que querer chocar a todos con su camioneta blanca, ah\u00ed se pudri\u00f3 mal, termin\u00f3 detenido y se tuvo que suspender el evento&#8221;, describieron desde otro perfil sobre lo que pas\u00f3 el jueves 16.<\/p>\n<\/div>\n<div class=\"sc-198be8ec-0 cynXbu image-embed  image-embed \"><picture class=\"sc-198be8ec-1 kOjRiQ\"><source media=\"(min-width: 975px)\" width=\"720\" height=\"480\" \/><img alt=\"&quot;Jueves de Alcorta&quot;. Los mensajes en Instagram por los encuentros y las picadas en Belgrano.\" loading=\"lazy\" width=\"720\" height=\"480\" decoding=\"async\" data-nimg=\"1\" style=\"color:transparent\" src=\"https:\/\/13.com.ar\/wp-content\/uploads\/2025\/01\/1738316850_39_denuncias-de-vecinos-y-operativo-policial-en-la-zona-de.jpg\"\/><span class=\"epigraphe\">&#8220;Jueves de Alcorta&#8221;. Los mensajes en Instagram por los encuentros y las picadas en Belgrano.<\/span><span class=\"bkg\"\/><span class=\"picture-open\"><button class=\"open-image\" aria-label=\"Open Image\"\/><\/span><\/picture><\/div>\n<\/div>\n<p><br \/>\n<br \/><a href=\"https:\/\/www.clarin.com\/ciudades\/velocidad-ruido-peligro-figueroa-alcorta-denuncias-vecinos-operativo-policial-zona-belgrano-convirtio-pista_0_0QPCtGy4UZ.html\">Fuente Clarin.com <\/a><\/p>\n","protected":false},"excerpt":{"rendered":"<p>Velocidad, ruido, peligro y descontrol. Es lo que denuncian los vecinos de Belgrano, sobre todo los que viven en las calles Juramento, Echeverr\u00eda, Casta\u00f1eda y Ramsay. Es que all\u00ed se arm\u00f3 una especie de circuito para autos preparados que cada jueves se re\u00fanen en la renovada estaci\u00f3n de servicio YPF, que est\u00e1 sobre en Figueroa [&hellip;]<\/p>\n","protected":false},"author":1,"featured_media":865,"comment_status":"open","ping_status":"open","sticky":false,"template":"","format":"standard","meta":{"footnotes":""},"categories":[2],"tags":[2147,2148,2143,2145,2149,2146,73,2144,1670],"class_list":["post-864","post","type-post","status-publish","format-standard","has-post-thumbnail","hentry","category-ultimas-noticias","tag-belgrano","tag-convirtio","tag-denuncias","tag-operativo","tag-pista","tag-policial","tag-una","tag-vecinos","tag-zona"],"_links":{"self":[{"href":"https:\/\/13.com.ar\/index.php\/wp-json\/wp\/v2\/posts\/864","targetHints":{"allow":["GET"]}}],"collection":[{"href":"https:\/\/13.com.ar\/index.php\/wp-json\/wp\/v2\/posts"}],"about":[{"href":"https:\/\/13.com.ar\/index.php\/wp-json\/wp\/v2\/types\/post"}],"author":[{"embeddable":true,"href":"https:\/\/13.com.ar\/index.php\/wp-json\/wp\/v2\/users\/1"}],"replies":[{"embeddable":true,"href":"https:\/\/13.com.ar\/index.php\/wp-json\/wp\/v2\/comments?post=864"}],"version-history":[{"count":0,"href":"https:\/\/13.com.ar\/index.php\/wp-json\/wp\/v2\/posts\/864\/revisions"}],"wp:featuredmedia":[{"embeddable":true,"href":"https:\/\/13.com.ar\/index.php\/wp-json\/wp\/v2\/media\/865"}],"wp:attachment":[{"href":"https:\/\/13.com.ar\/index.php\/wp-json\/wp\/v2\/media?parent=864"}],"wp:term":[{"taxonomy":"category","embeddable":true,"href":"https:\/\/13.com.ar\/index.php\/wp-json\/wp\/v2\/categories?post=864"},{"taxonomy":"post_tag","embeddable":true,"href":"https:\/\/13.com.ar\/index.php\/wp-json\/wp\/v2\/tags?post=864"}],"curies":[{"name":"wp","href":"https:\/\/api.w.org\/{rel}","templated":true}]}}