{"id":862,"date":"2025-01-31T06:44:58","date_gmt":"2025-01-31T09:44:58","guid":{"rendered":"https:\/\/13.com.ar\/index.php\/por-que-es-un-trastorno-que-hay-que-atender\/"},"modified":"2025-01-31T06:44:58","modified_gmt":"2025-01-31T09:44:58","slug":"por-que-es-un-trastorno-que-hay-que-atender","status":"publish","type":"post","link":"https:\/\/13.com.ar\/index.php\/por-que-es-un-trastorno-que-hay-que-atender\/","title":{"rendered":"por qu\u00e9 es un trastorno que hay que atender"},"content":{"rendered":"<p> <br \/>\n<\/p>\n<div id=\"cuerpo\">\n<div class=\"sc-80531b6b-0 chRIGJ container-text text-embed\">\n<p><em>Pregunta: Cuando era ni\u00f1o fui son\u00e1mbulo hasta los diez a\u00f1os; hace dos volv\u00ed a tenerlo. Y hace poco me levant\u00e9 de la cama con los ojos cerrados, entr\u00e9 al ba\u00f1o y sent\u00ed que estaba como en un laberinto, ten\u00eda miedo. Despu\u00e9s volv\u00ed a la cama. <\/em>(Miguel \u00c1ngel Giovannone, de CABA)<\/p>\n<\/div>\n<div class=\"sc-80531b6b-0 chRIGJ container-text text-embed\">\n<p>El sonambulismo es un trastorno del sue\u00f1o que <strong>ha fascinado y desconcertado a la humanidad<\/strong> desde tiempos antiguos. En el mundo del arte y la literatura, suele citarse a personajes como Lady Macbeth (en la obra teatral de Shakespeare) o el son\u00e1mbulo Cesare del filme <em>El gabinete del Dr. Caligari<\/em> que han perpetuado el misterio del sonambulismo en la cultura popular.<\/p>\n<\/div>\n<div class=\"sc-80531b6b-0 chRIGJ container-text text-embed\">\n<p>El sonambulismo es un trastorno que combina simult\u00e1neamente caracter\u00edsticas del sue\u00f1o profundo con acciones que normalmente ocurren mientras se est\u00e1 despierto. Es decir, <strong>el individuo realiza actividades motoras autom\u00e1ticas<\/strong> mientras permanece en un estado de sue\u00f1o profundo.<\/p>\n<\/div>\n<div class=\"sc-80531b6b-0 chRIGJ container-text text-embed\">\n<p>\u00bfQu\u00e9 ocurre en el cerebro? Para explicarlo de forma sencilla: algunas partes del cerebro est\u00e1n \u201cencendidas\u201d mientras otras permanecen \u201capagadas\u201d.<\/p>\n<\/div>\n<div class=\"sc-80531b6b-0 chRIGJ container-text text-embed\">\n<p>Conviene conocer cuatro regiones en especial: <\/p>\n<\/div>\n<div class=\"sc-80531b6b-0 chRIGJ container-text text-embed\">\n<p>1) La corteza motora (responsable de controlar los movimientos) est\u00e1 activa, lo que permite que <strong>la persona camine, hable o haga cosas mientras duerme.<\/strong> <\/p>\n<\/div>\n<div class=\"sc-80531b6b-0 chRIGJ container-text text-embed\">\n<p>2) La corteza prefrontal (encargada del juicio, la planificaci\u00f3n y la toma de decisiones) est\u00e1 \u201capagada\u201d, por lo cual <strong>el son\u00e1mbulo no es consciente de lo que hace<\/strong> y no toma decisiones racionales. <\/p>\n<\/div>\n<div class=\"sc-198be8ec-0 cynXbu image-embed  image-embed \"><picture class=\"sc-198be8ec-1 kOjRiQ\"><source media=\"(min-width: 975px)\" width=\"720\" height=\"480\" \/><img alt=\"Pelicula &quot;El gabinete del dr. Caligari&quot;, donde uno de los protagonistas padec\u00eda insomnio. \/ Archivo Clar\u00edn\" loading=\"lazy\" width=\"720\" height=\"480\" decoding=\"async\" data-nimg=\"1\" style=\"color:transparent\" src=\"https:\/\/13.com.ar\/wp-content\/uploads\/2025\/01\/por-que-es-un-trastorno-que-hay-que-atender.jpg\"\/><span class=\"epigraphe\">Pelicula &#8220;El gabinete del dr. Caligari&#8221;, donde uno de los protagonistas padec\u00eda insomnio. \/ Archivo Clar\u00edn<\/span><span class=\"bkg\"\/><span class=\"picture-open\"><button class=\"open-image\" aria-label=\"Open Image\"\/><\/span><\/picture><\/div>\n<div class=\"sc-80531b6b-0 chRIGJ container-text text-embed\">\n<p>3) El sistema l\u00edmbico (relacionado con las emociones y las reacciones instintivas) puede estar parcialmente activo. Significa que emociones como <strong>el miedo, la ansiedad o la agresividad puedan manifestarse<\/strong> sin que la persona tenga control sobre ellas; <\/p>\n<\/div>\n<div class=\"sc-80531b6b-0 chRIGJ container-text text-embed\">\n<p>4) La corteza visual est\u00e1 inactiva por lo que, aunque <strong>los ojos de los son\u00e1mbulos suelen estar abiertos<\/strong>, la parte del cerebro que procesa la visi\u00f3n est\u00e1 \u201capagada\u201d. Por eso, pueden moverse por un espacio conocido, pero no perciben del todo el entorno.<\/p>\n<\/div>\n<div class=\"sc-80531b6b-0 chRIGJ container-text text-embed\">\n<p>Todo ocurre durante la fase de sue\u00f1o de ondas lentas y que <strong>coincide con la del estad\u00edo m\u00e1s profundo del dormir<\/strong>, una de las razones de porqu\u00e9 la persona no tiene memoria de lo sucedido al despertar.<\/p>\n<\/div>\n<p><h2>M\u00e1s frecuente en los ni\u00f1os<\/h2>\n<\/p>\n<div class=\"sc-80531b6b-0 chRIGJ container-text text-embed\">\n<p>El sonambulismo <strong>se presenta con mayor frecuencia en los ni\u00f1os<\/strong> (puede afectar a 1 de cada 5 en alg\u00fan momento) y, aunque m\u00e1s raro, aparecer o persistir en la adultez. <\/p>\n<\/div>\n<div class=\"sc-198be8ec-0 cynXbu image-embed  image-embed \"><picture class=\"sc-198be8ec-1 kOjRiQ\"><source media=\"(min-width: 975px)\" width=\"720\" height=\"480\" \/><img alt=\"Las causas del sonambulismo no est\u00e1n claramente definidas. \/ Archivo Clar\u00edn\" loading=\"lazy\" width=\"720\" height=\"480\" decoding=\"async\" data-nimg=\"1\" style=\"color:transparent\" src=\"https:\/\/13.com.ar\/wp-content\/uploads\/2025\/01\/1738316698_288_por-que-es-un-trastorno-que-hay-que-atender.jpg\"\/><span class=\"epigraphe\">Las causas del sonambulismo no est\u00e1n claramente definidas. \/ Archivo Clar\u00edn<\/span><span class=\"bkg\"\/><span class=\"picture-open\"><button class=\"open-image\" aria-label=\"Open Image\"\/><\/span><\/picture><\/div>\n<div class=\"sc-80531b6b-0 chRIGJ container-text text-embed\">\n<p>Conviene tener presente que, en los ni\u00f1os, el sistema nervioso central no est\u00e1 completamente desarrollado, lo que podr\u00eda explicar la mayor prevalencia en esa edad. A medida que crecen y por normal maduraci\u00f3n, este problema tiende a resolverse espont\u00e1neamente.<\/p>\n<\/div>\n<div class=\"sc-80531b6b-0 chRIGJ container-text text-embed\">\n<p>Respecto a las causas del sonambulismo, <strong>las mismas no est\u00e1n claramente definidas.<\/strong> <\/p>\n<\/div>\n<div class=\"sc-80531b6b-0 chRIGJ container-text text-embed\">\n<p>De ah\u00ed que se hace menci\u00f3n a factores gen\u00e9ticos por algunas investigaciones realizadas en gemelos donde se expresa con cierta mayor frecuencia, a una mala calidad de sue\u00f1o<strong>, al sue\u00f1o entrecortado<\/strong>, a condiciones como las apneas obstructivas, el consumo de alcohol o de drogas llamadas recreativas e, incluso, al uso de tranquilizantes o antidepresivos que pueden afectar el normal patr\u00f3n de sue\u00f1o.<\/p>\n<\/div>\n<div class=\"sc-80531b6b-0 chRIGJ container-text text-embed\">\n<p>Aunque <strong>los episodios de sonambulismo suelen ser breves<\/strong> y benignos existen, a veces, riesgos asociados, como lastimarse al tropezar, caer o incluso salir de casa durante un episodio. En casos m\u00e1s serios, las personas han llegado a conducir veh\u00edculos o manipular objetos peligrosos mientras estaban en estado de sonambulismo. Pueden presentarse reacciones violentas si se los intenta despertar.<\/p>\n<\/div>\n<div class=\"sc-80531b6b-0 chRIGJ container-text text-embed\">\n<p>Se debe destacar como un trastorno no menor y <strong>lo adecuado es consultar con un neur\u00f3logo.<\/strong><\/p>\n<\/div>\n<div class=\"sc-4306f4f9-0 bAPCpp\">\n<div class=\"inner-card-m\">\n<div class=\"related-content\">\n<p><span class=\"body-title\">Mir\u00e1 tambi\u00e9n<\/span><\/p>\n<h3>Por qu\u00e9 saber perdonar es una saludable actitud para uno mismo<\/h3>\n<source media=\"(min-width: 975px)\" width=\"340\" height=\"340\" \/><img alt=\"Por qu\u00e9 saber perdonar es una saludable actitud para uno mismo\" loading=\"lazy\" width=\"340\" height=\"340\" decoding=\"async\" data-nimg=\"1\" style=\"color:transparent\" src=\"https:\/\/13.com.ar\/wp-content\/uploads\/2025\/01\/1738316698_28_por-que-es-un-trastorno-que-hay-que-atender.jpg\"\/><\/div>\n<\/div>\n<\/div>\n<div class=\"sc-4306f4f9-0 bAPCpp\">\n<div class=\"inner-card-m\">\n<div class=\"related-content\">\n<p><span class=\"body-title\">Mir\u00e1 tambi\u00e9n<\/span><\/p>\n<h3>Los errores m\u00e9dicos o de diagn\u00f3stico que pueden causar da\u00f1os en el paciente<\/h3>\n<source media=\"(min-width: 975px)\" width=\"340\" height=\"340\" \/><img alt=\"Los errores m\u00e9dicos o de diagn\u00f3stico que pueden causar da\u00f1os en el paciente\" loading=\"lazy\" width=\"340\" height=\"340\" decoding=\"async\" data-nimg=\"1\" style=\"color:transparent\" src=\"https:\/\/13.com.ar\/wp-content\/uploads\/2025\/01\/1738316698_872_por-que-es-un-trastorno-que-hay-que-atender.jpg\"\/><\/div>\n<\/div>\n<\/div>\n<div class=\"sc-4306f4f9-0 bAPCpp\">\n<div class=\"inner-card-m\">\n<div class=\"related-content\">\n<p><span class=\"body-title\">Mir\u00e1 tambi\u00e9n<\/span><\/p>\n<h3>Cambio clim\u00e1tico: \u00bfpuede afectar tambi\u00e9n la salud mental?<\/h3>\n<source media=\"(min-width: 975px)\" width=\"340\" height=\"340\" \/><img alt=\"Cambio clim\u00e1tico: \u00bfpuede afectar tambi\u00e9n la salud mental?\" loading=\"lazy\" width=\"340\" height=\"340\" decoding=\"async\" data-nimg=\"1\" style=\"color:transparent\" src=\"https:\/\/13.com.ar\/wp-content\/uploads\/2025\/01\/1738316698_706_por-que-es-un-trastorno-que-hay-que-atender.jpg\"\/><\/div>\n<\/div>\n<\/div>\n<\/div>\n<p><br \/>\n<br \/><a href=\"https:\/\/www.clarin.com\/viva\/sonambulismo-trastorno-atender_0_4LMXyqo5vt.html\">Fuente Clarin.com <\/a><\/p>\n","protected":false},"excerpt":{"rendered":"<p>Pregunta: Cuando era ni\u00f1o fui son\u00e1mbulo hasta los diez a\u00f1os; hace dos volv\u00ed a tenerlo. Y hace poco me levant\u00e9 de la cama con los ojos cerrados, entr\u00e9 al ba\u00f1o y sent\u00ed que estaba como en un laberinto, ten\u00eda miedo. Despu\u00e9s volv\u00ed a la cama. (Miguel \u00c1ngel Giovannone, de CABA) El sonambulismo es un trastorno [&hellip;]<\/p>\n","protected":false},"author":1,"featured_media":863,"comment_status":"open","ping_status":"open","sticky":false,"template":"","format":"standard","meta":{"footnotes":""},"categories":[2],"tags":[2142,942,142,286,2141],"class_list":["post-862","post","type-post","status-publish","format-standard","has-post-thumbnail","hentry","category-ultimas-noticias","tag-atender","tag-hay","tag-por","tag-que","tag-trastorno"],"_links":{"self":[{"href":"https:\/\/13.com.ar\/index.php\/wp-json\/wp\/v2\/posts\/862","targetHints":{"allow":["GET"]}}],"collection":[{"href":"https:\/\/13.com.ar\/index.php\/wp-json\/wp\/v2\/posts"}],"about":[{"href":"https:\/\/13.com.ar\/index.php\/wp-json\/wp\/v2\/types\/post"}],"author":[{"embeddable":true,"href":"https:\/\/13.com.ar\/index.php\/wp-json\/wp\/v2\/users\/1"}],"replies":[{"embeddable":true,"href":"https:\/\/13.com.ar\/index.php\/wp-json\/wp\/v2\/comments?post=862"}],"version-history":[{"count":0,"href":"https:\/\/13.com.ar\/index.php\/wp-json\/wp\/v2\/posts\/862\/revisions"}],"wp:featuredmedia":[{"embeddable":true,"href":"https:\/\/13.com.ar\/index.php\/wp-json\/wp\/v2\/media\/863"}],"wp:attachment":[{"href":"https:\/\/13.com.ar\/index.php\/wp-json\/wp\/v2\/media?parent=862"}],"wp:term":[{"taxonomy":"category","embeddable":true,"href":"https:\/\/13.com.ar\/index.php\/wp-json\/wp\/v2\/categories?post=862"},{"taxonomy":"post_tag","embeddable":true,"href":"https:\/\/13.com.ar\/index.php\/wp-json\/wp\/v2\/tags?post=862"}],"curies":[{"name":"wp","href":"https:\/\/api.w.org\/{rel}","templated":true}]}}