{"id":860,"date":"2025-01-31T06:41:49","date_gmt":"2025-01-31T09:41:49","guid":{"rendered":"https:\/\/13.com.ar\/index.php\/que-hizo-rosas-antes-de-la-batalla-de-caseros-en-la-que-perdio-el-poder\/"},"modified":"2025-01-31T06:41:49","modified_gmt":"2025-01-31T09:41:49","slug":"que-hizo-rosas-antes-de-la-batalla-de-caseros-en-la-que-perdio-el-poder","status":"publish","type":"post","link":"https:\/\/13.com.ar\/index.php\/que-hizo-rosas-antes-de-la-batalla-de-caseros-en-la-que-perdio-el-poder\/","title":{"rendered":"Qu\u00e9 hizo Rosas antes de la batalla de Caseros en la que perdi\u00f3 el poder"},"content":{"rendered":"<p> <br \/>\n<\/p>\n<div id=\"cuerpo\">\n<div class=\"sc-80531b6b-0 chRIGJ container-text text-embed\">\n<p><strong>El muchacho llegaba de un viaje alucinante<\/strong> que, a diferencia del de los dandis de la \u00e9poca, adem\u00e1s del imprescindible Par\u00eds, incluy\u00f3 el Oriente. A poco de llegar a lo que por entonces la gente llamaba el puerto de Buenos Aires, el muchacho no pod\u00eda con su ansiedad de contarle a todo el mundo sus aventuras y esto inclu\u00eda a su notable t\u00edo. <\/p>\n<\/div>\n<div class=\"sc-80531b6b-0 chRIGJ container-text text-embed\">\n<p>As\u00ed que una ma\u00f1ana <strong>rumbe\u00f3 para Palermo, salud\u00f3 a su querida prima y esper\u00f3<\/strong>, como todos, su turno para ser recibido por la persona m\u00e1s importante del pa\u00eds.<\/p>\n<\/div>\n<div class=\"sc-80531b6b-0 chRIGJ container-text text-embed\">\n<p>No hab\u00eda mucho para entretenerse en aquella sala de espera m\u00e1s que mirar a la decena de personas que se acercaban con diversos pedidos. El paisaje era multicolor, mulatas y negras con sus chicos a cuestas que ped\u00edan un puesto de trabajo, mujeres elegantes que ped\u00edan la libertad de su marido y negociantes ingleses y franceses que <strong>solicitaban audiencias con el hombre fuerte de Palermo.<\/strong><\/p>\n<\/div>\n<div class=\"sc-80531b6b-0 chRIGJ container-text text-embed\">\n<p>A aquel joven, que se llamaba Lucio Victorio Mansilla le maravillaba <strong>la habilidad de Manuelita para despachar a todo el mundo<\/strong> y asumir el cargo de primera ministra y secretaria del \u201cRestaurador\u201d.<\/p>\n<\/div>\n<div class=\"sc-80531b6b-0 chRIGJ container-text text-embed\">\n<p>Finalmente, aquella tarde de comienzos de febrero de 1852 Lucio fue recibido por su t\u00edo Don Juan Manuel de Rosas.<\/p>\n<\/div>\n<div class=\"sc-198be8ec-0 cynXbu image-embed  image-embed \"><picture class=\"sc-198be8ec-1 kOjRiQ\"><source media=\"(min-width: 975px)\" width=\"720\" height=\"480\" \/><img alt=\"Lucio V. Mansilla, periodista, escritor, militar y sobrino de Rosas. \/ Archivo\" loading=\"lazy\" width=\"720\" height=\"480\" decoding=\"async\" data-nimg=\"1\" style=\"color:transparent\" src=\"https:\/\/13.com.ar\/wp-content\/uploads\/2025\/01\/Que-hizo-Rosas-antes-de-la-batalla-de-Caseros-en.jpg\"\/><span class=\"epigraphe\">Lucio V. Mansilla, periodista, escritor, militar y sobrino de Rosas. \/ Archivo<\/span><span class=\"bkg\"\/><span class=\"picture-open\"><button class=\"open-image\" aria-label=\"Open Image\"\/><\/span><\/picture><\/div>\n<p><h2>Un discurso que no dar\u00eda<\/h2>\n<\/p>\n<div class=\"sc-80531b6b-0 chRIGJ container-text text-embed\">\n<p>Le pregunt\u00f3 por su viaje, <strong>le reproch\u00f3 que no pasara a saludarlo antes de marcharse por casi dos a\u00f1os<\/strong> y sin darle tiempo a unas disculpas que inclu\u00edan las seis veces que Lucio hab\u00eda ido a verlo antes de zarpar sin ser recibido, Don Juan Manuel comenz\u00f3 a leerle a su dilecto sobrino su mensaje a la legislatura de Buenos Aires que, ambos sab\u00edan, ser\u00eda el \u00faltimo y que nunca llegar\u00eda a pronunciar en el recinto de la actual manzana de las luces.<\/p>\n<\/div>\n<div class=\"sc-80531b6b-0 chRIGJ container-text text-embed\">\n<p>Lucio cuenta asombrado c\u00f3mo aquel hombre<strong> \u201cen v\u00edsperas de perder su poder\u00edo, as\u00ed perd\u00eda el tiempo con un muchacho insustancial\u201d.<\/strong><\/p>\n<\/div>\n<div class=\"sc-80531b6b-0 chRIGJ container-text text-embed\">\n<p>La lectura se hac\u00eda interminable pero no tediosa porque su t\u00edo la interrump\u00eda para preguntarle sobre la conveniencia de ciertos giros ortogr\u00e1ficos y gramaticales y el joven se sent\u00eda halagado.<\/p>\n<\/div>\n<div class=\"sc-80531b6b-0 chRIGJ container-text text-embed\">\n<p>Lo que <strong>le preocupaba a Lucio era el hambre producto de estar m\u00e1s de seis horas sin probar bocado.<\/strong> Su t\u00edo ni se hab\u00eda detenido en el asunto hasta que pregunt\u00f3 \u201c\u00bftiene hambre?\u201d a lo que el muchacho contest\u00f3 con un entusiasmado \u201c\u00a1s\u00ed!\u201d.<\/p>\n<\/div>\n<div class=\"sc-80531b6b-0 chRIGJ container-text text-embed\">\n<p>La encargada de calmarlo fue la propia Manuelita, que apareci\u00f3 con un plato sopero de arroz con leche.<\/p>\n<\/div>\n<div class=\"sc-80531b6b-0 chRIGJ container-text text-embed\">\n<p>A partir de entonces Mansilla midi\u00f3 el transcurrir del tiempo que duraba la lectura del discurso de su t\u00edo por <strong>la cantidad de platos de arroz con leche aportados por Manuelita<\/strong>, que fueron siete.<\/p>\n<\/div>\n<div class=\"sc-198be8ec-0 cynXbu image-embed  image-embed \"><picture class=\"sc-198be8ec-1 kOjRiQ\"><source media=\"(min-width: 975px)\" width=\"720\" height=\"480\" \/><img alt=\"Retrato de Rosas en el Museo de Bellas Artes obra del pintor franc\u00e9s Raymond Auguste Monvoisin. \/ Archivo\" loading=\"lazy\" width=\"720\" height=\"480\" decoding=\"async\" data-nimg=\"1\" style=\"color:transparent\" src=\"https:\/\/13.com.ar\/wp-content\/uploads\/2025\/01\/1738316508_431_Que-hizo-Rosas-antes-de-la-batalla-de-Caseros-en.jpg\"\/><span class=\"epigraphe\">Retrato de Rosas en el Museo de Bellas Artes obra del pintor franc\u00e9s Raymond Auguste Monvoisin. \/ Archivo<\/span><span class=\"bkg\"\/><span class=\"picture-open\"><button class=\"open-image\" aria-label=\"Open Image\"\/><\/span><\/picture><\/div>\n<div class=\"sc-80531b6b-0 chRIGJ container-text text-embed\">\n<p>Cuenta Mansilla: \u201cMe hab\u00eda hinchado; siguieron los platos -yo com\u00eda maquinalmente, obedec\u00eda a una fuerza superior a mi voluntad&#8230; La lectura continuaba.<\/p>\n<\/div>\n<div class=\"sc-80531b6b-0 chRIGJ container-text text-embed\">\n<p>Ya yo ten\u00eda la cabeza como un bombo -y lo otro tan duro, que no s\u00e9 c\u00f3mo aguantaba. El, satisfecho de mi embarazo, y poni\u00e9ndome el mamotreto en las manos, me dijo, despidi\u00e9ndome:<\/p>\n<\/div>\n<div class=\"sc-80531b6b-0 chRIGJ container-text text-embed\">\n<p><strong>-Bueno, sobrino, vaya nom\u00e1s y acabe de leer eso en su casa.<\/strong><\/p>\n<\/div>\n<div class=\"sc-80531b6b-0 chRIGJ container-text text-embed\">\n<p>Eran las tres de la ma\u00f1ana.<\/p>\n<\/div>\n<div class=\"sc-80531b6b-0 chRIGJ container-text text-embed\">\n<p>Mi padre, que, mientras yo hablaba con mi madre, <strong>se paseaba meditabundo viendo el mamotreto<\/strong> que ten\u00eda debajo del brazo, me dijo:<\/p>\n<\/div>\n<div class=\"sc-198be8ec-0 cynXbu image-embed  image-embed \"><picture class=\"sc-198be8ec-1 kOjRiQ\"><source media=\"(min-width: 975px)\" width=\"720\" height=\"480\" \/><img alt=\"Justo Jos\u00e9 de Urquiza, el hombre que derrot\u00f3 a Rosas. \/ Archivo\" loading=\"lazy\" width=\"720\" height=\"480\" decoding=\"async\" data-nimg=\"1\" style=\"color:transparent\" src=\"https:\/\/13.com.ar\/wp-content\/uploads\/2025\/01\/1738316509_75_Que-hizo-Rosas-antes-de-la-batalla-de-Caseros-en.jpg\"\/><span class=\"epigraphe\">Justo Jos\u00e9 de Urquiza, el hombre que derrot\u00f3 a Rosas. \/ Archivo<\/span><span class=\"bkg\"\/><span class=\"picture-open\"><button class=\"open-image\" aria-label=\"Open Image\"\/><\/span><\/picture><\/div>\n<div class=\"sc-80531b6b-0 chRIGJ container-text text-embed\">\n<p>-Es el Mensaje que me ha estado leyendo mi t\u00edo&#8230;<\/p>\n<\/div>\n<div class=\"sc-80531b6b-0 chRIGJ container-text text-embed\">\n<p>&#8211; \u00bfLey\u00e9ndotelo? . . .  -Y le dijo a mi madre: \u00a1No te digo que est\u00e1 loco tu hermano!\u201d (1)<\/p>\n<\/div>\n<div class=\"sc-80531b6b-0 chRIGJ container-text text-embed\">\n<p><strong>As\u00ed transcurr\u00edan las horas previas a la derrota definitiva de Rosas<\/strong> en la batalla de Caseros. Justo Jos\u00e9 de Urquiza ya estaba en marcha al mando del \u201cEj\u00e9rcito Grande\u201d compuesto por entrerrianos, correntinos, porte\u00f1os, uruguayos y brasile\u00f1os y la historia argentina estaba a punto de dar un nuevo giro, de fundar otro antes y despu\u00e9s. <\/p>\n<\/div>\n<div class=\"sc-80531b6b-0 chRIGJ container-text text-embed\">\n<p><strong>Notas:<\/strong> 1. Lucio V. Mansilla, Los siete platos de arroz con leche, Buenos Aires, EUDEBA, 1963.<\/p>\n<\/div>\n<div class=\"sc-4306f4f9-0 bAPCpp\">\n<div class=\"inner-card-m\">\n<div class=\"related-content\">\n<p><span class=\"body-title\">Mir\u00e1 tambi\u00e9n<\/span><\/p>\n<h3>C\u00f3mo defend\u00eda Manuel Belgrano los derechos de los abor\u00edgenes<\/h3>\n<source media=\"(min-width: 975px)\" width=\"340\" height=\"340\" \/><img alt=\"C\u00f3mo defend\u00eda Manuel Belgrano los derechos de los abor\u00edgenes\" loading=\"lazy\" width=\"340\" height=\"340\" decoding=\"async\" data-nimg=\"1\" style=\"color:transparent\" src=\"https:\/\/13.com.ar\/wp-content\/uploads\/2025\/01\/1738316509_494_Que-hizo-Rosas-antes-de-la-batalla-de-Caseros-en.jpg\"\/><\/div>\n<\/div>\n<\/div>\n<div class=\"sc-4306f4f9-0 bAPCpp\">\n<div class=\"inner-card-m\">\n<div class=\"related-content\">\n<p><span class=\"body-title\">Mir\u00e1 tambi\u00e9n<\/span><\/p>\n<h3>La ins\u00f3lita trama de sobornos para renegociar un contrato el\u00e9ctrico<\/h3>\n<source media=\"(min-width: 975px)\" width=\"340\" height=\"340\" \/><img alt=\"La ins\u00f3lita trama de sobornos para renegociar un contrato el\u00e9ctrico\" loading=\"lazy\" width=\"340\" height=\"340\" decoding=\"async\" data-nimg=\"1\" style=\"color:transparent\" src=\"https:\/\/13.com.ar\/wp-content\/uploads\/2025\/01\/1738316509_712_Que-hizo-Rosas-antes-de-la-batalla-de-Caseros-en.jpg\"\/><\/div>\n<\/div>\n<\/div>\n<div class=\"sc-4306f4f9-0 bAPCpp\">\n<div class=\"inner-card-m\">\n<div class=\"related-content\">\n<p><span class=\"body-title\">Mir\u00e1 tambi\u00e9n<\/span><\/p>\n<h3>C\u00f3mo se reconstruy\u00f3 la imagen de Mart\u00edn Miguel de G\u00fcemes que hoy conocemos<\/h3>\n<source media=\"(min-width: 975px)\" width=\"340\" height=\"340\" \/><img alt=\"C\u00f3mo se reconstruy\u00f3 la imagen de Mart\u00edn Miguel de G\u00fcemes que hoy conocemos\" loading=\"lazy\" width=\"340\" height=\"340\" decoding=\"async\" data-nimg=\"1\" style=\"color:transparent\" src=\"https:\/\/13.com.ar\/wp-content\/uploads\/2025\/01\/1738316509_869_Que-hizo-Rosas-antes-de-la-batalla-de-Caseros-en.jpg\"\/><\/div>\n<\/div>\n<\/div>\n<\/div>\n<p><br \/>\n<br \/><a href=\"https:\/\/www.clarin.com\/viva\/hizo-rosas-batalla-caseros-perdio-poder_0_WtZ8sqZVPS.html\">Fuente Clarin.com <\/a><\/p>\n","protected":false},"excerpt":{"rendered":"<p>El muchacho llegaba de un viaje alucinante que, a diferencia del de los dandis de la \u00e9poca, adem\u00e1s del imprescindible Par\u00eds, incluy\u00f3 el Oriente. A poco de llegar a lo que por entonces la gente llamaba el puerto de Buenos Aires, el muchacho no pod\u00eda con su ansiedad de contarle a todo el mundo sus [&hellip;]<\/p>\n","protected":false},"author":1,"featured_media":861,"comment_status":"open","ping_status":"open","sticky":false,"template":"","format":"standard","meta":{"footnotes":""},"categories":[2],"tags":[733,2138,2139,521,88,2140,286,2137],"class_list":["post-860","post","type-post","status-publish","format-standard","has-post-thumbnail","hentry","category-ultimas-noticias","tag-antes","tag-batalla","tag-caseros","tag-hizo","tag-perdio","tag-poder","tag-que","tag-rosas"],"_links":{"self":[{"href":"https:\/\/13.com.ar\/index.php\/wp-json\/wp\/v2\/posts\/860","targetHints":{"allow":["GET"]}}],"collection":[{"href":"https:\/\/13.com.ar\/index.php\/wp-json\/wp\/v2\/posts"}],"about":[{"href":"https:\/\/13.com.ar\/index.php\/wp-json\/wp\/v2\/types\/post"}],"author":[{"embeddable":true,"href":"https:\/\/13.com.ar\/index.php\/wp-json\/wp\/v2\/users\/1"}],"replies":[{"embeddable":true,"href":"https:\/\/13.com.ar\/index.php\/wp-json\/wp\/v2\/comments?post=860"}],"version-history":[{"count":0,"href":"https:\/\/13.com.ar\/index.php\/wp-json\/wp\/v2\/posts\/860\/revisions"}],"wp:featuredmedia":[{"embeddable":true,"href":"https:\/\/13.com.ar\/index.php\/wp-json\/wp\/v2\/media\/861"}],"wp:attachment":[{"href":"https:\/\/13.com.ar\/index.php\/wp-json\/wp\/v2\/media?parent=860"}],"wp:term":[{"taxonomy":"category","embeddable":true,"href":"https:\/\/13.com.ar\/index.php\/wp-json\/wp\/v2\/categories?post=860"},{"taxonomy":"post_tag","embeddable":true,"href":"https:\/\/13.com.ar\/index.php\/wp-json\/wp\/v2\/tags?post=860"}],"curies":[{"name":"wp","href":"https:\/\/api.w.org\/{rel}","templated":true}]}}