{"id":7832,"date":"2025-02-25T14:00:49","date_gmt":"2025-02-25T17:00:49","guid":{"rendered":"https:\/\/13.com.ar\/index.php\/el-gobierno-ultima-detalles-para-nombrar-por-decreto-a-lijo-y-garcia-mansilla-en-la-corte-y-la-oposicion-presiona-para-frenarlo\/"},"modified":"2025-02-25T14:00:49","modified_gmt":"2025-02-25T17:00:49","slug":"el-gobierno-ultima-detalles-para-nombrar-por-decreto-a-lijo-y-garcia-mansilla-en-la-corte-y-la-oposicion-presiona-para-frenarlo","status":"publish","type":"post","link":"https:\/\/13.com.ar\/index.php\/el-gobierno-ultima-detalles-para-nombrar-por-decreto-a-lijo-y-garcia-mansilla-en-la-corte-y-la-oposicion-presiona-para-frenarlo\/","title":{"rendered":"El Gobierno ultima detalles para nombrar por decreto a Lijo y Garc\u00eda-Mansilla en la Corte y la oposici\u00f3n presiona para frenarlo"},"content":{"rendered":"<p> <br \/>\n<br \/><img decoding=\"async\" src=\"https:\/\/13.com.ar\/wp-content\/uploads\/2025\/02\/El-Gobierno-ultima-detalles-para-nombrar-por-decreto-a-Lijo.jpg\" \/><\/p>\n<div id=\"cuerpo\">\n<div class=\"sc-80531b6b-0 chRIGJ container-text text-embed\">\n<p>La oposici\u00f3n parece alinearse contra la decisi\u00f3n del Gobierno de designar por decreto a los dos candidatos de <strong>Javier Milei<\/strong>, para que integren la Corte Suprema de Justicia. Desde el propio coraz\u00f3n del macrismo advirtieron que fue <strong>&#8220;un error&#8221;<\/strong> de <strong>Mauricio Macri<\/strong> haber apelado a esa v\u00eda para nombrar a Carlos Rosenkrantz y Horacio Rosatti como ministros del m\u00e1ximo tribunal \u201cen comisi\u00f3n\u201d, lo que ya anticipa fuertes tensiones en el Congreso entre el oficialismo y los dialoguistas.<\/p>\n<\/div>\n<div class=\"sc-80531b6b-0 chRIGJ container-text text-embed\">\n<p>La presi\u00f3n se da en medio de las versiones de que el Presidente firmar\u00eda este martes el decreto para nombrar a Lijo y Garc\u00eda Mansilla y que se publicar\u00eda la normativa este mi\u00e9rcoles en el Bolet\u00edn Oficial. <\/p>\n<\/div>\n<div class=\"sc-80531b6b-0 chRIGJ container-text text-embed\">\n<p>En tanto, el kirchnerismo reiter\u00f3 que <strong>&#8220;est\u00e1 abierto al di\u00e1logo&#8221; <\/strong>y confirm\u00f3 su intenci\u00f3n de avanzar en un gran acuerdo que incluya no s\u00f3lo los cargos de la Corte sino tambi\u00e9n el procurador general, cargo que actualmente ocupa Eduardo Casal, y el defensor del pueblo, que est\u00e1 vacante desde hace 16 a\u00f1os por la falta de acuerdo entre los distintos sectores pol\u00edticos.<\/p>\n<\/div>\n<div class=\"sc-80531b6b-0 chRIGJ container-text text-embed\">\n<p>La controversia generada por la posible designaci\u00f3n por decreto de Ariel Lijo y Manuel Garc\u00eda-Mansilla mantiene las tensiones en el Congreso, donde el oficialismo fracas\u00f3 en avanzar con el nombramiento del juez federal en el Senado, dado que tiene dictamen de la comisi\u00f3n de Acuerdos, al no reunirlos apoyos para convocar a la sesi\u00f3n y mucho menos ten\u00eda los dos tercios asegurados para garantizar la aprobaci\u00f3n del pliego.<\/p>\n<\/div>\n<div class=\"sc-80531b6b-0 chRIGJ container-text text-embed\">\n<p>Los senadores del PRO ya anticiparon su rechazo a la nominaci\u00f3n de Lijo, pero evitaron pronunciarse sobre Garc\u00eda-Mansilla. Ahora sobre la intenci\u00f3n de recurrir a un decreto de Milei, dos referentes de lo que fue Cambiemos fijaron posici\u00f3n y coincidieron en que fue &#8220;un error&#8221; de Mauricio Macri avanzar con los nombramientos de\u00a0Rosenkrantz y Rosatti por ese mecanismo, aunque\u00a0ambos jueces fueron designados luego por acuerdo del Senado, como fija la Constituci\u00f3n.<\/p>\n<\/div>\n<div class=\"sc-80531b6b-0 chRIGJ container-text text-embed\">\n<p>&#8220;Todos los que conformamos Cambiemos entendimos que<strong> ese nombramiento por decreto fue un error de nuestro gobierno y, por ende, no prosper\u00f3<\/strong>. El presidente entendi\u00f3 que no era el mecanismo,hay que cumplir con la Constituci\u00f3n&#8221;, advirti\u00f3 la diputada Silvia Lospennato, quien si bien no interviene en el proceso de designaci\u00f3n de los jueces, ya que corresponde al Senado, marc\u00f3 su posici\u00f3n respecto a un tema que enfrenta a la Casa Rosada con la oposici\u00f3n.<\/p>\n<\/div>\n<div class=\"sc-80531b6b-0 chRIGJ container-text text-embed\">\n<p>En tanto, Nicol\u00e1s Massot, quien ese momento presid\u00eda el bloque del PRO en la C\u00e1mara Baja, apunt\u00f3 que quienes pertenecieron a la alianza que conformaron el macrismo con la UCR y la Coalici\u00f3n C\u00edvica deben <strong>&#8220;reflexionar del da\u00f1o&#8221;<\/strong> que gener\u00f3 aquel gobierno al designar a jueces en comisi\u00f3n. &#8220;Pens\u00e9 que val\u00eda la pena,<strong> no vi que despu\u00e9s pod\u00eda venir un proceso m\u00e1s totalitario que no lo tomara como una coyuntura sino como una decisi\u00f3n y que instaurase una instituci\u00f3n de hecho de algo que\u00a0viola una instituci\u00f3n de derecho<\/strong>&#8220;, apunt\u00f3 el actual diputado de Encuentro Federal, el espacio que lidera Miguel Angel Pichetto.<\/p>\n<\/div>\n<div class=\"sc-80531b6b-0 chRIGJ container-text text-embed\">\n<p>Otro ex Cambiemos, Juan Manuel L\u00f3pez, diputado de la Coalici\u00f3n C\u00edvica, tambi\u00e9n se opuso a la designaci\u00f3n de jueces de la Corte por decreto. &#8220;S\u00e9 que la Constituci\u00f3n tiene un\u00a0agujero, que el\u00a0presidente\u00a0Macri lo intent\u00f3\u00a0y no\u00a0prosper\u00f3, pero\u00a0frente a esta\u00a0ambig\u00fcedad\u00a0de la Constituci\u00f3n\u00a0lo que es seguro es\u00a0que\u00a0<strong>el Senado tiene la\u00a0posibilidad\u00a0de rechazar esos nombramientos en comisi\u00f3n<\/strong>&#8220;, dijo el diputado.<\/p>\n<\/div>\n<div class=\"sc-80531b6b-0 chRIGJ container-text text-embed\">\n<p>Los legisladores opinaron sobre la controversia por la designaci\u00f3n de jueces por decreto en un encuentro organizado por el portal de noticias Parlamentario.com junto a\u00a0SpE Consultores, para analizar la agenda pol\u00edtica para este a\u00f1o, en el que participaron tambi\u00e9n la diputada Karina Banfi (UCR) y el senador Bartolom\u00e9 Abdal\u00e1 (La Libertad Avanza).<\/p>\n<\/div>\n<div class=\"sc-80531b6b-0 chRIGJ container-text text-embed\">\n<p>Lo cierto es que el oficialismo no pudo la semana pasada imponer una sesi\u00f3n para tratar el pliego de Ariel Lijo en el Senado, no s\u00f3lo por la falta de apoyo de Uni\u00f3n por la Patria, la bancada que conduce Jos\u00e9 Mayans, sino tambi\u00e9n por las diferencias que a\u00fan se mantiene entre los dialoguistas.<\/p>\n<\/div>\n<div class=\"sc-80531b6b-0 chRIGJ container-text text-embed\">\n<p>Justamente, en el debate tambi\u00e9n particip\u00f3 el senador por Formosa y reiter\u00f3 que en la \u00faltima reuni\u00f3n de labor parlamentaria ofrecieron conversar sobre las designaciones de Lijo y Garc\u00eda-Mansilla. Es sabido que <strong>Cristina Kirchner<\/strong> pidi\u00f3 un lugar para una mujer y en su momento se mencion\u00f3 a la ex senadora\u00a0Mar\u00eda de los \u00c1ngeles Sacnun, cercana a la ex presidenta.<\/p>\n<\/div>\n<div class=\"sc-80531b6b-0 chRIGJ container-text text-embed\">\n<p>&#8220;Estamos dispuestos al di\u00e1logo con las fuerzas pol\u00edticas para ver c\u00f3mo trabajamos en el m\u00e1ximo estamento del Poder Judicial. Hay dos lugares importantes, hablaban de una Corte de 7 o de 9, el procurador general y el defensor del pueblo&#8221;, declar\u00f3 Mayans, quien advirti\u00f3 que <strong>&#8220;si el Gobierno quiere imponer sin ning\u00fan tipo de di\u00e1logo\u00a0no puede conseguir el acuerdo&#8221;<\/strong>. Frente a esta posible designaci\u00f3n por decreto, el peronismo ratific\u00f3 su decisi\u00f3n de rechazar el decreto en el Congreso.<\/p>\n<\/div>\n<div class=\"sc-80531b6b-0 chRIGJ container-text text-embed\">\n<p>Por ahora, lo \u00fanico concreto es que a Milei se le acortan los plazos para designar a los jueces en comisi\u00f3n, ya que a partir del 1ro. de marzo comienza el per\u00edodo ordinario de sesiones y tendr\u00e1 que buscar el acuerdo en el Senado.<\/p>\n<\/div>\n<div class=\"sc-80531b6b-0 chRIGJ container-text text-embed\">\n<p>De acuerdo a lo informado por este diario, si Milei apela al decreto, Lijo pedir\u00eda una licencia en su cargo de juez federal, pero desde la Corte ya la rechazan. En tanto, Garc\u00eda-Mansilla se mantiene en silencio y no anticipa qu\u00e9 posici\u00f3n adoptar\u00e1 de avanzar el Gobierno con su jugada para completar los miembros de la Corte tras las bajas de\u00a0Elena Highton de Nolasco y Juan Carlos Maqueda.<\/p>\n<\/div>\n<\/div>\n<p><br \/>\n<br \/><a href=\"https:\/\/www.clarin.com\/politica\/presion-opositora-gobierno-nombre-jueces-corte-decreto_0_o9UEOaAMxr.html\">Fuente Clarin.com <\/a><\/p>\n","protected":false},"excerpt":{"rendered":"<p>La oposici\u00f3n parece alinearse contra la decisi\u00f3n del Gobierno de designar por decreto a los dos candidatos de Javier Milei, para que integren la Corte Suprema de Justicia. Desde el propio coraz\u00f3n del macrismo advirtieron que fue &#8220;un error&#8221; de Mauricio Macri haber apelado a esa v\u00eda para nombrar a Carlos Rosenkrantz y Horacio Rosatti [&hellip;]<\/p>\n","protected":false},"author":1,"featured_media":7833,"comment_status":"open","ping_status":"open","sticky":false,"template":"","format":"standard","meta":{"footnotes":""},"categories":[2],"tags":[297,656,924,9200,9199,71,6386,6863,7019,16,142,5105,1859],"class_list":["post-7832","post","type-post","status-publish","format-standard","has-post-thumbnail","hentry","category-ultimas-noticias","tag-corte","tag-decreto","tag-detalles","tag-frenarlo","tag-garciamansilla","tag-gobierno","tag-lijo","tag-nombrar","tag-oposicion","tag-para","tag-por","tag-presiona","tag-ultima"],"_links":{"self":[{"href":"https:\/\/13.com.ar\/index.php\/wp-json\/wp\/v2\/posts\/7832","targetHints":{"allow":["GET"]}}],"collection":[{"href":"https:\/\/13.com.ar\/index.php\/wp-json\/wp\/v2\/posts"}],"about":[{"href":"https:\/\/13.com.ar\/index.php\/wp-json\/wp\/v2\/types\/post"}],"author":[{"embeddable":true,"href":"https:\/\/13.com.ar\/index.php\/wp-json\/wp\/v2\/users\/1"}],"replies":[{"embeddable":true,"href":"https:\/\/13.com.ar\/index.php\/wp-json\/wp\/v2\/comments?post=7832"}],"version-history":[{"count":0,"href":"https:\/\/13.com.ar\/index.php\/wp-json\/wp\/v2\/posts\/7832\/revisions"}],"wp:featuredmedia":[{"embeddable":true,"href":"https:\/\/13.com.ar\/index.php\/wp-json\/wp\/v2\/media\/7833"}],"wp:attachment":[{"href":"https:\/\/13.com.ar\/index.php\/wp-json\/wp\/v2\/media?parent=7832"}],"wp:term":[{"taxonomy":"category","embeddable":true,"href":"https:\/\/13.com.ar\/index.php\/wp-json\/wp\/v2\/categories?post=7832"},{"taxonomy":"post_tag","embeddable":true,"href":"https:\/\/13.com.ar\/index.php\/wp-json\/wp\/v2\/tags?post=7832"}],"curies":[{"name":"wp","href":"https:\/\/api.w.org\/{rel}","templated":true}]}}