{"id":7826,"date":"2025-02-25T13:51:57","date_gmt":"2025-02-25T16:51:57","guid":{"rendered":"https:\/\/13.com.ar\/index.php\/condenan-a-mario-lopez-ex-entrenador-de-basquet-espanol-por-agresion-sexual-a-una-jugadora-de-13-anos\/"},"modified":"2025-02-25T13:51:57","modified_gmt":"2025-02-25T16:51:57","slug":"condenan-a-mario-lopez-ex-entrenador-de-basquet-espanol-por-agresion-sexual-a-una-jugadora-de-13-anos","status":"publish","type":"post","link":"https:\/\/13.com.ar\/index.php\/condenan-a-mario-lopez-ex-entrenador-de-basquet-espanol-por-agresion-sexual-a-una-jugadora-de-13-anos\/","title":{"rendered":"Condenan a Mario L\u00f3pez, ex entrenador de b\u00e1squet espa\u00f1ol, por agresi\u00f3n sexual a una jugadora de 13 a\u00f1os"},"content":{"rendered":"<p> <br \/>\n<\/p>\n<div id=\"cuerpo\">\n<div class=\"sc-80531b6b-0 chRIGJ container-text text-embed\">\n<p><strong>Mario L\u00f3pez<\/strong>, <span class=\"richtext-highlighted\" type=\"highlighted\">exentrenador<\/span> de los equipos sub-16, sub-18 y sub-19 de la <strong>selecci\u00f3n femenina de b\u00e1squet de <\/strong>Espa\u00f1a, fue condenado a <strong>13 a\u00f1os y 6 meses<\/strong> de prisi\u00f3n por abusar sexualmente de una jugadora.<\/p>\n<\/div>\n<div class=\"sc-80531b6b-0 chRIGJ container-text text-embed\">\n<p>La <strong>v\u00edctima <\/strong>se trataba de una <strong>menor de 13 a\u00f1os<\/strong> que sufri\u00f3 aproximadamente<strong> medio centenar de agresiones sexuales<\/strong>, desde el a\u00f1o 1998 hasta el 2002.<\/p>\n<\/div>\n<div class=\"sc-80531b6b-0 chRIGJ container-text text-embed\">\n<p><strong>21 a\u00f1os despu\u00e9s<\/strong>, la joven decidi\u00f3 contar los hechos y <strong>L\u00f3pez fue condenado.<\/strong>.<\/p>\n<\/div>\n<p><h2>Mario L\u00f3pez y una acusaci\u00f3n terminal<\/h2>\n<\/p>\n<div class=\"sc-80531b6b-0 chRIGJ container-text text-embed\">\n<p>La Audiencia Provincial de Bizkaia otorg\u00f3 <strong>&#8220;plena fiabilidad&#8221;<\/strong> a la v\u00edctima que, durante unos<strong> 3 a\u00f1os y medio<\/strong>, sufri\u00f3 alrededor de <strong>50 abusos sexuales <\/strong>por parte del profesional.<\/p>\n<\/div>\n<div class=\"sc-80531b6b-0 chRIGJ container-text text-embed\">\n<p>Despu\u00e9s de 21 a\u00f1os, la jugadora que comparti\u00f3 cancha con L\u00f3pez en<strong> Lointek Gernika<\/strong>, present\u00f3 su denuncia por escrito <strong>en junio de 2023.<\/strong> El juicio tuvo lugar en<strong> enero de 2025 <\/strong>a puerta cerrada, en Bizkaia. <\/p>\n<\/div>\n<div class=\"sc-80531b6b-0 chRIGJ container-text text-embed\">\n<p>La resoluci\u00f3n judicial declara que la menor <strong>particip\u00f3<\/strong> en dichos encuentros &#8220;<strong>sin prestar ning\u00fan tipo de consentimiento <\/strong>y con su voluntad doblegada por el dominio ejercicio por el procesado con apoyo en todas estas circunstancias&#8221;.<\/p>\n<\/div>\n<div class=\"sc-198be8ec-0 cynXbu image-embed  image-embed \"><picture class=\"sc-198be8ec-1 kOjRiQ\"><source media=\"(min-width: 975px)\" width=\"720\" height=\"480\" \/><img alt=\"La denuncia fue presentada en junio de 2023.&#10;Foto: EFE.\" loading=\"lazy\" width=\"720\" height=\"480\" decoding=\"async\" data-nimg=\"1\" style=\"color:transparent\" src=\"https:\/\/13.com.ar\/wp-content\/uploads\/2025\/02\/Condenan-a-Mario-Lopez-ex-entrenador-de-basquet-espanol-por.jpg\"\/><span class=\"epigraphe\">La denuncia fue presentada en junio de 2023.<br \/>\nFoto: EFE.<\/span><span class=\"bkg\"\/><span class=\"picture-open\"><button class=\"open-image\" aria-label=\"Open Image\"\/><\/span><\/picture><\/div>\n<div class=\"sc-80531b6b-0 chRIGJ container-text text-embed\">\n<p>La jugadora narr\u00f3 que padeci\u00f3 los<strong> primeros tocamientos<\/strong> cuando acudi\u00f3 con L\u00f3pez a <strong>ver un partido de baloncesto al domicilio<\/strong> del entrenador.<\/p>\n<\/div>\n<div class=\"sc-80531b6b-0 chRIGJ container-text text-embed\">\n<p>Adem\u00e1s, asegur\u00f3 que <strong>continu\u00f3 siendo obligada <\/strong>por el entrenador a <strong>masturbarle<\/strong> y a practicarle felaciones, tanto en Gernika como en un viaje deportivo.<\/p>\n<\/div>\n<p><h2>&#8220;Se aprovech\u00f3 de su posici\u00f3n de poder&#8221;<\/h2>\n<\/p>\n<div class=\"sc-80531b6b-0 chRIGJ container-text text-embed\">\n<p>Las agresiones habr\u00edan comenzado en <strong>1998<\/strong>, donde la jugadora de <strong>13 a\u00f1os<\/strong> coincidi\u00f3 con Mario L\u00f3pez, su <strong>profesor de 31 a\u00f1os<\/strong>, en el <strong>colegio Allende Salazar.<\/strong><\/p>\n<\/div>\n<div class=\"sc-80531b6b-0 chRIGJ container-text text-embed\">\n<p>M\u00e1s adelante, se volvieron a encontrar en el <strong>equipo vizca\u00edno Lointek Gernika<\/strong>, donde la v\u00edctima era una <strong>promesa<\/strong> del baloncesto y los abusos continuaron, provocando que su rendimiento cayera en picada .<\/p>\n<\/div>\n<div class=\"sc-80531b6b-0 chRIGJ container-text text-embed\">\n<p>La jugadora <strong>record\u00f3 medio centenar de abusos<\/strong> durante su denuncia y detall\u00f3 c\u00f3mo L\u00f3pez los llev\u00f3 a cabo en su <strong>domicilio<\/strong>, en<strong> viajes deportivos<\/strong> y en el propio piso donde resid\u00eda la menor con sus padres.<\/p>\n<\/div>\n<div class=\"sc-80531b6b-0 chRIGJ container-text text-embed\">\n<p>Los documentos hablan de \u201c<strong>atentados contra su libertad sexual<\/strong>, los cuales aumentaron en intensidad, incluyendo <strong>relaciones sexuales con penetraci\u00f3n<\/strong>, tales como felaciones, as\u00ed como masturbaciones, as\u00ed como una relaci\u00f3n sexual consistente en penetraci\u00f3n por v\u00eda anal\u201d.<\/p>\n<\/div>\n<div class=\"sc-80531b6b-0 chRIGJ container-text text-embed\">\n<p>Los jueces tambi\u00e9n advirtieron la<strong> vulnerabilidad <\/strong>que sufr\u00eda la jugadora por los<strong> problemas de alcohol de sus padres<\/strong>, que dificult\u00f3 su defensa y la posibilidad para denunciar los abusos que estaba sufriendo.<\/p>\n<\/div>\n<p><h2>Pitido final para Mario L\u00f3pez<\/h2>\n<\/p>\n<div class=\"sc-80531b6b-0 chRIGJ container-text text-embed\">\n<p>El caso<strong> sali\u00f3 a la luz en 2023<\/strong>, a trav\u00e9s de una nota de <em>El Pa\u00eds<\/em> que aseguraba que<strong> Mario L\u00f3pez estaba siendo investigado<\/strong> por una supuesta agresi\u00f3n sexual a una menor de edad.<\/p>\n<\/div>\n<div class=\"sc-80531b6b-0 chRIGJ container-text text-embed\">\n<p>De esta forma, L\u00f3pez sufri\u00f3 una gran <strong>presi\u00f3n social<\/strong>. &#8220;A partir de ah\u00ed, <strong>mi vida es un infierno<\/strong>&#8220;, reconoci\u00f3 en el juicio. <\/p>\n<\/div>\n<div class=\"sc-198be8ec-0 cynXbu image-embed  image-embed \"><picture class=\"sc-198be8ec-1 kOjRiQ\"><source media=\"(min-width: 975px)\" width=\"720\" height=\"480\" \/><img alt=\"Mario L\u00f3pez junto a sus alumnas de las categor\u00edas inferiores.&#10;Foto: \u00c1ngel Grande.\" loading=\"lazy\" width=\"720\" height=\"480\" decoding=\"async\" data-nimg=\"1\" style=\"color:transparent\" src=\"https:\/\/13.com.ar\/wp-content\/uploads\/2025\/02\/1740502317_193_Condenan-a-Mario-Lopez-ex-entrenador-de-basquet-espanol-por.jpg\"\/><span class=\"epigraphe\">Mario L\u00f3pez junto a sus alumnas de las categor\u00edas inferiores.<br \/>\nFoto: \u00c1ngel Grande.<\/span><span class=\"bkg\"\/><span class=\"picture-open\"><button class=\"open-image\" aria-label=\"Open Image\"\/><\/span><\/picture><\/div>\n<div class=\"sc-80531b6b-0 chRIGJ container-text text-embed\">\n<p>En su <strong>primera declaraci\u00f3n<\/strong> ante el Juzgado de Instrucci\u00f3n, el acusado <strong>neg\u00f3 cualquier relaci\u00f3n sexual.<\/strong> Sin embargo, en el juicio oral admiti\u00f3 <strong>&#8220;besos y tocamientos&#8221;,<\/strong> justific\u00e1ndolos con que &#8220;todo sucedi\u00f3 con su consentimiento&#8221;.<\/p>\n<\/div>\n<div class=\"sc-80531b6b-0 chRIGJ container-text text-embed\">\n<p>Durante la sentencia en el tribunal, se <strong>declar\u00f3 probado<\/strong> que el <strong>consentimiento<\/strong> y la voluntad de la denunciante fueron &#8220;<strong>quebrados con violencia <\/strong>e intimidaci\u00f3n&#8221; por parte del agresor.<\/p>\n<\/div>\n<div class=\"sc-80531b6b-0 chRIGJ container-text text-embed\">\n<p>Tambi\u00e9n se habla de un <strong>contexto de superioridad <\/strong>del investigado respecto de la v\u00edctima por <strong>edad, posici\u00f3n y violencia f\u00edsica<\/strong>, desde agresiones hasta golpes.<\/p>\n<\/div>\n<div class=\"sc-80531b6b-0 chRIGJ container-text text-embed\">\n<p>La Fiscal\u00eda hab\u00eda presentado una petici\u00f3n de <strong>al menos 14 a\u00f1os de prisi\u00f3n<\/strong>, mientras que la denunciante <strong>exig\u00eda 18 a\u00f1os<\/strong> por los da\u00f1os causados.<\/p>\n<\/div>\n<div class=\"sc-80531b6b-0 chRIGJ container-text text-embed\">\n<p>Finalmente, dictaminaron <strong>13 a\u00f1os y 6 meses<\/strong> por los delitos cometidos por <strong>el exseleccionador de baloncesto femenino de Espa\u00f1a. <\/strong><\/p>\n<\/div>\n<p><h2>La multa e inhabilitaci\u00f3n que recibir\u00e1 <\/h2>\n<\/p>\n<div class=\"sc-80531b6b-0 chRIGJ container-text text-embed\">\n<p>Por todo lo sucedido, se lo condena como autor de un <strong>delito continuado de agresi\u00f3n sexual con acceso carnal <\/strong>y con la <strong>agravaci\u00f3n de v\u00edctima especialmente vulnerable.<\/strong><\/p>\n<\/div>\n<div class=\"sc-80531b6b-0 chRIGJ container-text text-embed\">\n<p>Adem\u00e1s de la pena de 13 a\u00f1os y medio de prisi\u00f3n, deber\u00e1 pagar una<strong> indemnizaci\u00f3n a la v\u00edctima de 80.000 euros<\/strong> por los da\u00f1os causados y se enfrentar\u00e1 a una <strong>inhabilitaci\u00f3n para ejercer de entrenador <\/strong>de baloncesto de menores.<\/p>\n<\/div>\n<div class=\"sc-80531b6b-0 chRIGJ container-text text-embed\">\n<p>El tribunal le impuso, a su vez, la <strong>prohibici\u00f3n de acercarse a menos de 300 metros de la v\u00edctima<\/strong> o del domicilio de la v\u00edctima durante cinco a\u00f1os desde que comience a disfrutar de permisos carcelarios o de una posible libertad condicional.<\/p>\n<\/div>\n<\/div>\n<p><br \/>\n<br \/><a href=\"https:\/\/www.clarin.com\/internacional\/condenan-mario-lopez-ex-entrenador-basquet-espanol-agresion-sexual-jugadora-13-anos_0_0AMoKPgQgs.html\">Fuente Clarin.com <\/a><\/p>\n","protected":false},"excerpt":{"rendered":"<p>Mario L\u00f3pez, exentrenador de los equipos sub-16, sub-18 y sub-19 de la selecci\u00f3n femenina de b\u00e1squet de Espa\u00f1a, fue condenado a 13 a\u00f1os y 6 meses de prisi\u00f3n por abusar sexualmente de una jugadora. La v\u00edctima se trataba de una menor de 13 a\u00f1os que sufri\u00f3 aproximadamente medio centenar de agresiones sexuales, desde el a\u00f1o [&hellip;]<\/p>\n","protected":false},"author":1,"featured_media":7827,"comment_status":"open","ping_status":"open","sticky":false,"template":"","format":"standard","meta":{"footnotes":""},"categories":[2],"tags":[3233,636,9193,2441,8031,6552,9194,2531,5424,142,2058,73],"class_list":["post-7826","post","type-post","status-publish","format-standard","has-post-thumbnail","hentry","category-ultimas-noticias","tag-agresion","tag-anos","tag-basquet","tag-condenan","tag-entrenador","tag-espanol","tag-jugadora","tag-lopez","tag-mario","tag-por","tag-sexual","tag-una"],"_links":{"self":[{"href":"https:\/\/13.com.ar\/index.php\/wp-json\/wp\/v2\/posts\/7826","targetHints":{"allow":["GET"]}}],"collection":[{"href":"https:\/\/13.com.ar\/index.php\/wp-json\/wp\/v2\/posts"}],"about":[{"href":"https:\/\/13.com.ar\/index.php\/wp-json\/wp\/v2\/types\/post"}],"author":[{"embeddable":true,"href":"https:\/\/13.com.ar\/index.php\/wp-json\/wp\/v2\/users\/1"}],"replies":[{"embeddable":true,"href":"https:\/\/13.com.ar\/index.php\/wp-json\/wp\/v2\/comments?post=7826"}],"version-history":[{"count":0,"href":"https:\/\/13.com.ar\/index.php\/wp-json\/wp\/v2\/posts\/7826\/revisions"}],"wp:featuredmedia":[{"embeddable":true,"href":"https:\/\/13.com.ar\/index.php\/wp-json\/wp\/v2\/media\/7827"}],"wp:attachment":[{"href":"https:\/\/13.com.ar\/index.php\/wp-json\/wp\/v2\/media?parent=7826"}],"wp:term":[{"taxonomy":"category","embeddable":true,"href":"https:\/\/13.com.ar\/index.php\/wp-json\/wp\/v2\/categories?post=7826"},{"taxonomy":"post_tag","embeddable":true,"href":"https:\/\/13.com.ar\/index.php\/wp-json\/wp\/v2\/tags?post=7826"}],"curies":[{"name":"wp","href":"https:\/\/api.w.org\/{rel}","templated":true}]}}