{"id":7822,"date":"2025-02-25T13:45:53","date_gmt":"2025-02-25T16:45:53","guid":{"rendered":"https:\/\/13.com.ar\/index.php\/tras-el-polemico-anuncio-de-gran-hermano-que-participantes-de-las-ultimas-ediciones-quieren-volver-a-la-casa\/"},"modified":"2025-02-25T13:45:53","modified_gmt":"2025-02-25T16:45:53","slug":"tras-el-polemico-anuncio-de-gran-hermano-que-participantes-de-las-ultimas-ediciones-quieren-volver-a-la-casa","status":"publish","type":"post","link":"https:\/\/13.com.ar\/index.php\/tras-el-polemico-anuncio-de-gran-hermano-que-participantes-de-las-ultimas-ediciones-quieren-volver-a-la-casa\/","title":{"rendered":"Tras el pol\u00e9mico anuncio de Gran Hermano, qu\u00e9 participantes de las \u00faltimas ediciones quieren volver a la casa"},"content":{"rendered":"<p> <br \/>\n<\/p>\n<div id=\"cuerpo\">\n<div class=\"sc-80531b6b-0 chRIGJ container-text text-embed\">\n<p><em>Gran Hermano <\/em>anunci\u00f3 que, como reemplazo de Luca Figurelli, podr\u00e1 volver a la casa <strong>un ex participante de las \u00faltimas tres ediciones<\/strong>, aunque la decisi\u00f3n final ser\u00e1 del p\u00fablico. El listado de los <strong>ex &#8220;hermanitos&#8221; que adelantaron sus intenciones de regresar<\/strong> a la casa.<\/p>\n<\/div>\n<div class=\"sc-80531b6b-0 chRIGJ container-text text-embed\">\n<p>Luego de que Luca fuera eliminado del famoso <em>reality<\/em> de Telefe por dar informaci\u00f3n sobre el afuera, <strong>Santiago del Moro<\/strong> adelant\u00f3 esta ma\u00f1ana que cualquier participante de las \u00faltimas tres ediciones podr\u00e1 anotarse para volver al juego.<\/p>\n<\/div>\n<div class=\"sc-80531b6b-0 chRIGJ container-text text-embed\">\n<p>&#8220;\u00a1Atenci\u00f3n! Dada la expulsi\u00f3n de Luca se comunica a todos los ex participantes de las \u00faltimas 3 ediciones de Gran Hermano que quieran anotarse para formar parte de la placa para obtener<strong> &#8216;el <em>golden ticket<\/em><\/strong>&#8216; pueden hacerlo&#8221;, comunic\u00f3 el conductor a a trav\u00e9s de sus historias de Instagram.<\/p>\n<\/div>\n<div class=\"sc-80531b6b-0 chRIGJ container-text text-embed\">\n<p>Y adelant\u00f3: &#8220;El pr\u00f3ximo lunes, una vez finalizada la gala de eliminaci\u00f3n, <strong>el p\u00fablico podr\u00e1 votar por su jugador favorito<\/strong> para obtener ese lugar en la casa de <em>Gran Hermano&#8221;<\/em>.<\/p>\n<\/div>\n<div class=\"sc-80531b6b-0 chRIGJ container-text text-embed\">\n<p>Minutos despu\u00e9s de anuncio, los ex &#8220;hermanitos&#8221; comenzaron a manifestarse a favor o en contra de regresar al juego, con sus respectivas explicaciones.<\/p>\n<\/div>\n<div class=\"sc-80531b6b-0 chRIGJ container-text text-embed\">\n<p>Uno de los m\u00e1s entusiasmados por la novedad fue <strong>Mart\u00edn Ku, m\u00e1s conocido como El Chino<\/strong>, quien desde su programa de streaming en <em>Rep\u00fablica Z<\/em> explic\u00f3: &#8220;Me tiro de cabeza, obviamente dir\u00eda que si.<strong> Estar\u00eda hermoso poder volver a entrar a la casa&#8221;.<\/strong><\/p>\n<\/div>\n<div class=\"sc-80531b6b-0 chRIGJ container-text text-embed\">\n<p>De la edici\u00f3n que dio como ganador a Bautista Mascia, tambi\u00e9n se manifestaron a favor de volver a entrar <strong>Florencia Regidor, Federico Farias (Manzana), Catalina Gorostidi y Rosina Beltr\u00e1n.<\/strong><\/p>\n<\/div>\n<div class=\"sc-198be8ec-0 cynXbu image-embed  image-embed \"><picture class=\"sc-198be8ec-1 kOjRiQ\"><source media=\"(min-width: 975px)\" width=\"720\" height=\"480\" \/><img alt=\"Mart\u00edn Ku manifest\u00f3 sus ganas de volver a Gran Hermano. Foto: Instagram\" loading=\"lazy\" width=\"720\" height=\"480\" decoding=\"async\" data-nimg=\"1\" style=\"color:transparent\" src=\"https:\/\/13.com.ar\/wp-content\/uploads\/2025\/02\/Tras-el-polemico-anuncio-de-Gran-Hermano-que-participantes-de.jpg\"\/><span class=\"epigraphe\">Mart\u00edn Ku manifest\u00f3 sus ganas de volver a Gran Hermano. Foto: Instagram<\/span><span class=\"bkg\"\/><span class=\"picture-open\"><button class=\"open-image\" aria-label=\"Open Image\"\/><\/span><\/picture><\/div>\n<div class=\"sc-80531b6b-0 chRIGJ container-text text-embed\">\n<p>Cabe recordar que la uruguaya est\u00e1 envuelta en rumores de romance con <strong>Renato Rossini<\/strong>, jugador de la actual edici\u00f3n que se encuentra dentro de la casa.<\/p>\n<\/div>\n<div class=\"sc-80531b6b-0 chRIGJ container-text text-embed\">\n<p>De la edici\u00f3n anterior, tanto <strong>Agostina Spinelli, Luc\u00eda Maidana <\/strong>como <strong>Licha Navarro<\/strong> aclararon que <strong>no est\u00e1 en sus planes<\/strong> reingresar al juego. <\/p>\n<\/div>\n<div class=\"sc-198be8ec-0 cynXbu image-embed  image-embed \"><picture class=\"sc-198be8ec-1 kOjRiQ\"><source media=\"(min-width: 975px)\" width=\"720\" height=\"480\" \/><img alt=\"Licha Navarro asegur\u00f3 que no quiere volver a Gran Hermano. Foto: Instagram\" loading=\"lazy\" width=\"720\" height=\"480\" decoding=\"async\" data-nimg=\"1\" style=\"color:transparent\" src=\"https:\/\/13.com.ar\/wp-content\/uploads\/2025\/02\/1740501953_285_Tras-el-polemico-anuncio-de-Gran-Hermano-que-participantes-de.jpg\"\/><span class=\"epigraphe\">Licha Navarro asegur\u00f3 que no quiere volver a Gran Hermano. Foto: Instagram<\/span><span class=\"bkg\"\/><span class=\"picture-open\"><button class=\"open-image\" aria-label=\"Open Image\"\/><\/span><\/picture><\/div>\n<div class=\"sc-80531b6b-0 chRIGJ container-text text-embed\">\n<p>El uruguayo <strong>Bautista Mascia<\/strong>, quien ya gan\u00f3 un <em>Gran Hermano<\/em>, y su novia <strong>Denisse Gonz\u00e1lez<\/strong> tampoco participar\u00e1n por el Golden Ticket, seg\u00fan adelantaron. <\/p>\n<\/div>\n<div class=\"sc-198be8ec-0 cynXbu image-embed  image-embed \"><picture class=\"sc-198be8ec-1 kOjRiQ\"><source media=\"(min-width: 975px)\" width=\"720\" height=\"480\" \/><img alt=\"Bautista y Denisse no quieren volver a participar de Gran Hermano. Foto: Prensa Telefe\" loading=\"lazy\" width=\"720\" height=\"480\" decoding=\"async\" data-nimg=\"1\" style=\"color:transparent\" src=\"https:\/\/13.com.ar\/wp-content\/uploads\/2025\/02\/1740501953_258_Tras-el-polemico-anuncio-de-Gran-Hermano-que-participantes-de.jpg\"\/><span class=\"epigraphe\">Bautista y Denisse no quieren volver a participar de Gran Hermano. Foto: Prensa Telefe<\/span><span class=\"bkg\"\/><span class=\"picture-open\"><button class=\"open-image\" aria-label=\"Open Image\"\/><\/span><\/picture><\/div>\n<div class=\"sc-80531b6b-0 chRIGJ container-text text-embed\">\n<p>&#8220;Mi tiempo pas\u00f3, tuve la oportunidad y perd\u00ed. <strong>Me voy con la cabeza en alto porque me sac\u00f3 la mejor, es tiempo que le quede a otro<\/strong>&#8220;, asegur\u00f3 Lisandro, que actualmente forma parte de la obra <em>SEX<\/em> de Jos\u00e9 Mar\u00eda Muscari. <\/p>\n<\/div>\n<div class=\"sc-80531b6b-0 chRIGJ container-text text-embed\">\n<p>Por su parte, el finalista<strong> Emma Vich,<\/strong> que qued\u00f3 en segundo lugar en 2024, coquete\u00f3 con la idea de volver por la revancha. &#8220;\u00bfQu\u00e9 hago? \u00bfMe anoto?&#8221;, tuite\u00f3. <\/p>\n<\/div>\n<div class=\"sc-198be8ec-0 cynXbu image-embed  image-embed \"><picture class=\"sc-198be8ec-1 kOjRiQ\"><source media=\"(min-width: 975px)\" width=\"720\" height=\"480\" \/><img alt=\"Emma Vich asegur\u00f3 que quiere volver a Gran Hermano y jugar con Ulises, quien tambi\u00e9n es cordob\u00e9s. \" loading=\"lazy\" width=\"720\" height=\"480\" decoding=\"async\" data-nimg=\"1\" style=\"color:transparent\" src=\"https:\/\/13.com.ar\/wp-content\/uploads\/2025\/02\/1740501953_179_Tras-el-polemico-anuncio-de-Gran-Hermano-que-participantes-de.jpg\"\/><span class=\"epigraphe\">Emma Vich asegur\u00f3 que quiere volver a Gran Hermano y jugar con Ulises, quien tambi\u00e9n es cordob\u00e9s. <\/span><span class=\"bkg\"\/><span class=\"picture-open\"><button class=\"open-image\" aria-label=\"Open Image\"\/><\/span><\/picture><\/div>\n<div class=\"sc-80531b6b-0 chRIGJ container-text text-embed\">\n<p>Luego, en otro posteo de su cuenta de X, el cordob\u00e9s precis\u00f3: <strong>&#8220;\u00a1Me gustar\u00eda jugar con Ulises y sacar a una! \u00bfQu\u00e9 dicen?&#8221;. <\/strong><\/p>\n<\/div>\n<div class=\"sc-80531b6b-0 chRIGJ container-text text-embed\">\n<p>De la edici\u00f3n que comenz\u00f3 en 2022 y dio como ganador a Marcos Ginocchio, la finalista <strong>Julieta Poggio<\/strong> adelant\u00f3 que le gustar\u00eda participar por el <em>Golden Ticket<\/em>. Al igual que su amiga y madre de gemelas, <strong>Daniela Celis. <\/strong><\/p>\n<\/div>\n<div class=\"sc-80531b6b-0 chRIGJ container-text text-embed\">\n<p>Al igual que el pol\u00e9mico Walter Santiago, m\u00e1s conocido como <strong>Alfa, y su enemigo, Ariel Ansaldo<\/strong>, que tambi\u00e9n manifestaron<strong> sus ganas de volver<\/strong> a la casa m\u00e1s famosa del pa\u00eds.  <\/p>\n<\/div>\n<div class=\"sc-80531b6b-0 chRIGJ container-text text-embed\">\n<p>Mientras que <strong>Tom\u00e1s Holder<\/strong>, el primer eliminado de aquella edici\u00f3n, comparti\u00f3 dos historias en su perfil de Instagram en las que les preguntaba a sus seguidores si cre\u00edan que deber\u00eda volver. <\/p>\n<\/div>\n<div class=\"sc-198be8ec-0 cynXbu image-embed  image-embed \"><picture class=\"sc-198be8ec-1 kOjRiQ\"><source media=\"(min-width: 975px)\" width=\"720\" height=\"480\" \/><img alt=\"Tom\u00e1s Holder es un pol\u00e9mico influencer que pas\u00f3 por Gran Hermano y el Bailando por un Sue\u00f1o. Foto: Instagram\" loading=\"lazy\" width=\"720\" height=\"480\" decoding=\"async\" data-nimg=\"1\" style=\"color:transparent\" src=\"https:\/\/13.com.ar\/wp-content\/uploads\/2025\/02\/1740501953_157_Tras-el-polemico-anuncio-de-Gran-Hermano-que-participantes-de.jpg\"\/><span class=\"epigraphe\">Tom\u00e1s Holder es un pol\u00e9mico influencer que pas\u00f3 por Gran Hermano y el Bailando por un Sue\u00f1o. Foto: Instagram<\/span><span class=\"bkg\"\/><span class=\"picture-open\"><button class=\"open-image\" aria-label=\"Open Image\"\/><\/span><\/picture><\/div>\n<div class=\"sc-80531b6b-0 chRIGJ container-text text-embed\">\n<p>El <em>influencer <\/em>comparti\u00f3 una foto del Golden Ticket y escribi\u00f3: &#8220;\u00bfQuieren que vuelva? Prep\u00e1rense&#8221;. <\/p>\n<\/div>\n<div class=\"sc-80531b6b-0 chRIGJ container-text text-embed\">\n<p>Mientras que <strong>Constanza Romero y Nacho Casta\u00f1ares<\/strong> no se pronunciaron, aunque s\u00ed hab\u00edan anunciado un viaje a Puerto Rico para los pr\u00f3ximos d\u00edas, lo que les complicar\u00eda la posiblidad de regresar al juego.<\/p>\n<\/div>\n<p><h2>La palabra de Furia sobre la posibilidad de volver a Gran Hermano<\/h2>\n<\/p>\n<div class=\"sc-80531b6b-0 chRIGJ container-text text-embed\">\n<p>Despu\u00e9s de romper su contrato con Telefe, luego de su pol\u00e9mica salida del reality, <strong>Juliana Scaglione<\/strong> parece haber recompuesto su v\u00ednculo con el canal de Mart\u00ednez.<\/p>\n<\/div>\n<div class=\"sc-80531b6b-0 chRIGJ container-text text-embed\">\n<p>Estuvo presente en la tribuna de <em>Gran Hermano<\/em> durante el primer programa de esta edici\u00f3n y actualmente tambi\u00e9n <strong>es panelista del <em>Debate y La Noche de los Ex. <\/em><\/strong><\/p>\n<\/div>\n<div class=\"sc-198be8ec-0 cynXbu image-embed  image-embed \"><picture class=\"sc-198be8ec-1 kOjRiQ\"><source media=\"(min-width: 975px)\" width=\"720\" height=\"480\" \/><img alt=\"Furia es panelista del Debate de Gran Hermano y de la Noche de los Ex. Captura TV\" loading=\"lazy\" width=\"720\" height=\"480\" decoding=\"async\" data-nimg=\"1\" style=\"color:transparent\" src=\"https:\/\/13.com.ar\/wp-content\/uploads\/2025\/02\/1740501953_552_Tras-el-polemico-anuncio-de-Gran-Hermano-que-participantes-de.jpg\"\/><span class=\"epigraphe\">Furia es panelista del Debate de Gran Hermano y de la Noche de los Ex. Captura TV<\/span><span class=\"bkg\"\/><span class=\"picture-open\"><button class=\"open-image\" aria-label=\"Open Image\"\/><\/span><\/picture><\/div>\n<div class=\"sc-80531b6b-0 chRIGJ container-text text-embed\">\n<p>Si bien en las redes sociales su aguerrido fandom est\u00e1 pidiendo que ella regresa, Furia <strong>a\u00fan no se ha expresado ni a favor ni en contra.<\/strong><\/p>\n<\/div>\n<\/div>\n<p><br \/>\n<br \/><a href=\"https:\/\/www.clarin.com\/fama\/polemico-anuncio-gran-hermano-participantes-ultimas-ediciones-quieren-volver-casa_0_TX7PcT3uCi.html\">Fuente Clarin.com <\/a><\/p>\n","protected":false},"excerpt":{"rendered":"<p>Gran Hermano anunci\u00f3 que, como reemplazo de Luca Figurelli, podr\u00e1 volver a la casa un ex participante de las \u00faltimas tres ediciones, aunque la decisi\u00f3n final ser\u00e1 del p\u00fablico. El listado de los ex &#8220;hermanitos&#8221; que adelantaron sus intenciones de regresar a la casa. Luego de que Luca fuera eliminado del famoso reality de Telefe [&hellip;]<\/p>\n","protected":false},"author":1,"featured_media":7823,"comment_status":"open","ping_status":"open","sticky":false,"template":"","format":"standard","meta":{"footnotes":""},"categories":[2],"tags":[324,108,9148,925,926,48,3375,2717,286,585,312,52,1928],"class_list":["post-7822","post","type-post","status-publish","format-standard","has-post-thumbnail","hentry","category-ultimas-noticias","tag-anuncio","tag-casa","tag-ediciones","tag-gran","tag-hermano","tag-las","tag-participantes","tag-polemico","tag-que","tag-quieren","tag-tras","tag-ultimas","tag-volver"],"_links":{"self":[{"href":"https:\/\/13.com.ar\/index.php\/wp-json\/wp\/v2\/posts\/7822","targetHints":{"allow":["GET"]}}],"collection":[{"href":"https:\/\/13.com.ar\/index.php\/wp-json\/wp\/v2\/posts"}],"about":[{"href":"https:\/\/13.com.ar\/index.php\/wp-json\/wp\/v2\/types\/post"}],"author":[{"embeddable":true,"href":"https:\/\/13.com.ar\/index.php\/wp-json\/wp\/v2\/users\/1"}],"replies":[{"embeddable":true,"href":"https:\/\/13.com.ar\/index.php\/wp-json\/wp\/v2\/comments?post=7822"}],"version-history":[{"count":0,"href":"https:\/\/13.com.ar\/index.php\/wp-json\/wp\/v2\/posts\/7822\/revisions"}],"wp:featuredmedia":[{"embeddable":true,"href":"https:\/\/13.com.ar\/index.php\/wp-json\/wp\/v2\/media\/7823"}],"wp:attachment":[{"href":"https:\/\/13.com.ar\/index.php\/wp-json\/wp\/v2\/media?parent=7822"}],"wp:term":[{"taxonomy":"category","embeddable":true,"href":"https:\/\/13.com.ar\/index.php\/wp-json\/wp\/v2\/categories?post=7822"},{"taxonomy":"post_tag","embeddable":true,"href":"https:\/\/13.com.ar\/index.php\/wp-json\/wp\/v2\/tags?post=7822"}],"curies":[{"name":"wp","href":"https:\/\/api.w.org\/{rel}","templated":true}]}}