{"id":7820,"date":"2025-02-25T13:42:32","date_gmt":"2025-02-25T16:42:32","guid":{"rendered":"https:\/\/13.com.ar\/index.php\/el-conmovedor-pedido-del-rey-carlos-iii-a-harry-y-los-planes-para-su-sucesion-en-su-etapa-terminal\/"},"modified":"2025-02-25T13:42:32","modified_gmt":"2025-02-25T16:42:32","slug":"el-conmovedor-pedido-del-rey-carlos-iii-a-harry-y-los-planes-para-su-sucesion-en-su-etapa-terminal","status":"publish","type":"post","link":"https:\/\/13.com.ar\/index.php\/el-conmovedor-pedido-del-rey-carlos-iii-a-harry-y-los-planes-para-su-sucesion-en-su-etapa-terminal\/","title":{"rendered":"El conmovedor pedido del rey Carlos III a Harry y los planes para su sucesi\u00f3n en su etapa terminal"},"content":{"rendered":"<p> <br \/>\n<\/p>\n<div id=\"cuerpo\">\n<div class=\"sc-80531b6b-0 chRIGJ container-text text-embed\">\n<p>El <strong>c\u00e1ncer del rey Carlos III estar\u00eda en fase terminal<\/strong>, por lo que buscar\u00eda retomar el contacto con su hijo menor, Harry. Mientras tanto, el <strong>Palacio de Buckingham<\/strong> se prepara para la sucesi\u00f3n de William.<\/p>\n<\/div>\n<div class=\"sc-80531b6b-0 chRIGJ container-text text-embed\">\n<p>El monarca, hijo de<strong> Isabel II,<\/strong> recibi\u00f3 el diagn\u00f3stico en febrero de 2024, pero al negarse a un tratamiento agresivo como<strong> la quimioterapia<\/strong>, la enfermedad avanz\u00f3 con rapidez.<\/p>\n<\/div>\n<div class=\"sc-80531b6b-0 chRIGJ container-text text-embed\">\n<p>Actualmente, se encontrar\u00eda en estado cuatro,<strong> la \u00faltima fase del c\u00e1ncer.<\/strong> Por este motivo, seg\u00fan fuentes cercanas al Palacio citadas por la BBC, <strong>el pr\u00edncipe William<\/strong> contact\u00f3 a su hermano para comunicarle que su padre quiere verlo &#8220;antes de que sea demasiado tarde&#8221;.<\/p>\n<\/div>\n<div class=\"sc-198be8ec-0 cynXbu image-embed  image-embed \"><picture class=\"sc-198be8ec-1 kOjRiQ\"><source media=\"(min-width: 975px)\" width=\"720\" height=\"480\" \/><img alt=\"El Pr\u00edncipe Harry se decide s\u00ed quiere volver a cumplir los mandatos reales.\" loading=\"lazy\" width=\"720\" height=\"480\" decoding=\"async\" data-nimg=\"1\" style=\"color:transparent\" src=\"https:\/\/13.com.ar\/wp-content\/uploads\/2025\/02\/El-conmovedor-pedido-del-rey-Carlos-III-a-Harry-y.jpg\"\/><span class=\"epigraphe\">El Pr\u00edncipe Harry se decide s\u00ed quiere volver a cumplir los mandatos reales.<\/span><span class=\"bkg\"\/><span class=\"picture-open\"><button class=\"open-image\" aria-label=\"Open Image\"\/><\/span><\/picture><\/div>\n<p><h2>Cu\u00e1l va a ser la decisi\u00f3n del pr\u00edncipe Harry ante la muerte del Rey<\/h2>\n<\/p>\n<div class=\"sc-80531b6b-0 chRIGJ container-text text-embed\">\n<p>Harry vive con su esposa, <strong>Meghan Markle<\/strong>, y sus dos hijos, <strong>Archie<\/strong>, de cinco a\u00f1os, y <strong>Lilibet,<\/strong> de tres, en su hogar de Montecito, California. Desde 2020, se mantienen alejados de la monarqu\u00eda, pero ante esta situaci\u00f3n, las condiciones podr\u00edan cambiar.<\/p>\n<\/div>\n<div class=\"sc-80531b6b-0 chRIGJ container-text text-embed\">\n<p>El duque mantiene una <strong>postura distante<\/strong> y desconf\u00eda de cualquier intento de acercamiento. Sin embargo, fuentes cercanas aseguran que considerar\u00eda la posibilidad de volver al<strong> volver a Reino Unido<\/strong>.<\/p>\n<\/div>\n<div class=\"sc-80531b6b-0 chRIGJ container-text text-embed\">\n<p>Seg\u00fan los medios, el pr\u00edncipe enfrenta<strong> un dilema<\/strong>: dejar el pasado atr\u00e1s o continuar con su distanciamiento de la familia.<\/p>\n<\/div>\n<div class=\"sc-80531b6b-0 chRIGJ container-text text-embed\">\n<p>Por otro lado, el rey estar\u00eda dispuesto a<strong> dejar atr\u00e1s los conflictos familiares<\/strong> para reencontrarse con su hijo menor.<\/p>\n<\/div>\n<div class=\"sc-198be8ec-0 cynXbu image-embed  image-embed \"><picture class=\"sc-198be8ec-1 kOjRiQ\"><source media=\"(min-width: 975px)\" width=\"2000\" height=\"1500\" \/><img alt=\"El Rey Carlos III quiere retomar el contacto con su hijo menor.\" loading=\"lazy\" width=\"2000\" height=\"1500\" decoding=\"async\" data-nimg=\"1\" style=\"color:transparent\" src=\"https:\/\/13.com.ar\/wp-content\/uploads\/2025\/02\/1740501752_587_El-conmovedor-pedido-del-rey-Carlos-III-a-Harry-y.jpg\"\/><span class=\"epigraphe\">El Rey Carlos III quiere retomar el contacto con su hijo menor.<\/span><span class=\"bkg\"\/><span class=\"picture-open\"><button class=\"open-image\" aria-label=\"Open Image\"\/><\/span><\/picture><\/div>\n<p><h2>C\u00f3mo est\u00e1 la salud del Rey Carlos III<\/h2>\n<\/p>\n<div class=\"sc-80531b6b-0 chRIGJ container-text text-embed\">\n<p>Los m\u00e9dicos le informaron al pr\u00edncipe William, heredero al trono, que si el c\u00e1ncer no remite en las pr\u00f3ximas semanas, necesitar\u00e1 un milagro para recuperarse.<strong> La enfermedad resulta m\u00e1s agresiva de lo esperado<\/strong> y la edad del rey Carlos III dificulta su recuperaci\u00f3n. Los especialistas estiman que al monarca le quedar\u00eda, como m\u00e1ximo, <strong>un a\u00f1o de vida<\/strong>.<\/p>\n<\/div>\n<div class=\"sc-80531b6b-0 chRIGJ container-text text-embed\">\n<p>Si bien su diagn\u00f3stico no se difundi\u00f3 oficialmente, varios medios brit\u00e1nicos se\u00f1alan que se tratar\u00eda de un <strong>c\u00e1ncer de colon<\/strong>.<\/p>\n<\/div>\n<div class=\"sc-80531b6b-0 chRIGJ container-text text-embed\">\n<p>Seg\u00fan <strong>Pilar Eyre<\/strong>, corresponsal de la monarqu\u00eda en Espa\u00f1a, el rey Carlos pretende cumplir con sus obligaciones hasta el final. En su canal de<strong> YouTube<\/strong>, explic\u00f3 que el monarca se mantendr\u00e1 &#8220;al pie del ca\u00f1\u00f3n&#8221; el mayor tiempo posible.<\/p>\n<\/div>\n<div class=\"sc-198be8ec-0 cynXbu image-embed  image-embed \"><picture class=\"sc-198be8ec-1 kOjRiQ\"><source media=\"(min-width: 975px)\" width=\"720\" height=\"480\" \/><img alt=\"El Palacio de Buckingham se prepara para el fallecimiento del Rey Carlos III.\" loading=\"lazy\" width=\"720\" height=\"480\" decoding=\"async\" data-nimg=\"1\" style=\"color:transparent\" src=\"https:\/\/13.com.ar\/wp-content\/uploads\/2025\/02\/1740501752_490_El-conmovedor-pedido-del-rey-Carlos-III-a-Harry-y.jpg\"\/><span class=\"epigraphe\">El Palacio de Buckingham se prepara para el fallecimiento del Rey Carlos III.<\/span><span class=\"bkg\"\/><span class=\"picture-open\"><button class=\"open-image\" aria-label=\"Open Image\"\/><\/span><\/picture><\/div>\n<div class=\"sc-80531b6b-0 chRIGJ container-text text-embed\">\n<p>La <strong>Corona busca proyectar una imagen de fortaleza y serenidad<\/strong>, pero en los actos por el 80\u00b0 aniversario de la liberaci\u00f3n de Auschwitz, el rey apareci\u00f3 con una expresi\u00f3n serena, aunque su aspecto reflejaba el impacto de la enfermedad: ojos enrojecidos, fatiga evidente y movimientos pausados, lo que llam\u00f3 la atenci\u00f3n del p\u00fablico.<\/p>\n<\/div>\n<div class=\"sc-80531b6b-0 chRIGJ container-text text-embed\">\n<p>Actualmente, el rey recibe<strong> atenci\u00f3n m\u00e9dica constante<\/strong> y sufre desmayos y mareos frecuentes, seg\u00fan fuentes oficiales del Palacio.<\/p>\n<\/div>\n<\/div>\n<p><br \/>\n<br \/><a href=\"https:\/\/www.clarin.com\/internacional\/conmovedor-pedido-rey-carlos-iii-harry-planes-sucesion-etapa-terminal_0_zgXjmWZRfV.html\">Fuente Clarin.com <\/a><\/p>\n","protected":false},"excerpt":{"rendered":"<p>El c\u00e1ncer del rey Carlos III estar\u00eda en fase terminal, por lo que buscar\u00eda retomar el contacto con su hijo menor, Harry. Mientras tanto, el Palacio de Buckingham se prepara para la sucesi\u00f3n de William. El monarca, hijo de Isabel II, recibi\u00f3 el diagn\u00f3stico en febrero de 2024, pero al negarse a un tratamiento agresivo [&hellip;]<\/p>\n","protected":false},"author":1,"featured_media":7821,"comment_status":"open","ping_status":"open","sticky":false,"template":"","format":"standard","meta":{"footnotes":""},"categories":[2],"tags":[3559,2248,100,5957,1354,3560,28,16,2803,4343,3558,9191,9192],"class_list":["post-7820","post","type-post","status-publish","format-standard","has-post-thumbnail","hentry","category-ultimas-noticias","tag-carlos","tag-conmovedor","tag-del","tag-etapa","tag-harry","tag-iii","tag-los","tag-para","tag-pedido","tag-planes","tag-rey","tag-sucesion","tag-terminal"],"_links":{"self":[{"href":"https:\/\/13.com.ar\/index.php\/wp-json\/wp\/v2\/posts\/7820","targetHints":{"allow":["GET"]}}],"collection":[{"href":"https:\/\/13.com.ar\/index.php\/wp-json\/wp\/v2\/posts"}],"about":[{"href":"https:\/\/13.com.ar\/index.php\/wp-json\/wp\/v2\/types\/post"}],"author":[{"embeddable":true,"href":"https:\/\/13.com.ar\/index.php\/wp-json\/wp\/v2\/users\/1"}],"replies":[{"embeddable":true,"href":"https:\/\/13.com.ar\/index.php\/wp-json\/wp\/v2\/comments?post=7820"}],"version-history":[{"count":0,"href":"https:\/\/13.com.ar\/index.php\/wp-json\/wp\/v2\/posts\/7820\/revisions"}],"wp:featuredmedia":[{"embeddable":true,"href":"https:\/\/13.com.ar\/index.php\/wp-json\/wp\/v2\/media\/7821"}],"wp:attachment":[{"href":"https:\/\/13.com.ar\/index.php\/wp-json\/wp\/v2\/media?parent=7820"}],"wp:term":[{"taxonomy":"category","embeddable":true,"href":"https:\/\/13.com.ar\/index.php\/wp-json\/wp\/v2\/categories?post=7820"},{"taxonomy":"post_tag","embeddable":true,"href":"https:\/\/13.com.ar\/index.php\/wp-json\/wp\/v2\/tags?post=7820"}],"curies":[{"name":"wp","href":"https:\/\/api.w.org\/{rel}","templated":true}]}}