{"id":7733,"date":"2025-02-25T10:24:30","date_gmt":"2025-02-25T13:24:30","guid":{"rendered":"https:\/\/13.com.ar\/index.php\/entregan-fardos-para-ayudar-a-productores-afectados-por-los-incendios-en-el-sur-del-pais\/"},"modified":"2025-02-25T10:24:30","modified_gmt":"2025-02-25T13:24:30","slug":"entregan-fardos-para-ayudar-a-productores-afectados-por-los-incendios-en-el-sur-del-pais","status":"publish","type":"post","link":"https:\/\/13.com.ar\/index.php\/entregan-fardos-para-ayudar-a-productores-afectados-por-los-incendios-en-el-sur-del-pais\/","title":{"rendered":"entregan fardos para ayudar a productores afectados por los incendios en el sur del pa\u00eds"},"content":{"rendered":"<p> <br \/>\n<\/p>\n<div id=\"cuerpo\">\n<div class=\"sc-80531b6b-0 chRIGJ container-text text-embed\">\n<p>El presidente de Confederaciones Rurales Argentinas (CRA), <strong>Carlos Castagnani<\/strong>, visit\u00f3 a los productores perjudicados por los incendios en el sur y reclam\u00f3 una \u201cplanificaci\u00f3n estructural\u201d para atender esta y otras problem\u00e1ticas.<\/p>\n<\/div>\n<div class=\"sc-80531b6b-0 chRIGJ container-text text-embed\">\n<p>Adem\u00e1s, la entidad, junto a la Federaci\u00f3n de Sociedades Rurales de R\u00edo Negro, anunci\u00f3 que v<strong>an a colaborar con la entrega de fardos y otras acciones.<\/strong><\/p>\n<\/div>\n<div class=\"sc-80531b6b-0 chRIGJ container-text text-embed\">\n<p>Los dirigentes de dichas entidades <strong>visitaron a los productores afectados por los incendios en la provincia de R\u00edo Negro<\/strong>, manifestando el compromiso de llevar sus necesidades a las autoridades nacionales y provinciales, atento que el fuego arras\u00f3 con pasturas e infraestructura de todo tipo, lo cual llevar\u00e1 a\u00f1os volver a los niveles de producci\u00f3n previos al fuego.<\/p>\n<\/div>\n<div class=\"sc-80531b6b-0 chRIGJ container-text text-embed\">\n<p>En algunas parcelas, <strong>el calor de las llamas lleg\u00f3 a los 900\u00b0C y hay afectaci\u00f3n de suelos<\/strong>, como explic\u00f3 Mauro Sarasola, director de la Estaci\u00f3n Experimental del INTA en Bariloche, quien form\u00f3 parte de la visita a los damnificados.<\/p>\n<\/div>\n<div class=\"sc-80531b6b-0 chRIGJ container-text text-embed\">\n<p>Por lo pronto, las sociedades rurales de Conesa, Viedma, Choele Choel y R\u00edo Colorado lanzaron una <strong>campa\u00f1a solidaria para reunir fardos de past<\/strong>o, y esperan coordinar con las autoridades provinciales la log\u00edstica para realizar la distribuci\u00f3n.<\/p>\n<\/div>\n<div class=\"sc-80531b6b-0 chRIGJ container-text text-embed\">\n<p>Hoy, los productores forman parte de los equipos de voluntarios que mantienen a raya los incendios, que en la zona del Manso siguen activos, y no quieren abandonar esa \u201ctrinchera\u201d.<\/p>\n<\/div>\n<div class=\"sc-80531b6b-0 chRIGJ container-text text-embed\">\n<p>Mientras, los aviones hacen sus descargas cada una hora y quince minutos, y los helic\u00f3pteros cada 10 minutos.<\/p>\n<\/div>\n<div class=\"sc-198be8ec-0 cynXbu image-embed  image-embed \"><picture class=\"sc-198be8ec-1 kOjRiQ\"><source media=\"(min-width: 975px)\" width=\"720\" height=\"480\" \/><img alt=\"Cra, junto a la Federaci\u00f3n de Sociedades Rurales de R\u00edo Negro, anunci\u00f3 que van a colaborar con la entrega de fardos y otras acciones.\" loading=\"lazy\" width=\"720\" height=\"480\" decoding=\"async\" data-nimg=\"1\" style=\"color:transparent\" src=\"https:\/\/13.com.ar\/wp-content\/uploads\/2025\/02\/entregan-fardos-para-ayudar-a-productores-afectados-por-los-incendios.jpg\"\/><span class=\"epigraphe\">Cra, junto a la Federaci\u00f3n de Sociedades Rurales de R\u00edo Negro, anunci\u00f3 que van a colaborar con la entrega de fardos y otras acciones.<\/span><span class=\"bkg\"\/><span class=\"picture-open\"><button class=\"open-image\" aria-label=\"Open Image\"\/><\/span><\/picture><\/div>\n<div class=\"sc-80531b6b-0 chRIGJ container-text text-embed\">\n<p>\u201cVinimos a aportar y a ponernos a disposici\u00f3n\u201d, dijo Nora Lavay\u00e9n, presidenta de la federaci\u00f3n que nuclea a todas las sociedades rurales de la provincia. Explic\u00f3 que \u201cdesde la federaci\u00f3n hemos armado un cronograma de ayuda y vamos a enviar a las rurales varios equipos de pasto, y alguna otra cosa que necesiten. Lo que acordamos es la importancia de hacer un cronograma, porque esta situaci\u00f3n que se est\u00e1 viviendo hoy va m\u00e1s all\u00e1 del momento en que terminen los incendios. Por eso la idea es, a trav\u00e9s del tiempo, poder ir enviando forrajes\u201d.<\/p>\n<\/div>\n<div class=\"sc-80531b6b-0 chRIGJ container-text text-embed\">\n<p>La dirigente estuvo acompa\u00f1ada por otros miembros de la Federaci\u00f3n de Sociedades Rurales de R\u00edo Negro, como Luis \u201cCatu\u201d Sacco y Daniel Lavay\u00e9n.<\/p>\n<\/div>\n<div class=\"sc-80531b6b-0 chRIGJ container-text text-embed\">\n<p>En una reuni\u00f3n con integrantes de la Asociaci\u00f3n Agraria de El Manso y El Foyel, Castagnani se comprometi\u00f3 a llevar sus inquietudes a la pr\u00f3xima reuni\u00f3n pautada para los primeros d\u00edas de marzo con las autoridades del Gobierno nacional.<\/p>\n<\/div>\n<div class=\"sc-80531b6b-0 chRIGJ container-text text-embed\">\n<p>\u201cTal vez sea uno de los primeros temas a plantear, porque realmente esto que uno vive no solamente es el da\u00f1o material, sino que hay un da\u00f1o a las familias, a la gente que se qued\u00f3 sin casa, que no se quiere ir de su lugar. Y es un da\u00f1o que hay que solucionarlo lo antes posible, y tambi\u00e9n creo que la Justicia tiene que empezar a actuar para que no se vuelva a repetir esto\u201d, asever\u00f3 el l\u00edder de CRA.<\/p>\n<\/div>\n<div class=\"sc-80531b6b-0 chRIGJ container-text text-embed\">\n<p>En las charlas con los productores, predomin\u00f3 la idea de que existieron acciones intencionales que desataron los incendios.<\/p>\n<\/div>\n<div class=\"sc-80531b6b-0 chRIGJ container-text text-embed\">\n<p>Los productores de El Manso, liderados por el presidente de la asociaci\u00f3n que los nuclea, Lisandro Lanfr\u00e9, manifestaron que uno de los graves problemas que los afectan (la comunidad abarca 90.000 hect\u00e1reas), es que de un lado del r\u00edo Manso es jurisdicci\u00f3n de Parque Nacionales (es el l\u00edmite del Parque Nacional Nahuel Huapi), y del otro de la provincia de R\u00edo Negro.<\/p>\n<\/div>\n<div class=\"sc-80531b6b-0 chRIGJ container-text text-embed\">\n<p>Del lado de parques, se les limita la participaci\u00f3n en las brigadas que combaten los incendios. No tienen en cuenta sus opiniones y hasta los miembros del Servicio de Prevenci\u00f3n y Lucha contra Incendios Forestales (SPLIF), que depende de la provincia de R\u00edo Negro, han tenido dificultades para ingresar.<\/p>\n<\/div>\n<div class=\"sc-80531b6b-0 chRIGJ container-text text-embed\">\n<p>Castagnani consider\u00f3 oportuno interceder ante el secretario de Turismo, Ambiente y Deportes, Daniel Scioli, de quien depende Parques Nacionales. El dirigente agrario resalt\u00f3 \u201cel \u00e1nimo de la gente local\u201d.<\/p>\n<\/div>\n<div class=\"sc-80531b6b-0 chRIGJ container-text text-embed\">\n<p>\u201cMe voy impresionado de que, a pesar de que hubo gente que perdi\u00f3 todo, ya est\u00e1n pensando y trabajando en reconstruir lo perdido y pensando c\u00f3mo siguen para adelante\u201d, dijo.<\/p>\n<\/div>\n<div class=\"sc-80531b6b-0 chRIGJ container-text text-embed\">\n<p>Sobre eso, adelant\u00f3 que \u201ces nuestra obligaci\u00f3n como entidad escucharlos, y desde CRA hacer todas las gestiones ante las autoridades nacionales. No somos funcionarios, pero s\u00ed, como entidad, tenemos llegada y es nuestro objetivo trasladar esta grave problem\u00e1tica a ver en qu\u00e9 podemos ayudar\u201d.<\/p>\n<\/div>\n<div class=\"sc-80531b6b-0 chRIGJ container-text text-embed\">\n<p>Tambi\u00e9n fueron escuchados productores de Mall\u00edn Ahogado. Dialogaron, entre las ruinas de lo que fue su casa, con Jorge Fuswinkel, quien lleva establecido en el lugar 30 a\u00f1os. Junto a su esposa y sus hijos revuelven entre las cenizas para recuperar algunas herramientas. Hay filas de manzanos calcinados.<\/p>\n<\/div>\n<div class=\"sc-80531b6b-0 chRIGJ container-text text-embed\">\n<p>La mayor\u00eda de los productores entrevistados por los dirigentes, se encuentran diversificados, y tienen rodeos de vacas, ovejas, cultivan frutas finas y prestan servicios tur\u00edsticos.<\/p>\n<\/div>\n<div class=\"sc-80531b6b-0 chRIGJ container-text text-embed\">\n<p>La recorrida culmin\u00f3 en El Bols\u00f3n, donde los dirigentes del agro se reunieron con el intendente Bruno Pogliano, quien detall\u00f3 el da\u00f1o social que causaron los incendios, que destruyeron hasta los recuerdos m\u00e1s \u00edntimos de las familias, y los planes de reconstrucci\u00f3n en marcha que ejecuta junto al gobierno provincial.<\/p>\n<\/div>\n<\/div>\n<p><br \/>\n<br \/><a href=\"https:\/\/www.clarin.com\/rural\/campana-solidaria-campo-entregan-fardos-ayudar-productores-afectados-incendios-sur-pais_0_Yf5YdP0KmT.html\">Fuente Clarin.com <\/a><\/p>\n","protected":false},"excerpt":{"rendered":"<p>El presidente de Confederaciones Rurales Argentinas (CRA), Carlos Castagnani, visit\u00f3 a los productores perjudicados por los incendios en el sur y reclam\u00f3 una \u201cplanificaci\u00f3n estructural\u201d para atender esta y otras problem\u00e1ticas. Adem\u00e1s, la entidad, junto a la Federaci\u00f3n de Sociedades Rurales de R\u00edo Negro, anunci\u00f3 que van a colaborar con la entrega de fardos y [&hellip;]<\/p>\n","protected":false},"author":1,"featured_media":7734,"comment_status":"open","ping_status":"open","sticky":false,"template":"","format":"standard","meta":{"footnotes":""},"categories":[2],"tags":[6377,2690,100,9123,9124,2422,28,134,16,142,3780,260],"class_list":["post-7733","post","type-post","status-publish","format-standard","has-post-thumbnail","hentry","category-ultimas-noticias","tag-afectados","tag-ayudar","tag-del","tag-entregan","tag-fardos","tag-incendios","tag-los","tag-pais","tag-para","tag-por","tag-productores","tag-sur"],"_links":{"self":[{"href":"https:\/\/13.com.ar\/index.php\/wp-json\/wp\/v2\/posts\/7733","targetHints":{"allow":["GET"]}}],"collection":[{"href":"https:\/\/13.com.ar\/index.php\/wp-json\/wp\/v2\/posts"}],"about":[{"href":"https:\/\/13.com.ar\/index.php\/wp-json\/wp\/v2\/types\/post"}],"author":[{"embeddable":true,"href":"https:\/\/13.com.ar\/index.php\/wp-json\/wp\/v2\/users\/1"}],"replies":[{"embeddable":true,"href":"https:\/\/13.com.ar\/index.php\/wp-json\/wp\/v2\/comments?post=7733"}],"version-history":[{"count":0,"href":"https:\/\/13.com.ar\/index.php\/wp-json\/wp\/v2\/posts\/7733\/revisions"}],"wp:featuredmedia":[{"embeddable":true,"href":"https:\/\/13.com.ar\/index.php\/wp-json\/wp\/v2\/media\/7734"}],"wp:attachment":[{"href":"https:\/\/13.com.ar\/index.php\/wp-json\/wp\/v2\/media?parent=7733"}],"wp:term":[{"taxonomy":"category","embeddable":true,"href":"https:\/\/13.com.ar\/index.php\/wp-json\/wp\/v2\/categories?post=7733"},{"taxonomy":"post_tag","embeddable":true,"href":"https:\/\/13.com.ar\/index.php\/wp-json\/wp\/v2\/tags?post=7733"}],"curies":[{"name":"wp","href":"https:\/\/api.w.org\/{rel}","templated":true}]}}