{"id":7701,"date":"2025-02-25T08:31:41","date_gmt":"2025-02-25T11:31:41","guid":{"rendered":"https:\/\/13.com.ar\/index.php\/una-historica-cadena-de-telas-cierra-todas-sus-sucursales-a-un-mes-de-declararse-en-quiebra\/"},"modified":"2025-02-25T08:31:41","modified_gmt":"2025-02-25T11:31:41","slug":"una-historica-cadena-de-telas-cierra-todas-sus-sucursales-a-un-mes-de-declararse-en-quiebra","status":"publish","type":"post","link":"https:\/\/13.com.ar\/index.php\/una-historica-cadena-de-telas-cierra-todas-sus-sucursales-a-un-mes-de-declararse-en-quiebra\/","title":{"rendered":"Una hist\u00f3rica cadena de telas cierra todas sus sucursales, a un mes de declararse en quiebra"},"content":{"rendered":"<p> <br \/>\n<br \/><img decoding=\"async\" src=\"https:\/\/13.com.ar\/wp-content\/uploads\/2025\/02\/Una-historica-cadena-cierra-mas-de-500-sucursales-para-evitar.jpg\" \/><\/p>\n<div>\n<p>Tal como hab\u00eda anunciado hace poco m\u00e1s de un mes, una hist\u00f3rica f\u00e1brica de telas confirma el <strong>cierre de todas sus sucursales<\/strong> y se declara en <strong>quiebra<\/strong>. Luego de 82 a\u00f1os en el mercado, y en medio de un contexto complejo donde se conjugan varios factores, <strong>Joann Fabric<\/strong> bajar\u00e1 las persianas de m\u00e1s de <strong>500 tiendas<\/strong>.<\/p>\n<\/div>\n<div>\n<p>Durante ocho d\u00e9cadas la compa\u00f1\u00eda suministr\u00f3 <strong>materiales de arte y telas<\/strong> en <strong>Estados Unidos<\/strong>. A trav\u00e9s de un comunicado, explicaron que hab\u00edan presentado una solicitud de protecci\u00f3n por bancarrota del Cap\u00edtulo 11, por segunda vez, ya que en marzo de 2024 hab\u00edan acudido a la misma medida y hab\u00edan evitado el cierre masivo.<\/p>\n<\/div>\n<div>\n<p>Luego de realizar varios intentos para mejorar su situaci\u00f3n financiera, no hubo posibilidades de remontar el negocio y un nuevo grupo inversor consider\u00f3 que la mejor opci\u00f3n era dar por terminada esta etapa.<\/p>\n<\/div>\n<div>\n<p>En enero Joann ten\u00eda m\u00e1s de <strong>800 locales minoristas<\/strong>, y cientos de ellos cerraron en febrero. La empresa ten\u00eda un inventario de 538,3 millones de d\u00f3lares y <strong>empleaba a 19.000 personas<\/strong> en todos los estados de Estados Unidos, excepto Haw\u00e1i.<\/p>\n<\/div>\n<div>\n<p>Declararon una<strong> deuda de 615,7 millones de d\u00f3lares<\/strong>, con un total de 133 millones de d\u00f3lares de saldo negativo acumulado con sus proveedores. Solo para mantenerse en funcionamiento y en alquiler de sus locales, requer\u00edan 26 millones de d\u00f3lares cada mes.<\/p>\n<\/div>\n<div>\n<p>Los documentos judiciales que presentaron tambi\u00e9n muestran que hab\u00edan eliminado ciertos productos de los que depend\u00eda la cadena, y las entregas de hilos y art\u00edculos de costura dejaron de ser en tiempo y forma, lo que afect\u00f3 la reputaci\u00f3n de la marca. <\/p>\n<\/div>\n<div>\n<p>En di\u00e1logo con Newsweek, Kevin Thompson, el experto en finanzas y fundador de 9i Capital Group, aport\u00f3 una posible explicaci\u00f3n: &#8220;<strong>La pandemia fue el primer golpe<\/strong>, por la ca\u00edda de los ingresos, y el aumento de la deuda puso a Joann en una situaci\u00f3n dif\u00edcil&#8221;.<\/p>\n<\/div>\n<div>\n<p>&#8220;Cuando escuchen la palabra &#8216;<strong>apalancamiento<\/strong>&#8216;, sepan que es sin\u00f3nimo de mayor riesgo; cuando se adquiere una empresa con dinero prestado y las tasas de inter\u00e9s comienzan a aumentar, la deuda se vuelve m\u00e1s dif\u00edcil de pagar&#8221;, agreg\u00f3 Thompson.<\/p>\n<\/div>\n<div>\n<p>Alex Beene, instructor de educaci\u00f3n financiera de la Universidad de Tennessee en Martin, asegur\u00f3 que los problemas financieros de Joann reflejan &#8220;una realidad m\u00e1s amplia para otras tiendas minoristas&#8221;.<\/p>\n<\/div>\n<div>\n<p>&#8220;No quiero decir que esto suceder\u00e1 con <strong>otros minoristas que est\u00e1n en peligro<\/strong>, pero deber\u00eda servir como advertencia de que es posible que se produzcan cierres masivos si los l\u00edderes ven que el camino hacia la rentabilidad es casi imposible&#8221;, sentenci\u00f3 Beene. <\/p>\n<\/div>\n<p><br \/>\n<br \/><a href=\"https:\/\/www.clarin.com\/internacional\/historica-cadena-telas-cierra-todas-sucursales-mes-declararse-quiebra_0_QX64WecUjY.html\">Fuente Clarin.com <\/a><\/p>\n","protected":false},"excerpt":{"rendered":"<p>Tal como hab\u00eda anunciado hace poco m\u00e1s de un mes, una hist\u00f3rica f\u00e1brica de telas confirma el cierre de todas sus sucursales y se declara en quiebra. Luego de 82 a\u00f1os en el mercado, y en medio de un contexto complejo donde se conjugan varios factores, Joann Fabric bajar\u00e1 las persianas de m\u00e1s de 500 [&hellip;]<\/p>\n","protected":false},"author":1,"featured_media":6068,"comment_status":"open","ping_status":"open","sticky":false,"template":"","format":"standard","meta":{"footnotes":""},"categories":[2],"tags":[969,6887,9100,3719,196,279,7873,40,9099,274,73],"class_list":["post-7701","post","type-post","status-publish","format-standard","has-post-thumbnail","hentry","category-ultimas-noticias","tag-cadena","tag-cierra","tag-declararse","tag-historica","tag-mes","tag-quiebra","tag-sucursales","tag-sus","tag-telas","tag-todas","tag-una"],"_links":{"self":[{"href":"https:\/\/13.com.ar\/index.php\/wp-json\/wp\/v2\/posts\/7701","targetHints":{"allow":["GET"]}}],"collection":[{"href":"https:\/\/13.com.ar\/index.php\/wp-json\/wp\/v2\/posts"}],"about":[{"href":"https:\/\/13.com.ar\/index.php\/wp-json\/wp\/v2\/types\/post"}],"author":[{"embeddable":true,"href":"https:\/\/13.com.ar\/index.php\/wp-json\/wp\/v2\/users\/1"}],"replies":[{"embeddable":true,"href":"https:\/\/13.com.ar\/index.php\/wp-json\/wp\/v2\/comments?post=7701"}],"version-history":[{"count":0,"href":"https:\/\/13.com.ar\/index.php\/wp-json\/wp\/v2\/posts\/7701\/revisions"}],"wp:featuredmedia":[{"embeddable":true,"href":"https:\/\/13.com.ar\/index.php\/wp-json\/wp\/v2\/media\/6068"}],"wp:attachment":[{"href":"https:\/\/13.com.ar\/index.php\/wp-json\/wp\/v2\/media?parent=7701"}],"wp:term":[{"taxonomy":"category","embeddable":true,"href":"https:\/\/13.com.ar\/index.php\/wp-json\/wp\/v2\/categories?post=7701"},{"taxonomy":"post_tag","embeddable":true,"href":"https:\/\/13.com.ar\/index.php\/wp-json\/wp\/v2\/tags?post=7701"}],"curies":[{"name":"wp","href":"https:\/\/api.w.org\/{rel}","templated":true}]}}