{"id":7697,"date":"2025-02-25T08:19:35","date_gmt":"2025-02-25T11:19:35","guid":{"rendered":"https:\/\/13.com.ar\/index.php\/hay-alerta-amarilla-en-buenos-aires-y-otras-10-provincias\/"},"modified":"2025-02-25T08:19:35","modified_gmt":"2025-02-25T11:19:35","slug":"hay-alerta-amarilla-en-buenos-aires-y-otras-10-provincias","status":"publish","type":"post","link":"https:\/\/13.com.ar\/index.php\/hay-alerta-amarilla-en-buenos-aires-y-otras-10-provincias\/","title":{"rendered":"hay alerta amarilla en Buenos Aires y otras 10 provincias"},"content":{"rendered":"<p> <br \/>\n<br \/><img decoding=\"async\" src=\"https:\/\/13.com.ar\/wp-content\/uploads\/2025\/02\/hay-alerta-amarilla-en-Buenos-Aires-y-otras-10-provincias.jpg\" \/><\/p>\n<div>\n<p>Despu\u00e9s de amagar durante todo el fin de semana, las lluvias llegaron con fuerza a la Ciudad y el conurbano bonaerense en el arranque de la semana. Y las condiciones clim\u00e1ticas inestables de ayer se replicar\u00e1n este martes, donde <strong>rige nuevamente un alerta amarillo por tormentas<\/strong>.<\/p>\n<\/div>\n<div>\n<p>La advertencia del Servicio Meteorol\u00f3gico Nacional abarca el norte y parte del centro de la provincia de Buenos Aires. <\/p>\n<\/div>\n<div>\n<p>La jornada de hoy en el \u00c1rea Metropolitana de Buenos Aires arranc\u00f3 con cielo parcialmente nublado, una humedad del 95% y <strong>una temperatura de 22 grados que ir\u00e1 aumentando hasta tocar los 28\u00ba de m\u00e1xima <\/strong>con el correr de las horas.<\/p>\n<\/div>\n<div>\n<p>Anoche, el norte de Buenos Aires se mantuvo muy inestable, con tormentas intensas que provocaron abundantes lluvias. Esas precipitaciones avanzaron lentamente hacia el sur de C\u00f3rdoba y el sur de Santa Fe, donde reg\u00eda un alerta de nivel naranja.<\/p>\n<\/div>\n<div>\n<p>Ayer, las intensas precipitaciones en el centro de la provincia de Buenos Aires dejaron valores mayores a 100 mm en algunas ciudades como Pehuaj\u00f3 (189), 9 de Julio (148) y Trenque Lauquen (128).<\/p>\n<\/div>\n<div>\n<p>Adem\u00e1s la parte norte de Buenos Aires, el SMN emiti\u00f3 un alerta amarillo por tormentas para casi toda la provincia de San Luis; el sur de C\u00f3rdoba, San Luis y Entre R\u00edos; el norte de San Juan y La Pampa; una peque\u00f1a porci\u00f3n del oeste de Tucum\u00e1n; y gran parte del oeste de Salta, Catamarca y La Rioja.<\/p>\n<\/div>\n<p><br \/>\n<br \/><a href=\"https:\/\/www.clarin.com\/ciudades\/siguen-tormentas-ciudad-gba-alerta-amarilla-buenos-aires-10-provincias_0_rgWNMZYHag.html\">Fuente Clarin.com <\/a><\/p>\n","protected":false},"excerpt":{"rendered":"<p>Despu\u00e9s de amagar durante todo el fin de semana, las lluvias llegaron con fuerza a la Ciudad y el conurbano bonaerense en el arranque de la semana. Y las condiciones clim\u00e1ticas inestables de ayer se replicar\u00e1n este martes, donde rige nuevamente un alerta amarillo por tormentas. La advertencia del Servicio Meteorol\u00f3gico Nacional abarca el norte [&hellip;]<\/p>\n","protected":false},"author":1,"featured_media":7698,"comment_status":"open","ping_status":"open","sticky":false,"template":"","format":"standard","meta":{"footnotes":""},"categories":[2],"tags":[328,985,986,327,942,3699,49],"class_list":["post-7697","post","type-post","status-publish","format-standard","has-post-thumbnail","hentry","category-ultimas-noticias","tag-aires","tag-alerta","tag-amarilla","tag-buenos","tag-hay","tag-otras","tag-provincias"],"_links":{"self":[{"href":"https:\/\/13.com.ar\/index.php\/wp-json\/wp\/v2\/posts\/7697","targetHints":{"allow":["GET"]}}],"collection":[{"href":"https:\/\/13.com.ar\/index.php\/wp-json\/wp\/v2\/posts"}],"about":[{"href":"https:\/\/13.com.ar\/index.php\/wp-json\/wp\/v2\/types\/post"}],"author":[{"embeddable":true,"href":"https:\/\/13.com.ar\/index.php\/wp-json\/wp\/v2\/users\/1"}],"replies":[{"embeddable":true,"href":"https:\/\/13.com.ar\/index.php\/wp-json\/wp\/v2\/comments?post=7697"}],"version-history":[{"count":0,"href":"https:\/\/13.com.ar\/index.php\/wp-json\/wp\/v2\/posts\/7697\/revisions"}],"wp:featuredmedia":[{"embeddable":true,"href":"https:\/\/13.com.ar\/index.php\/wp-json\/wp\/v2\/media\/7698"}],"wp:attachment":[{"href":"https:\/\/13.com.ar\/index.php\/wp-json\/wp\/v2\/media?parent=7697"}],"wp:term":[{"taxonomy":"category","embeddable":true,"href":"https:\/\/13.com.ar\/index.php\/wp-json\/wp\/v2\/categories?post=7697"},{"taxonomy":"post_tag","embeddable":true,"href":"https:\/\/13.com.ar\/index.php\/wp-json\/wp\/v2\/tags?post=7697"}],"curies":[{"name":"wp","href":"https:\/\/api.w.org\/{rel}","templated":true}]}}