{"id":7695,"date":"2025-02-25T08:07:46","date_gmt":"2025-02-25T11:07:46","guid":{"rendered":"https:\/\/13.com.ar\/index.php\/los-economistas-afirman-que-se-puede-aumentar-pero-economia-se-niega\/"},"modified":"2025-02-25T08:07:46","modified_gmt":"2025-02-25T11:07:46","slug":"los-economistas-afirman-que-se-puede-aumentar-pero-economia-se-niega","status":"publish","type":"post","link":"https:\/\/13.com.ar\/index.php\/los-economistas-afirman-que-se-puede-aumentar-pero-economia-se-niega\/","title":{"rendered":"los economistas afirman que se puede aumentar, pero Econom\u00eda se niega"},"content":{"rendered":"<p> <br \/>\n<br \/><img decoding=\"async\" src=\"https:\/\/13.com.ar\/wp-content\/uploads\/2025\/02\/los-economistas-afirman-que-se-puede-aumentar-pero-Economia-se.jpg\" \/><\/p>\n<div id=\"cuerpo\">\n<div class=\"sc-80531b6b-0 chRIGJ container-text text-embed\">\n<p>Pese a la negativa del Gobierno a aumentar el bono de $ 70.000 a los jubilados, los economistas estiman que <strong>el super\u00e1vit fiscal permitir\u00eda una mejora para las 5 millones de personas que perciben el haber m\u00ednimo y cobran dicho ingreso<\/strong>. De esa manera, el bono podr\u00eda<strong> recuperar lo perdido frente a la inflaci\u00f3n <\/strong>desde marzo del a\u00f1o pasado, la \u00faltima vez que se actualiz\u00f3 antes de ser congelado durante casi 1 a\u00f1o.<\/p>\n<\/div>\n<div class=\"sc-80531b6b-0 chRIGJ container-text text-embed\">\n<p>&#8220;Eso naci\u00f3 con el bono, porque era algo de corto plazo&#8230; el bono lo mantuvimos y es un costo grande, ahora lo mantuvimos mucho m\u00e1s, casi que termin\u00f3 siendo parte de, me dec\u00eds: <strong>\u00bfLo pueden ajustar? Me encantar\u00eda, pero no dan las cuentas, se lo tengo que sacar a alguien<\/strong>&#8220;, dijo la semana pasada el ministro de Econom\u00eda, Luis Caputo, antes de viajar a Estados Unidos para acompa\u00f1ar al Presidente, quien se reuni\u00f3 con la titular del FMI, Kristalina Georgieva.<\/p>\n<\/div>\n<div class=\"sc-80531b6b-0 chRIGJ container-text text-embed\">\n<p>Luego de pasar<strong> de $ 55.000 a $ 70.000 en marzo de 2024<\/strong>, el bono se mantuvo sin cambios desde entonces (a diferencia del haber m\u00ednimo, que se actualiza por inflaci\u00f3n con un rezago de dos meses), mientras el \u00cdndice de Precios (IPC) acumul\u00f3 una suba del 46,8% hasta enero de 2025, lo que consolid\u00f3 la p\u00e9rdida de poder adquisitivo de las jubilaciones y permiti\u00f3 al gobierno reducir el gasto previsional para sostener el super\u00e1vit fiscal.<\/p>\n<\/div>\n<div class=\"sc-80531b6b-0 chRIGJ container-text text-embed\">\n<p>As\u00ed, para que el bono recupere el valor de marzo, <strong>el Gobierno deber\u00eda llevarlo en febrero a un valor cercano a los $ 130.000<\/strong>, lo que aumentar\u00eda la jubilaci\u00f3n m\u00ednima con bono de los actuales <strong>$ 349.924 a $ 409.924.<\/strong> Ese incremento, a su vez, implicar\u00eda un <strong>gasto adicional de entre $ 165.000 y $ 300.000 millones por mes,<\/strong> lo que representa entre un 0,2% y 0,3% del PBI en 2025, seg\u00fan los c\u00e1lculos de Empiria, LCG y EcoGo.<\/p>\n<\/div>\n<div class=\"sc-80531b6b-0 chRIGJ container-text text-embed\">\n<p>Siguiendo esos c\u00e1lculos, <strong>el costo fiscal equivaldr\u00eda a un sexto de los $ 10,4 billones del super\u00e1vit primario<\/strong> (ingresos menos gastos antes del pago de los intereses de deuda) obtenido en 2024, que represent\u00f3 un 1,8% del PBI. Para eliminar el d\u00e9ficit, el Gobierno recort\u00f3 el gasto primario un 27% interanual y las jubilaciones acumularon una ca\u00edda del 16% real, siendo el rubro que soport\u00f3 la mayor carga del ajuste.<\/p>\n<\/div>\n<div class=\"sc-80531b6b-0 chRIGJ container-text text-embed\">\n<p>En cambio, si el bono sigue congelado, las jubilaciones m\u00ednimas profundizar\u00e1n la p\u00e9rdida de poder de compra que tuvieron con Mauricio Macri, Alberto Fern\u00e1ndez y en lo que va de la gesti\u00f3n de Javier Milei. &#8220;<strong>Si el bono \u201cextraordinario\u201d no se actualiza, los haberes previsionales m\u00ednimos llegar\u00e1n a la elecci\u00f3n de octubre en un nivel semejante al de un a\u00f1o antes<\/strong>, y un 3% real por debajo de noviembre de 2023&#8243;, estim\u00f3 Mar\u00eda Minatta, economista de Empiria.<\/p>\n<\/div>\n<div class=\"sc-80531b6b-0 chRIGJ container-text text-embed\">\n<p>Seg\u00fan el titular del Iaraf, Nadin Arga\u00f1araz, el ingreso del jubilado con la m\u00ednima y bono, registr\u00f3 una ca\u00edda real del 6,7% en diciembre y del 4% en noviembre de 2024, en relaci\u00f3n a los mismos meses de 2023.<\/p>\n<\/div>\n<div class=\"sc-80531b6b-0 chRIGJ container-text text-embed\">\n<p>Despu\u00e9s de las medidas del a\u00f1o pasado, que incluyeron la suba de impuestos (PAIS, Ganancias, Monotributo y Combustibles) y la &#8220;motosierra&#8221;, <strong>el Gobierno busca mantener el equilibrio fiscal en 2025 <\/strong>mediante una mayor recaudaci\u00f3n por la recuperaci\u00f3n de la actividad y un ajuste del gasto que no se actualiza en forma autom\u00e1tica. Ese podr\u00eda ser el caso de los subsidios, los salarios, la obra p\u00fablica o el mismo bono a los jubilados.<\/p>\n<\/div>\n<div class=\"sc-80531b6b-0 chRIGJ container-text text-embed\">\n<p>&#8220;<strong>Hoy est\u00e1n en condiciones de dar el aumento<\/strong>, pero siguiendo la desaceleraci\u00f3n inflacionaria esto hace que con el paso del tiempo aumente el gasto en jubilaciones. Para 2025 esperamos que aumente el gasto en 0,5% del PIB por el ritmo de desaceleraci\u00f3n inflacionaria proyectada, esto presiona sobre el panorama fiscal&#8221;, se\u00f1al\u00f3 Lucio Garay M\u00e9ndez, economista de EcoGo.<\/p>\n<\/div>\n<div class=\"sc-80531b6b-0 chRIGJ container-text text-embed\">\n<p>El Gobierno prometi\u00f3 avanzar en una baja de impuestos este a\u00f1o, por lo que los analistas esperan nuevos recortes del gasto. Por la desaceleraci\u00f3n de la inflaci\u00f3n, esta vez ya no contar\u00e1 con el principal motor del ajuste en 2024, que fue <strong>el cambio de la f\u00f3rmula de movilidad. Esa medida permiti\u00f3 la licuaci\u00f3n de las jubilaciones<\/strong> al reconocer solo una parte de la inflaci\u00f3n de enero e implic\u00f3 una quita de 8 puntos porcentuales, seg\u00fan c\u00e1lculos de LCG.<\/p>\n<\/div>\n<div class=\"sc-80531b6b-0 chRIGJ container-text text-embed\">\n<p>&#8220;El Gobierno no va a resignar su pol\u00edtica fiscal, las cuentas van a volver a mostrar super\u00e1vit en 2025, pero<strong> la exigencia de recortar gasto no habr\u00e1 terminado<\/strong>, sobre todo porque este a\u00f1o no vas a contar con algunas fuentes de ingresos como el impuesto PAIS, y va a incidir la baja de bienes personales y recientemente de retenciones&#8221;, asegur\u00f3 Melisa Salas, economista de LCG.<\/p>\n<\/div>\n<\/div>\n<p><br \/>\n<br \/><a href=\"https:\/\/www.clarin.com\/economia\/bono-jubilados-economistas-afirman-puede-aumentar-economia-niega_0_0hb1Iu4wxr.html\">Fuente Clarin.com <\/a><\/p>\n","protected":false},"excerpt":{"rendered":"<p>Pese a la negativa del Gobierno a aumentar el bono de $ 70.000 a los jubilados, los economistas estiman que el super\u00e1vit fiscal permitir\u00eda una mejora para las 5 millones de personas que perciben el haber m\u00ednimo y cobran dicho ingreso. De esa manera, el bono podr\u00eda recuperar lo perdido frente a la inflaci\u00f3n desde [&hellip;]<\/p>\n","protected":false},"author":1,"featured_media":7696,"comment_status":"open","ping_status":"open","sticky":false,"template":"","format":"standard","meta":{"footnotes":""},"categories":[2],"tags":[8462,3202,3104,2997,28,5586,265,136],"class_list":["post-7695","post","type-post","status-publish","format-standard","has-post-thumbnail","hentry","category-ultimas-noticias","tag-afirman","tag-aumentar","tag-economia","tag-economistas","tag-los","tag-niega","tag-pero","tag-puede"],"_links":{"self":[{"href":"https:\/\/13.com.ar\/index.php\/wp-json\/wp\/v2\/posts\/7695","targetHints":{"allow":["GET"]}}],"collection":[{"href":"https:\/\/13.com.ar\/index.php\/wp-json\/wp\/v2\/posts"}],"about":[{"href":"https:\/\/13.com.ar\/index.php\/wp-json\/wp\/v2\/types\/post"}],"author":[{"embeddable":true,"href":"https:\/\/13.com.ar\/index.php\/wp-json\/wp\/v2\/users\/1"}],"replies":[{"embeddable":true,"href":"https:\/\/13.com.ar\/index.php\/wp-json\/wp\/v2\/comments?post=7695"}],"version-history":[{"count":0,"href":"https:\/\/13.com.ar\/index.php\/wp-json\/wp\/v2\/posts\/7695\/revisions"}],"wp:featuredmedia":[{"embeddable":true,"href":"https:\/\/13.com.ar\/index.php\/wp-json\/wp\/v2\/media\/7696"}],"wp:attachment":[{"href":"https:\/\/13.com.ar\/index.php\/wp-json\/wp\/v2\/media?parent=7695"}],"wp:term":[{"taxonomy":"category","embeddable":true,"href":"https:\/\/13.com.ar\/index.php\/wp-json\/wp\/v2\/categories?post=7695"},{"taxonomy":"post_tag","embeddable":true,"href":"https:\/\/13.com.ar\/index.php\/wp-json\/wp\/v2\/tags?post=7695"}],"curies":[{"name":"wp","href":"https:\/\/api.w.org\/{rel}","templated":true}]}}