{"id":751,"date":"2025-01-30T17:22:40","date_gmt":"2025-01-30T20:22:40","guid":{"rendered":"https:\/\/13.com.ar\/index.php\/por-el-crecimiento-de-compras-courier-ezeiza-se-amplia-para-recibir-mas-paquetes\/"},"modified":"2025-01-30T17:22:40","modified_gmt":"2025-01-30T20:22:40","slug":"por-el-crecimiento-de-compras-courier-ezeiza-se-amplia-para-recibir-mas-paquetes","status":"publish","type":"post","link":"https:\/\/13.com.ar\/index.php\/por-el-crecimiento-de-compras-courier-ezeiza-se-amplia-para-recibir-mas-paquetes\/","title":{"rendered":"por el crecimiento de compras courier, Ezeiza se ampl\u00eda para recibir m\u00e1s paquetes"},"content":{"rendered":"<p> <br \/>\n<\/p>\n<div id=\"cuerpo\">\n<div class=\"sc-80531b6b-0 chRIGJ container-text text-embed\">\n<p>A dos meses de la baja de impuestos para <strong>compras de art\u00edculos importados <\/strong>con env\u00edos v\u00eda sistema courier que dispuso el Gobierno, el negocio se prepara para recibir <strong>un aumento de la demanda<\/strong>.<\/p>\n<\/div>\n<div class=\"sc-80531b6b-0 chRIGJ container-text text-embed\">\n<p>Tras<strong> las \u00faltimas medidas de flexibilizaci\u00f3n<\/strong>, <strong>crece el inter\u00e9s <\/strong>de argentinos que quieren traer del exterior productos ahora m\u00e1s baratos y de empresas que se suman a la movida, ofreciendo la posibilidad de comprar directamente desde sus plataformas o por medio de ellas a vendedores extranjeros. <\/p>\n<\/div>\n<div class=\"sc-80531b6b-0 chRIGJ container-text text-embed\">\n<p>As\u00ed, ante la oportunidad de <strong>importar mercader\u00eda con un <\/strong>&#8216;<strong>d\u00f3lar barato<\/strong>&#8216;, <strong>se ampl\u00eda este incipiente rubro<\/strong> con el impulso de m\u00e1s compa\u00f1\u00edas que se suman a brindar el servicio.<\/p>\n<\/div>\n<div class=\"sc-80531b6b-0 chRIGJ container-text text-embed\">\n<p>En este contexto, <strong>Aeropuertos Argentina<\/strong> firm\u00f3 un acuerdo para <strong>ampliar su espacio operativo<\/strong> en el <strong>Aeropuerto de Ezeiza<\/strong> para \u201cuna \u00f3ptima organizaci\u00f3n y distribuci\u00f3n\u201d ante el incremento que espera en los vol\u00famenes transportados. <\/p>\n<\/div>\n<div class=\"sc-198be8ec-0 cynXbu image-embed  image-embed \"><picture class=\"sc-198be8ec-1 kOjRiQ\"><source media=\"(min-width: 975px)\" width=\"720\" height=\"480\" \/><img alt=\"Crecen las compras de productos en el exterior. Foto: archivo\" loading=\"lazy\" width=\"720\" height=\"480\" decoding=\"async\" data-nimg=\"1\" style=\"color:transparent\" src=\"https:\/\/13.com.ar\/wp-content\/uploads\/2025\/01\/bajaron-hasta-34-los-precios-de-la-electronica-y-de.jpg\"\/><span class=\"epigraphe\">Crecen las compras de productos en el exterior. Foto: archivo<\/span><span class=\"bkg\"\/><span class=\"picture-open\"><button class=\"open-image\" aria-label=\"Open Image\"\/><\/span><\/picture><\/div>\n<div class=\"sc-80531b6b-0 chRIGJ container-text text-embed\">\n<p>Al respecto, la compa\u00f1\u00eda que es parte de <strong>Corporaci\u00f3n Am\u00e9rica Airports <\/strong>\u2212del empresario <strong>Eduardo Eurnekian<\/strong> y que administra en el pa\u00eds<strong> 35<\/strong> terminales\u2212 dar\u00e1 inicio a <strong>la obra que se llevar\u00e1 a cabo en la sede de Ezeiza<\/strong> de <strong>Aeropuertos Argentina Cargas<\/strong>, el vertical de carga del concesionario. <\/p>\n<\/div>\n<div class=\"sc-80531b6b-0 chRIGJ container-text text-embed\">\n<p>Demandar\u00e1 una<strong> inversi\u00f3n de US$ 6 millones<\/strong> y estar\u00e1 destinada a la <strong>mejora de infraestructura<\/strong> de la operatoria courier, \u201cservicio de mensajer\u00eda r\u00e1pida, especializado en transporte de paquetes, documentos y mercanc\u00edas de peque\u00f1o volumen\u201d, detall\u00f3. <strong>En 2022, inaugur\u00f3 el espacio para esta actividad<\/strong>, en aquel momento destinado a la exportaci\u00f3n.<\/p>\n<\/div>\n<div class=\"sc-80531b6b-0 chRIGJ container-text text-embed\">\n<p>Se espera que esto impacte en una <strong>mayor cantidad de vuelos<\/strong> y <strong>abre la posibilidad a que vengan m\u00e1s aerol\u00edneas<\/strong>. Actualmente, solo <strong>DHL<\/strong>, <strong>FedEx<\/strong> y <strong>United Parcel Service<\/strong> (<strong>UPS<\/strong>)<strong> <\/strong>tienen vuelos exclusivamente de carga. El resto traen mercader\u00eda en vuelos de pasajeros, mayormente de los Estados Unidos, como <strong>American Airlines<\/strong>, en lo que en la industria se conoce como \u201cla panza del avi\u00f3n\u201d. <\/p>\n<\/div>\n<div class=\"sc-198be8ec-0 cynXbu image-embed  image-embed \"><picture class=\"sc-198be8ec-1 kOjRiQ\"><source media=\"(min-width: 975px)\" width=\"720\" height=\"480\" \/><img alt=\"Se espera que crezca la carga a\u00e9rea por el desarrollo log\u00edstico. Foto: archivo\" loading=\"lazy\" width=\"720\" height=\"480\" decoding=\"async\" data-nimg=\"1\" style=\"color:transparent\" src=\"https:\/\/13.com.ar\/wp-content\/uploads\/2025\/01\/por-el-crecimiento-de-compras-courier-Ezeiza-se-amplia-para.jpg\"\/><span class=\"epigraphe\">Se espera que crezca la carga a\u00e9rea por el desarrollo log\u00edstico. Foto: archivo<\/span><span class=\"bkg\"\/><span class=\"picture-open\"><button class=\"open-image\" aria-label=\"Open Image\"\/><\/span><\/picture><\/div>\n<div class=\"sc-80531b6b-0 chRIGJ container-text text-embed\">\n<p>Pero la capacidad de bodega y aeroportuaria actual queda limitada ante el <strong>crecimiento exponencial de la carga a\u00e9rea <\/strong>que prev\u00e9 el sector por el desarrollo log\u00edstico. De ah\u00ed, la necesidad de <strong>agrandar la infraestructura<\/strong>. Por caso, <strong>Andreani <\/strong>sum\u00f3 su divisi\u00f3n <strong>Andreani GloballPack<\/strong>, que traer\u00e1 mercader\u00eda de Miami y China, en vuelos diarios y con una flota tercerizada.<\/p>\n<\/div>\n<div class=\"sc-80531b6b-0 chRIGJ container-text text-embed\">\n<p>La apuesta se da tambi\u00e9n en el marco de que los aeropuertos de la compa\u00f1\u00eda registraron en diciembre<strong> el mayor n\u00famero de pasajeros por mes de la historia <\/strong>(<strong>3.948.859 millones)<\/strong>, superando el r\u00e9cord alcanzado en julio de 2019, cuando se movilizaron <strong>3.901.087<\/strong> personas. <\/p>\n<\/div>\n<div class=\"sc-80531b6b-0 chRIGJ container-text text-embed\">\n<p>A su vez, <strong>Ezeiza qued\u00f3 primero en un ranking que mide la satisfacci\u00f3n comercial<\/strong> de los principales aeropuertos del mundo, seg\u00fan el \u00faltimo estudio de <strong>Airport Service Quality Commercial<\/strong> correspondiente al cuarto trimestre de 2024. <\/p>\n<\/div>\n<div class=\"sc-80531b6b-0 chRIGJ container-text text-embed\">\n<p><strong>La finalizaci\u00f3n de la obra est\u00e1 prevista para fin de a\u00f1o<\/strong>. \u201cEl tiempo estimado se debe a la complejidad de la ejecuci\u00f3n y a que <strong>el traslado de un edificio hacia el otro<\/strong> deber\u00e1 realizarse de forma simult\u00e1nea, sin afectar la prestaci\u00f3n del servicio y mitigando los efectos adversos que genera la duplicidad de infraestructura\u201d, aclar\u00f3 Aeropuertos.<\/p>\n<\/div>\n<div class=\"sc-80531b6b-0 chRIGJ container-text text-embed\">\n<p>En ese sentido, las intervenciones edilicias facilitar\u00e1n <strong>el traslado de la operatoria a la Terminal \u00danica de Courier<\/strong>, edificio destinado a tal fin. \u201cPermitir\u00e1 darle <strong>mayor celeridad al tratamiento de la paqueter\u00eda<\/strong> ante un volumen creciente\u201d, remarc\u00f3. <\/p>\n<\/div>\n<div class=\"sc-198be8ec-0 cynXbu image-embed  image-embed \"><picture class=\"sc-198be8ec-1 kOjRiQ\"><source media=\"(min-width: 975px)\" width=\"720\" height=\"480\" \/><img alt=\"La firma del convenio de Aeropuertos con Orsna, DGA y Capsia. Foto: archivo\" loading=\"lazy\" width=\"720\" height=\"480\" decoding=\"async\" data-nimg=\"1\" style=\"color:transparent\" src=\"https:\/\/13.com.ar\/wp-content\/uploads\/2025\/01\/1738268560_148_por-el-crecimiento-de-compras-courier-Ezeiza-se-amplia-para.jpg\"\/><span class=\"epigraphe\">La firma del convenio de Aeropuertos con Orsna, DGA y Capsia. Foto: archivo<\/span><span class=\"bkg\"\/><span class=\"picture-open\"><button class=\"open-image\" aria-label=\"Open Image\"\/><\/span><\/picture><\/div>\n<div class=\"sc-80531b6b-0 chRIGJ container-text text-embed\">\n<p><strong>Federico Laborde<\/strong>, gerente general de Aeropuertos Argentina Cargas, expres\u00f3 que \u201cel convenio constituye <strong>la base para dar pronto inicio a las obras<\/strong> y es fruto de un trabajo conjunto\u201d.<\/p>\n<\/div>\n<div class=\"sc-80531b6b-0 chRIGJ container-text text-embed\">\n<p>La firma se llev\u00f3 a cabo junto al <strong>Organismo Regulador del Sistema Nacional de Aeropuertos (Orsna)<\/strong>, la <strong>Direcci\u00f3n General de Aduanas (DGA)<\/strong> y la <strong>C\u00e1mara Argentina de Prestadores de Servicios Internacionales Aeroexpresos (Capsia<\/strong>). <\/p>\n<\/div>\n<div class=\"sc-80531b6b-0 chRIGJ container-text text-embed\">\n<p>Estuvieron presentes <strong>Daniel Ketchibachian<\/strong>, CEO de Aeropuertos Argentina; <strong>Hern\u00e1n de Arzuaga Pinto<\/strong>, presidente del directorio de Orsna; <strong>Jos\u00e9 Veliz<\/strong>; director general de DGA; y <strong>Luciana Larsen<\/strong>, gerente general de Capsia. <\/p>\n<\/div>\n<\/div>\n<p><br \/>\n<br \/><a href=\"https:\/\/www.clarin.com\/economia\/productos-importados-crecimiento-compras-courier-ezeiza-amplia-recibir-paquetes_0_jTU5rhHroE.html\">Fuente Clarin.com <\/a><\/p>\n","protected":false},"excerpt":{"rendered":"<p>A dos meses de la baja de impuestos para compras de art\u00edculos importados con env\u00edos v\u00eda sistema courier que dispuso el Gobierno, el negocio se prepara para recibir un aumento de la demanda. Tras las \u00faltimas medidas de flexibilizaci\u00f3n, crece el inter\u00e9s de argentinos que quieren traer del exterior productos ahora m\u00e1s baratos y de [&hellip;]<\/p>\n","protected":false},"author":1,"featured_media":444,"comment_status":"open","ping_status":"open","sticky":false,"template":"","format":"standard","meta":{"footnotes":""},"categories":[2],"tags":[1906,1903,1904,1902,1905,155,1908,16,142,1907],"class_list":["post-751","post","type-post","status-publish","format-standard","has-post-thumbnail","hentry","category-ultimas-noticias","tag-amplia","tag-compras","tag-courier","tag-crecimiento","tag-ezeiza","tag-mas","tag-paquetes","tag-para","tag-por","tag-recibir"],"_links":{"self":[{"href":"https:\/\/13.com.ar\/index.php\/wp-json\/wp\/v2\/posts\/751","targetHints":{"allow":["GET"]}}],"collection":[{"href":"https:\/\/13.com.ar\/index.php\/wp-json\/wp\/v2\/posts"}],"about":[{"href":"https:\/\/13.com.ar\/index.php\/wp-json\/wp\/v2\/types\/post"}],"author":[{"embeddable":true,"href":"https:\/\/13.com.ar\/index.php\/wp-json\/wp\/v2\/users\/1"}],"replies":[{"embeddable":true,"href":"https:\/\/13.com.ar\/index.php\/wp-json\/wp\/v2\/comments?post=751"}],"version-history":[{"count":0,"href":"https:\/\/13.com.ar\/index.php\/wp-json\/wp\/v2\/posts\/751\/revisions"}],"wp:featuredmedia":[{"embeddable":true,"href":"https:\/\/13.com.ar\/index.php\/wp-json\/wp\/v2\/media\/444"}],"wp:attachment":[{"href":"https:\/\/13.com.ar\/index.php\/wp-json\/wp\/v2\/media?parent=751"}],"wp:term":[{"taxonomy":"category","embeddable":true,"href":"https:\/\/13.com.ar\/index.php\/wp-json\/wp\/v2\/categories?post=751"},{"taxonomy":"post_tag","embeddable":true,"href":"https:\/\/13.com.ar\/index.php\/wp-json\/wp\/v2\/tags?post=751"}],"curies":[{"name":"wp","href":"https:\/\/api.w.org\/{rel}","templated":true}]}}