{"id":749,"date":"2025-01-30T17:20:00","date_gmt":"2025-01-30T20:20:00","guid":{"rendered":"https:\/\/13.com.ar\/index.php\/confirman-que-un-argentino-y-su-hijo-murieron-en-el-choque-entre-el-avion-y-el-helicoptero\/"},"modified":"2025-01-30T17:20:00","modified_gmt":"2025-01-30T20:20:00","slug":"confirman-que-un-argentino-y-su-hijo-murieron-en-el-choque-entre-el-avion-y-el-helicoptero","status":"publish","type":"post","link":"https:\/\/13.com.ar\/index.php\/confirman-que-un-argentino-y-su-hijo-murieron-en-el-choque-entre-el-avion-y-el-helicoptero\/","title":{"rendered":"confirman que un argentino y su hijo murieron en el choque entre el avi\u00f3n y el helic\u00f3ptero"},"content":{"rendered":"<p> <br \/>\n<br \/><img decoding=\"async\" src=\"https:\/\/13.com.ar\/wp-content\/uploads\/2025\/01\/confirman-que-un-argentino-y-su-hijo-murieron-en-el.jpg\" \/><\/p>\n<div id=\"cuerpo\">\n<div class=\"sc-80531b6b-0 chRIGJ container-text text-embed\">\n<p>Un argentino y su hijo, nacido en Chile pero criado en una familia de argentinos, <strong>se encuentran entre las v\u00edctimas fatales de la tragedia en Washington<\/strong> del mi\u00e9rcoles por la noche, cuando un helic\u00f3ptero militar choc\u00f3 a un avi\u00f3n de American Airlines cuando aterrizaba en la capital estadounidense, proveniente de Kansas, explot\u00f3 y cay\u00f3 al r\u00edo Potomac.<\/p>\n<\/div>\n<div class=\"sc-80531b6b-0 chRIGJ container-text text-embed\">\n<p>En la tragedia <strong>murieron todos los involucrados<\/strong>, 64 personas que iban a bordo del avi\u00f3n y los tres tripulantes del Black Hawk, dijeron las autoridades y el propio presidente Donald Trump en una conferencia de prensa. \u201cTristemente no hay sobreviviente alguno. Fue una noche oscura para nuestra naci\u00f3n, una tragedia de proporciones horribles\u201d, dijo el jefe de la Casa Blanca.<\/p>\n<\/div>\n<div class=\"sc-80531b6b-0 chRIGJ container-text text-embed\">\n<p>No se difundieron la lista oficial de v\u00edctimas. Seg\u00fan supo<strong> Clar\u00edn<\/strong>, entre los pasajeros del avi\u00f3n comercial<strong> se encontraba un argentino que hab\u00eda abordado con su hijo de 13 a\u00f1os el vuelo 5342 en Wichita, Kansas<\/strong>, donde el chico hab\u00eda ido para <strong>una competencia de patinaje art\u00edstico<\/strong>, el deporte que practicaba. El Gobierno argentino confirm\u00f3 la muerte del hombre y tambi\u00e9n de su hijo en comunicaci\u00f3n con este diario.<\/p>\n<\/div>\n<div class=\"sc-80531b6b-0 chRIGJ container-text text-embed\">\n<p>Entre los pasajeros hab\u00eda varios miembros de la comunidad de pat\u00edn art\u00edstico de Virginia, que hab\u00edan ido a Kansas para el campeonato 2025 Prevagen US Figure Skating y a un campamento de entrenamiento.<\/p>\n<\/div>\n<div class=\"sc-80531b6b-0 chRIGJ container-text text-embed\">\n<p>Alrededor de <strong>20 de los pasajeros eran patinadores competitivos o entrenadores<\/strong>, alrededor de un tercio de los que estaban a bordo, seg\u00fan una persona involucrada profesionalmente en el deporte que habl\u00f3 con The Washington Post bajo condici\u00f3n de anonimato. La persona confirm\u00f3 que la lista de patinadores art\u00edsticos a bordo inclu\u00eda menores de edad.<\/p>\n<\/div>\n<div class=\"sc-80531b6b-0 chRIGJ container-text text-embed\">\n<p>Entre los fallecidos tambi\u00e9n se encuentran dos renombrados ex patinadores art\u00edsticos rusos, Evgenia Shishkova y Vadim Naumov, dijo el Kremlin.<\/p>\n<\/div>\n<div class=\"sc-80531b6b-0 chRIGJ container-text text-embed\">\n<p>En un comunicado, la Federaci\u00f3n de Patinaje Art\u00edstico de Estados Unidos, el organismo rector nacional del deporte, <strong>dijo que &#8220;varios&#8221; miembros de su comunidad estaban en el vuelo <\/strong>con destino a Washington desde Wichita, donde se llevaron a cabo los campeonatos nacionales la semana pasada. Un portavoz de la Federaci\u00f3n de Patinaje Art\u00edstico de Estados Unidos se neg\u00f3 a especificar el n\u00famero.<\/p>\n<\/div>\n<div class=\"sc-80531b6b-0 chRIGJ container-text text-embed\">\n<p>El padre, que se hab\u00eda recibido de <strong>contador en la Universidad de Buenos Aires<\/strong> y luego continu\u00f3 sus estudios en Estados Unidos, era vicepresidente de una empresa de energ\u00eda el\u00e9ctrica con sede en Arlington, Virginia, muy cerca del aeropuerto donde ocurri\u00f3 la tragedia. Hab\u00eda vivido varios a\u00f1os en Chile.<\/p>\n<\/div>\n<div class=\"sc-80531b6b-0 chRIGJ container-text text-embed\">\n<p><strong>Su hijo, de 13 a\u00f1os, practicaba patinaje art\u00edstico<\/strong> y, m\u00e1s all\u00e1 de concurrir al colegio estadounidense, <strong>era alumno de la Escuela Argentina<\/strong>, una instituci\u00f3n en las afueras de Washington donde asisten hijos de argentinos los s\u00e1bados por la ma\u00f1ana para continuar cursando la curr\u00edcula del pa\u00eds y estar en contacto con su comunidad.<\/p>\n<\/div>\n<div class=\"sc-80531b6b-0 chRIGJ container-text text-embed\">\n<p>La madre y esposa, <strong>tambi\u00e9n argentina, estaba esperando en el aeropuerto Ronald Reagan que aterrizara el vuelo<\/strong> donde llegaba sus familiares cuando poco antes de las 9 de la noche, hora de Washington, se produjo el accidente y todo se transform\u00f3 en desesperaci\u00f3n. Hasta all\u00ed hab\u00edan llegado las autoridades de American Airlines que estaban en contacto con ellos.<\/p>\n<\/div>\n<div class=\"sc-80531b6b-0 chRIGJ container-text text-embed\">\n<p>Poco a poco fueron dando informaci\u00f3n a los familiares que estaban en el lugar, que tem\u00edan lo peor. Por la ma\u00f1ana les hab\u00edan dicho que ya no hab\u00eda esperanzas, pero la lista oficial de fallecidos se difundi\u00f3 m\u00e1s tarde.<\/p>\n<\/div>\n<\/div>\n<p><br \/>\n<br \/><a href=\"https:\/\/www.clarin.com\/sociedad\/tragedia-aerea-washington-confirman-argentino-murio-choque-avion-helicoptero_0_r7fURNtMi1.html\">Fuente Clarin.com <\/a><\/p>\n","protected":false},"excerpt":{"rendered":"<p>Un argentino y su hijo, nacido en Chile pero criado en una familia de argentinos, se encuentran entre las v\u00edctimas fatales de la tragedia en Washington del mi\u00e9rcoles por la noche, cuando un helic\u00f3ptero militar choc\u00f3 a un avi\u00f3n de American Airlines cuando aterrizaba en la capital estadounidense, proveniente de Kansas, explot\u00f3 y cay\u00f3 al [&hellip;]<\/p>\n","protected":false},"author":1,"featured_media":750,"comment_status":"open","ping_status":"open","sticky":false,"template":"","format":"standard","meta":{"footnotes":""},"categories":[2],"tags":[508,1418,428,1901,351,1420,918,1787],"class_list":["post-749","post","type-post","status-publish","format-standard","has-post-thumbnail","hentry","category-ultimas-noticias","tag-argentino","tag-avion","tag-choque","tag-confirman","tag-entre","tag-helicoptero","tag-hijo","tag-murieron"],"_links":{"self":[{"href":"https:\/\/13.com.ar\/index.php\/wp-json\/wp\/v2\/posts\/749","targetHints":{"allow":["GET"]}}],"collection":[{"href":"https:\/\/13.com.ar\/index.php\/wp-json\/wp\/v2\/posts"}],"about":[{"href":"https:\/\/13.com.ar\/index.php\/wp-json\/wp\/v2\/types\/post"}],"author":[{"embeddable":true,"href":"https:\/\/13.com.ar\/index.php\/wp-json\/wp\/v2\/users\/1"}],"replies":[{"embeddable":true,"href":"https:\/\/13.com.ar\/index.php\/wp-json\/wp\/v2\/comments?post=749"}],"version-history":[{"count":0,"href":"https:\/\/13.com.ar\/index.php\/wp-json\/wp\/v2\/posts\/749\/revisions"}],"wp:featuredmedia":[{"embeddable":true,"href":"https:\/\/13.com.ar\/index.php\/wp-json\/wp\/v2\/media\/750"}],"wp:attachment":[{"href":"https:\/\/13.com.ar\/index.php\/wp-json\/wp\/v2\/media?parent=749"}],"wp:term":[{"taxonomy":"category","embeddable":true,"href":"https:\/\/13.com.ar\/index.php\/wp-json\/wp\/v2\/categories?post=749"},{"taxonomy":"post_tag","embeddable":true,"href":"https:\/\/13.com.ar\/index.php\/wp-json\/wp\/v2\/tags?post=749"}],"curies":[{"name":"wp","href":"https:\/\/api.w.org\/{rel}","templated":true}]}}