{"id":745,"date":"2025-01-30T17:14:28","date_gmt":"2025-01-30T20:14:28","guid":{"rendered":"https:\/\/13.com.ar\/index.php\/estos-tuits-la-hacen-quedar-como-una-chiquilina-que-ya-no-es\/"},"modified":"2025-01-30T17:14:28","modified_gmt":"2025-01-30T20:14:28","slug":"estos-tuits-la-hacen-quedar-como-una-chiquilina-que-ya-no-es","status":"publish","type":"post","link":"https:\/\/13.com.ar\/index.php\/estos-tuits-la-hacen-quedar-como-una-chiquilina-que-ya-no-es\/","title":{"rendered":"Estos tuits la hacen quedar como una chiquilina que ya no es"},"content":{"rendered":"<p> <br \/>\n<br \/><img decoding=\"async\" src=\"https:\/\/13.com.ar\/wp-content\/uploads\/2025\/01\/Estos-tuits-la-hacen-quedar-como-una-chiquilina-que-ya.jpg\" \/><\/p>\n<div>\n<p>Despu\u00e9s de que Cristina Kirchner cuestionara a Javier Milei por el discurso que dio en el Foro de Davos y de que lo chicaneara con el FMI, el Gobierno sali\u00f3 a responderle con fuerte iron\u00eda. &#8220;Estos tuits la hacen quedar como <strong>una chiquilina que ya no es&#8221;<\/strong>, le dijo <strong>Luis Caputo<\/strong>, ministro de Econom\u00eda. Y desde la Casa Rosada le dedicaron un mensaje en el que la interpelaron como <strong>&#8220;se\u00f1ora condenada&#8221;.<\/strong><\/p>\n<\/div>\n<div>\n<p>&#8220;Se\u00f1ora, <strong>recupere esa vanidad que nunca le falt\u00f3<\/strong> y vuelva a escribir usted misma sus propios tuits, que \u00e9stos la hacen quedar como una chiquilina que ya no es&#8221;, fue el tuit que public\u00f3 este jueves a la tarde Caputo.<\/p>\n<\/div>\n<div>\n<p>Si bien el funcionario no hab\u00eda sido mencionado directamente en el mensaje de Cristina Kirchner, ella s\u00ed hab\u00eda se\u00f1alado &#8220;el nuevo acuerdo de endeudamiento con el FMI&#8221;, en el que Caputo viene trabajando hace meses con Milei. De hecho, el ministro de Econom\u00eda se baj\u00f3 del viaje al Foro de Davos, tras el paso por Estados Unidos, para regresar cuanto antes a la Argentina y recibir a la misi\u00f3n del Fondo Monetario en Buenos Aires.<\/p>\n<\/div>\n<div>\n<p>Pero el ministro no fue el \u00fanico que sali\u00f3 a contestarle a Cristina Kirchner. M\u00e1s temprano lo hab\u00eda hecho <strong>Javier Lanari<\/strong>, secretario de Comunicaci\u00f3n y Prensa de la Presidencia de la Naci\u00f3n.<\/p>\n<\/div>\n<div>\n<p>&#8220;Se\u00f1ora condenada, escuche el discurso completo (sin ediciones) y vuelva. <strong>Es imposible pedirle honestidad intelectual. <\/strong>Pero haga el intento. Tiempo le sobra&#8230;&#8221;, fueron las picantes palabras que le dedic\u00f3 Lanari a la expresidenta.<\/p>\n<\/div>\n<div>\n<p>Minutos antes hab\u00eda cargado contra la convocatoria de la Marcha LGBTQI+ que se har\u00e1 este s\u00e1bado en el Congreso de la Naci\u00f3n. &#8220;Qusieron instalar que Milei quiere eliminar la educaci\u00f3n p\u00fablica. Perdieron por goleada. Ahora quieren instalar que Milei odia a los gays. Van a perder. Son mentirosos y mal intencionados&#8230;&#8221;, escribi\u00f3.<\/p>\n<\/div>\n<div>\n<p>Cristina Kirchner hab\u00eda salido este jueves a primera hora a cruzar a Milei por su furibundo discurso en el Foro de Davos. Lo tild\u00f3 de &#8220;cachivache&#8221; y le pidi\u00f3 que afloje &#8220;un poco&#8221;.<\/p>\n<\/div>\n<div>\n<p>&#8220;Afloj\u00e1 un poco\u2026 que vas a necesitar resto para cuando se te acabe la nafta del d\u00f3lar planchado, el carry trade, el ajuste eterno y la ca\u00edda del consumo; y, finalmente, los argentinos se den cuenta que el sacrificio que hacen s\u00f3lo sirve para enriquecer a unos pocos y empobrecer a las grandes mayor\u00edas\u2026 Porque no tengas dudas que eso, m\u00e1s temprano que tarde, va a ocurrir&#8221;, manifest\u00f3 la exvicepresidenta.<\/p>\n<\/div>\n<p><br \/>\n<br \/><a href=\"https:\/\/www.clarin.com\/politica\/gobierno-milei-salio-responder-criticas-chicanas-cristina-kirchner-tuits-hacen-quedar-chiquilina_0_T3GncfQGBH.html\">Fuente Clarin.com <\/a><\/p>\n","protected":false},"excerpt":{"rendered":"<p>Despu\u00e9s de que Cristina Kirchner cuestionara a Javier Milei por el discurso que dio en el Foro de Davos y de que lo chicaneara con el FMI, el Gobierno sali\u00f3 a responderle con fuerte iron\u00eda. &#8220;Estos tuits la hacen quedar como una chiquilina que ya no es&#8221;, le dijo Luis Caputo, ministro de Econom\u00eda. Y [&hellip;]<\/p>\n","protected":false},"author":1,"featured_media":746,"comment_status":"open","ping_status":"open","sticky":false,"template":"","format":"standard","meta":{"footnotes":""},"categories":[2],"tags":[1894,66,1509,913,1893,1892,73],"class_list":["post-745","post","type-post","status-publish","format-standard","has-post-thumbnail","hentry","category-ultimas-noticias","tag-chiquilina","tag-como","tag-estos","tag-hacen","tag-quedar","tag-tuits","tag-una"],"_links":{"self":[{"href":"https:\/\/13.com.ar\/index.php\/wp-json\/wp\/v2\/posts\/745","targetHints":{"allow":["GET"]}}],"collection":[{"href":"https:\/\/13.com.ar\/index.php\/wp-json\/wp\/v2\/posts"}],"about":[{"href":"https:\/\/13.com.ar\/index.php\/wp-json\/wp\/v2\/types\/post"}],"author":[{"embeddable":true,"href":"https:\/\/13.com.ar\/index.php\/wp-json\/wp\/v2\/users\/1"}],"replies":[{"embeddable":true,"href":"https:\/\/13.com.ar\/index.php\/wp-json\/wp\/v2\/comments?post=745"}],"version-history":[{"count":0,"href":"https:\/\/13.com.ar\/index.php\/wp-json\/wp\/v2\/posts\/745\/revisions"}],"wp:featuredmedia":[{"embeddable":true,"href":"https:\/\/13.com.ar\/index.php\/wp-json\/wp\/v2\/media\/746"}],"wp:attachment":[{"href":"https:\/\/13.com.ar\/index.php\/wp-json\/wp\/v2\/media?parent=745"}],"wp:term":[{"taxonomy":"category","embeddable":true,"href":"https:\/\/13.com.ar\/index.php\/wp-json\/wp\/v2\/categories?post=745"},{"taxonomy":"post_tag","embeddable":true,"href":"https:\/\/13.com.ar\/index.php\/wp-json\/wp\/v2\/tags?post=745"}],"curies":[{"name":"wp","href":"https:\/\/api.w.org\/{rel}","templated":true}]}}