{"id":7298,"date":"2025-02-23T20:04:33","date_gmt":"2025-02-23T23:04:33","guid":{"rendered":"https:\/\/13.com.ar\/index.php\/milei-regreso-al-pais-y-ultima-los-detalles-de-los-decretos-para-cubrir-las-vacantes-en-la-corte\/"},"modified":"2025-02-23T20:04:33","modified_gmt":"2025-02-23T23:04:33","slug":"milei-regreso-al-pais-y-ultima-los-detalles-de-los-decretos-para-cubrir-las-vacantes-en-la-corte","status":"publish","type":"post","link":"https:\/\/13.com.ar\/index.php\/milei-regreso-al-pais-y-ultima-los-detalles-de-los-decretos-para-cubrir-las-vacantes-en-la-corte\/","title":{"rendered":"Milei regres\u00f3 al pa\u00eds y ultima los detalles de los decretos para cubrir las vacantes en la Corte"},"content":{"rendered":"<p> <br \/>\n<br \/><img decoding=\"async\" src=\"https:\/\/13.com.ar\/wp-content\/uploads\/2025\/02\/Milei-regreso-al-pais-y-ultima-los-detalles-de-los.jpg\" \/><\/p>\n<div>\n<p>El ARG-01, el Boeing 757-256 al que los hermanos Milei decidieron remozar a un costo cercano a los 3 millones de d\u00f3lares a contramano de la primigenia idea de llevarlo a una subasta, aterriz\u00f3 a las 8.40 en el sector militar del Aeroparque Metropolitano (AMA). El asesor todoterreno, que qued\u00f3 envuelto en una pol\u00e9mica por interrumpir una entrevista televisiva que brind\u00f3 el \u00faltimo lunes el mandatario, hab\u00eda viajado sorpresivamente en vuelo de l\u00ednea pero a su regreso decidi\u00f3 subirse al avi\u00f3n presidencial, acaso, para aventar las versiones sobre una crisis en el denominado &#8220;tri\u00e1ngulo de hierro&#8221;. En un sector del oficialismo hab\u00eda generado suspicacias otro viaje que hab\u00eda realizado a Washington en enero, al parecer, por los faustos de la asunci\u00f3n de<strong> Donald Trump.<\/strong><\/p>\n<\/div>\n<div>\n<p>En la mesa chica del Ejecutivo, con todo, la mayor atenci\u00f3n se la lleva el denominado <strong>&#8220;Plan B&#8221;<\/strong> tras la ca\u00edda del debate en el Senado del pliego del juez federal Ariel Lijo. Aducen que el esc\u00e1ndalo por la malograda $LIBRA, que decant\u00f3 causas judiciales por presuntas estafas en el pa\u00eds y en Estados Unidos, no preocupa -salvo en la reacci\u00f3n en los mercados- y que en lo inmediato no se designar\u00e1 un abogado penalista que patrocine al Presidente.<\/p>\n<\/div>\n<div>\n<p>Con las vacantes en la Corte, en cambio, el Gobierno debe hacer frente a un calendario por dem\u00e1s acotado: <strong>Milei tiene tiempo hasta el viernes para designar en comisi\u00f3n al pol\u00e9mico juez federal y al acad\u00e9mico de la Universidad Austral<\/strong>. Es que el s\u00e1bado 1\u00b0 de marzo<strong> comenzar\u00e1n las sesiones ordinarias del Congreso<\/strong> -se prev\u00e9 que el mandatario nuevamente brinde su discurso ante la asamblea legislativa a las 21- y entonces nuevamente ser\u00eda potestad del Senado dar acuerdo o no a los candidatos del Ejecutivo a integrar el m\u00e1ximo tribunal.<\/p>\n<\/div>\n<div>\n<p><strong>Pero la decisi\u00f3n pol\u00edtica para nombrar por decreto a los cortesanos estar\u00eda tomada<\/strong>. &#8220;No est\u00e1 fijado el d\u00eda a\u00fan para la publicaci\u00f3n de los decretos. Hay que esperar que vuelva el Presidente&#8221;, dijo este domingo un alto funcionario consultado que pareci\u00f3 aprender la lecci\u00f3n del despido del ex titular de la Anses, <strong>Mariano de los Heros,<\/strong> eyectado por anticipar una reforma previsional que efectivamente est\u00e1 en estudio.<\/p>\n<\/div>\n<div>\n<p>La ocupaci\u00f3n de las vacancias en el alto tribunal ha generado <strong>un debate interno en el oficialismo<\/strong>. Las cr\u00edticas de un sector de la oposici\u00f3n -el peronismo del Senado amenaza con bochar los pliegos de los candidatos si son nombrados en comisi\u00f3n por Milei- anticipan un nuevo enfrentamiento.<\/p>\n<\/div>\n<div>\n<p>El nombre de Lijo es el que m\u00e1s irrita a un sector de la oposici\u00f3n y de los bloques dialoguistas.<strong> Mauricio Macri<\/strong>, que volvi\u00f3 a atacar al asesor Caputo y a cuestionar la &#8220;no gesti\u00f3n&#8221; del oficialismo a prop\u00f3sito del fracaso en la licitaci\u00f3n de la Hidrov\u00eda, tampoco apoya el nombramiento en la Corte del encumbrado integrante de Comodoro Py.<\/p>\n<\/div>\n<div>\n<p>Si bien Lijo se negaba a ser nombrado en comisi\u00f3n para ocupar una silla en el m\u00e1ximo tribunal, porque deber\u00eda renunciar a su juzgado y su cargo no tendr\u00eda estabilidad, <strong>ahora &#8220;evaluar\u00eda&#8221; una propuesta del Ejecutivo.<\/strong><\/p>\n<\/div>\n<div>\n<p>En teor\u00eda,<strong> perdi\u00f3 fuerza la opci\u00f3n de que el Gobierno eche mano a una jurista mujer u a otro candidato<\/strong> que eventualmente tuvieran una mayor aceptaci\u00f3n en la comisi\u00f3n de Acuerdos de la C\u00e1mara alta. Como sea, el Gobierno deber\u00e1 anudar alg\u00fan tipo de acuerdo pol\u00edtico para garantizarse &#8220;una Corte completa&#8221; en el tiempo si decidiera nombrar por decreto a los dos cortesanos en cuesti\u00f3n porque por esta v\u00eda tendr\u00edan un mandato acotado, es decir, hasta el pr\u00f3ximo 30 de noviembre. <\/p>\n<\/div>\n<div>\n<p>Otras versiones dan cuenta que una interpretaci\u00f3n de art\u00edculo 99 de la Constituci\u00f3n podr\u00eda estirar el mandato de los candidatos hasta el 28 de febrero de 2026 d\u00e1ndole, de esta forma, m\u00e1s tiempo al Ejecutivo para negociar los votos en el Senado.<\/p>\n<\/div>\n<p><br \/>\n<br \/><a href=\"https:\/\/www.clarin.com\/politica\/milei-regreso-pais-ultima-detalles-decretos-cubrir-vacantes-corte_0_XGjX6ruJ5p.html\">Fuente Clarin.com <\/a><\/p>\n","protected":false},"excerpt":{"rendered":"<p>El ARG-01, el Boeing 757-256 al que los hermanos Milei decidieron remozar a un costo cercano a los 3 millones de d\u00f3lares a contramano de la primigenia idea de llevarlo a una subasta, aterriz\u00f3 a las 8.40 en el sector militar del Aeroparque Metropolitano (AMA). El asesor todoterreno, que qued\u00f3 envuelto en una pol\u00e9mica por [&hellip;]<\/p>\n","protected":false},"author":1,"featured_media":7299,"comment_status":"open","ping_status":"open","sticky":false,"template":"","format":"standard","meta":{"footnotes":""},"categories":[2],"tags":[297,5018,6904,924,48,28,77,134,16,1429,1859,8267],"class_list":["post-7298","post","type-post","status-publish","format-standard","has-post-thumbnail","hentry","category-ultimas-noticias","tag-corte","tag-cubrir","tag-decretos","tag-detalles","tag-las","tag-los","tag-milei","tag-pais","tag-para","tag-regreso","tag-ultima","tag-vacantes"],"_links":{"self":[{"href":"https:\/\/13.com.ar\/index.php\/wp-json\/wp\/v2\/posts\/7298","targetHints":{"allow":["GET"]}}],"collection":[{"href":"https:\/\/13.com.ar\/index.php\/wp-json\/wp\/v2\/posts"}],"about":[{"href":"https:\/\/13.com.ar\/index.php\/wp-json\/wp\/v2\/types\/post"}],"author":[{"embeddable":true,"href":"https:\/\/13.com.ar\/index.php\/wp-json\/wp\/v2\/users\/1"}],"replies":[{"embeddable":true,"href":"https:\/\/13.com.ar\/index.php\/wp-json\/wp\/v2\/comments?post=7298"}],"version-history":[{"count":0,"href":"https:\/\/13.com.ar\/index.php\/wp-json\/wp\/v2\/posts\/7298\/revisions"}],"wp:featuredmedia":[{"embeddable":true,"href":"https:\/\/13.com.ar\/index.php\/wp-json\/wp\/v2\/media\/7299"}],"wp:attachment":[{"href":"https:\/\/13.com.ar\/index.php\/wp-json\/wp\/v2\/media?parent=7298"}],"wp:term":[{"taxonomy":"category","embeddable":true,"href":"https:\/\/13.com.ar\/index.php\/wp-json\/wp\/v2\/categories?post=7298"},{"taxonomy":"post_tag","embeddable":true,"href":"https:\/\/13.com.ar\/index.php\/wp-json\/wp\/v2\/tags?post=7298"}],"curies":[{"name":"wp","href":"https:\/\/api.w.org\/{rel}","templated":true}]}}