{"id":7294,"date":"2025-02-23T19:58:33","date_gmt":"2025-02-23T22:58:33","guid":{"rendered":"https:\/\/13.com.ar\/index.php\/neymar-hizo-un-golazo-olimpico-para-el-santos-y-suena-con-volver-a-la-seleccion-de-brasil-contra-argentina\/"},"modified":"2025-02-23T19:58:33","modified_gmt":"2025-02-23T22:58:33","slug":"neymar-hizo-un-golazo-olimpico-para-el-santos-y-suena-con-volver-a-la-seleccion-de-brasil-contra-argentina","status":"publish","type":"post","link":"https:\/\/13.com.ar\/index.php\/neymar-hizo-un-golazo-olimpico-para-el-santos-y-suena-con-volver-a-la-seleccion-de-brasil-contra-argentina\/","title":{"rendered":"Neymar hizo un golazo ol\u00edmpico para el Santos y sue\u00f1a con volver a la Selecci\u00f3n de Brasil contra Argentina"},"content":{"rendered":"<p> <br \/>\n<br \/><img decoding=\"async\" src=\"https:\/\/13.com.ar\/wp-content\/uploads\/2025\/02\/Neymar-hizo-un-golazo-olimpico-para-el-Santos-y-suena.jpg\" \/><\/p>\n<div>\n<p><strong>Neymar hizo brillar su calidad este domingo. <\/strong>El astro brasile\u00f1o convirti\u00f3 un <strong>golazo ol\u00edmpico <\/strong>y reparti\u00f3 <strong>dos asistencias <\/strong>con el <strong>Santos <\/strong>en el partido contra el <strong>Inter de Limeira <\/strong>de la \u00faltima jornada de la fase de grupos del <strong>Campeonato Paulista<\/strong>. El exjugador de Barcelona y Par\u00eds Saint-Germain (PSG) pate\u00f3 desde el c\u00f3rner con mucho efecto, la pelota golpe\u00f3 en el segundo palo y se col\u00f3 limpio en el arco, para el 2-0 parcial en el minuto 27.<\/p>\n<\/div>\n<div>\n<p>Se trat\u00f3 del segundo gol del n\u00famero &#8217;10&#8217; desde que regres\u00f3 al equipo paulista, tras rescindir su millonario contrato con el Al-Hilal saud\u00ed, con el que jug\u00f3 apenas 7 partidos en 17 meses por culpa de una grave lesi\u00f3n en la rodilla.<\/p>\n<\/div>\n<div>\n<p>A los hinchas del Inter de Limeira solo les qued\u00f3 ponerse de pie y aplaudir la maravilla del atacante del equipo albinegro, uno de los goles m\u00e1s espectaculares de su carrera.<\/p>\n<\/div>\n<div>\n<p><strong>&#8220;Ning\u00fan texto bastar\u00e1 para explicar el gol ol\u00edmpico que acaba de marcar Neymar. El Pr\u00edncipe es surrealista (&#8230;) \u00a1Un golazo hist\u00f3rico!&#8221;<\/strong>, celebr\u00f3 en sus redes sociales el Santos, donde tambi\u00e9n se form\u00f3 <strong>Edson Arantes do Nascimento &#8216;Pel\u00e9&#8217;<\/strong>.<\/p>\n<\/div>\n<div>\n<p>Previamente, tambi\u00e9n desde el c\u00f3rner, Neymar puso un centro medido a la cabeza de <strong>Tiquinho Soares <\/strong>en el minuto 9. Para redondear su brillante actuaci\u00f3n, antes del descanso, volvi\u00f3 a demostrar que tiene un guante en la pierna derecha al lanzar otro saque de esquina directo a la cabeza de Tiquinho, que puso el 0-3 en el marcador en el minuto 32.<\/p>\n<\/div>\n<div>\n<p>Neymar, de 33 a\u00f1os, volvi\u00f3 en enero al Santos con un contrato de seis meses prorrogables con el objetivo de recuperar la forma perdida tras sufrir, en octubre de 2023, la rotura del ligamento cruzado anterior y del menisco de la rodilla izquierda en un partido entre Brasil y Uruguay, en Montevideo.<\/p>\n<\/div>\n<div>\n<p>Esta demostraci\u00f3n de los \u00faltimos partidos abri\u00f3 el debate en las redes sociales sobre la posible convocatoria para la Selecci\u00f3n de Brasil, donde no volvi\u00f3 desde aquella lesi\u00f3n. El pr\u00f3ximo compromiso de la &#8216;Canarinha&#8217; es, ni m\u00e1s ni menos, que <strong>el cl\u00e1sico contra Argentina <\/strong>en el estadio Monumental, despu\u00e9s de recibir a <strong>Colombia<\/strong>.<\/p>\n<\/div>\n<p><br \/>\n<br \/><a href=\"https:\/\/www.clarin.com\/deportes\/neymar-hizo-golazo-olimpico-santos-suena-volver-seleccion-brasil-argentina_0_95cBHvQ0lB.html\">Fuente Clarin.com <\/a><\/p>\n","protected":false},"excerpt":{"rendered":"<p>Neymar hizo brillar su calidad este domingo. El astro brasile\u00f1o convirti\u00f3 un golazo ol\u00edmpico y reparti\u00f3 dos asistencias con el Santos en el partido contra el Inter de Limeira de la \u00faltima jornada de la fase de grupos del Campeonato Paulista. El exjugador de Barcelona y Par\u00eds Saint-Germain (PSG) pate\u00f3 desde el c\u00f3rner con mucho [&hellip;]<\/p>\n","protected":false},"author":1,"featured_media":7295,"comment_status":"open","ping_status":"open","sticky":false,"template":"","format":"standard","meta":{"footnotes":""},"categories":[2],"tags":[288,85,18,835,2786,521,220,5552,16,217,2703,1606,1928],"class_list":["post-7294","post","type-post","status-publish","format-standard","has-post-thumbnail","hentry","category-ultimas-noticias","tag-argentina","tag-brasil","tag-con","tag-contra","tag-golazo","tag-hizo","tag-neymar","tag-olimpico","tag-para","tag-santos","tag-seleccion","tag-suena","tag-volver"],"_links":{"self":[{"href":"https:\/\/13.com.ar\/index.php\/wp-json\/wp\/v2\/posts\/7294","targetHints":{"allow":["GET"]}}],"collection":[{"href":"https:\/\/13.com.ar\/index.php\/wp-json\/wp\/v2\/posts"}],"about":[{"href":"https:\/\/13.com.ar\/index.php\/wp-json\/wp\/v2\/types\/post"}],"author":[{"embeddable":true,"href":"https:\/\/13.com.ar\/index.php\/wp-json\/wp\/v2\/users\/1"}],"replies":[{"embeddable":true,"href":"https:\/\/13.com.ar\/index.php\/wp-json\/wp\/v2\/comments?post=7294"}],"version-history":[{"count":0,"href":"https:\/\/13.com.ar\/index.php\/wp-json\/wp\/v2\/posts\/7294\/revisions"}],"wp:featuredmedia":[{"embeddable":true,"href":"https:\/\/13.com.ar\/index.php\/wp-json\/wp\/v2\/media\/7295"}],"wp:attachment":[{"href":"https:\/\/13.com.ar\/index.php\/wp-json\/wp\/v2\/media?parent=7294"}],"wp:term":[{"taxonomy":"category","embeddable":true,"href":"https:\/\/13.com.ar\/index.php\/wp-json\/wp\/v2\/categories?post=7294"},{"taxonomy":"post_tag","embeddable":true,"href":"https:\/\/13.com.ar\/index.php\/wp-json\/wp\/v2\/tags?post=7294"}],"curies":[{"name":"wp","href":"https:\/\/api.w.org\/{rel}","templated":true}]}}