{"id":702,"date":"2025-01-30T14:33:35","date_gmt":"2025-01-30T17:33:35","guid":{"rendered":"https:\/\/13.com.ar\/index.php\/aldana-hermana-de-mauro-icardi-se-mete-en-la-politica-y-quiere-ser-concejal-de-rosario\/"},"modified":"2025-01-30T14:33:35","modified_gmt":"2025-01-30T17:33:35","slug":"aldana-hermana-de-mauro-icardi-se-mete-en-la-politica-y-quiere-ser-concejal-de-rosario","status":"publish","type":"post","link":"https:\/\/13.com.ar\/index.php\/aldana-hermana-de-mauro-icardi-se-mete-en-la-politica-y-quiere-ser-concejal-de-rosario\/","title":{"rendered":"Aldana, hermana de Mauro Icardi, se mete en la pol\u00edtica y quiere ser concejal de Rosario"},"content":{"rendered":"<p> <br \/>\n<br \/><img decoding=\"async\" src=\"https:\/\/13.com.ar\/wp-content\/uploads\/2025\/01\/Aldana-hermana-de-Mauro-Icardi-se-mete-en-la-politica.jpg\" \/><\/p>\n<div>\n<p><strong>Aldana Icardi,<\/strong> hermana del delantero argentino del Galatasaray de Turqu\u00eda, anunci\u00f3 que <strong>lanza su carrera pol\u00edtica <\/strong>y su primer objetivo ser\u00e1 llegar a ser<strong> concejal de Rosario<\/strong> en las pr\u00f3ximas elecciones.<\/p>\n<\/div>\n<div>\n<p>En el medio de de las turbulencias que atraviesa el futbolista por su romance con Eugenia \u201cla China\u201d Su\u00e1rez y sus disputas con la medi\u00e1tica Wanda Nara, la joven de 37 a\u00f1os ser\u00e1 parte de la lista del partido Igualdad y Participaci\u00f3n, <strong>detr\u00e1s del socialista Rub\u00e9n Giustiniani<\/strong> acompa\u00f1ado por otro familiar de un ex futbolista, como <strong>Bruno Carlovich, cabeza de lista e hijo del &#8220;Trinche&#8221;.<\/strong><\/p>\n<\/div>\n<div>\n<p>Icardi, profesora de Catequesis, admiti\u00f3 que se presenta amparada por qui\u00e9n es y por sus &#8220;capacidades y aptitudes&#8221;.<\/p>\n<\/div>\n<div>\n<p>En declaraciones a Radioinforme 3, por Cadena 3 Rosario, dijo: \u201cYo me presento por quien soy,<strong> soy \u2018la hermana de\u2019, sin lugar a dudas, pero estoy donde estoy gracias a mis capacidades y aptitudes<\/strong>&#8220;.<\/p>\n<\/div>\n<div>\n<p>Y a\u00f1adi\u00f3: &#8220;Tendr\u00e9 que pasar la tormenta, en un momento en el que el nombre resuena m\u00e1s. La calidad humana de Rub\u00e9n y su disposici\u00f3n a escuchar, \u00e9l tiene abierta las puertas siempre. Buscan igualdad y participaci\u00f3n de verdad. Tenemos gente comprometida con el trabajo social. No somos pol\u00edticos de raza, somos vecinos\u201d.<\/p>\n<\/div>\n<div>\n<p>Luego, al dar m\u00e1s detalles sobre su perfil, se describi\u00f3: \u201cNo me gusta el ruido, siempre me gust\u00f3 m\u00e1s la invisibilidad y el trabajo desde atr\u00e1s. Milit\u00e9 hasta que tuve mis chicos. Me gusta trabajar con la gente, pero no se me hab\u00eda ocurrido presentarme as\u00ed nunca. Bruno Carlovich es el gran artesano\u201d.<\/p>\n<\/div>\n<div>\n<p>La candidata a concejal opin\u00f3 adem\u00e1s sobre diferentes referentes pol\u00edticos: \u201c\u00bfQu\u00e9 me pasa con Milei? No somos pol\u00edticos de raza nosotros, la imagen pol\u00edtica est\u00e1 tan descre\u00edda que mucha gente lo vot\u00f3 porque \u00e9l viene de un palo que no es la pol\u00edtica. De Javkin me gusta su forma de trabajar, pero hay cosas que no comparto. Cuando necesit\u00e9 ayuda se puso a disposici\u00f3n, ser\u00e1 cuesti\u00f3n de conocerlo\u201d.<\/p>\n<\/div>\n<div>\n<p>Finalmente, habl\u00f3 sobre su deseo de ayudar a otros desde dentro de la pol\u00edtica: \u201cTengo 37 a\u00f1os, soy profesora de Ciencias Sagradas, es un honor. Esa profesi\u00f3n me sirve para abrir puertas, creo que todo se puede cambiar a trav\u00e9s de la educaci\u00f3n. Doy catequesis en una parroquia. Uno aprende de la realidad de los barrios. Yo me cr\u00ede en Parque Casas. Hay cosas comunes que en los barrios hacen falta, no son cosas extravagantes, hay necesidades b\u00e1sicas que en los barrios no est\u00e1n cubiertas\u201d.<\/p>\n<\/div>\n<p><br \/>\n<br \/><a href=\"https:\/\/www.clarin.com\/politica\/aldana-hermana-mauro-icardi-mete-politica-quiere-concejal-rosario_0_sx6hDxSwDn.html\">Fuente Clarin.com <\/a><\/p>\n","protected":false},"excerpt":{"rendered":"<p>Aldana Icardi, hermana del delantero argentino del Galatasaray de Turqu\u00eda, anunci\u00f3 que lanza su carrera pol\u00edtica y su primer objetivo ser\u00e1 llegar a ser concejal de Rosario en las pr\u00f3ximas elecciones. En el medio de de las turbulencias que atraviesa el futbolista por su romance con Eugenia \u201cla China\u201d Su\u00e1rez y sus disputas con la [&hellip;]<\/p>\n","protected":false},"author":1,"featured_media":703,"comment_status":"open","ping_status":"open","sticky":false,"template":"","format":"standard","meta":{"footnotes":""},"categories":[2],"tags":[1802,1805,1803,133,132,1804,208,1273,1806,1234],"class_list":["post-702","post","type-post","status-publish","format-standard","has-post-thumbnail","hentry","category-ultimas-noticias","tag-aldana","tag-concejal","tag-hermana","tag-icardi","tag-mauro","tag-mete","tag-politica","tag-quiere","tag-rosario","tag-ser"],"_links":{"self":[{"href":"https:\/\/13.com.ar\/index.php\/wp-json\/wp\/v2\/posts\/702","targetHints":{"allow":["GET"]}}],"collection":[{"href":"https:\/\/13.com.ar\/index.php\/wp-json\/wp\/v2\/posts"}],"about":[{"href":"https:\/\/13.com.ar\/index.php\/wp-json\/wp\/v2\/types\/post"}],"author":[{"embeddable":true,"href":"https:\/\/13.com.ar\/index.php\/wp-json\/wp\/v2\/users\/1"}],"replies":[{"embeddable":true,"href":"https:\/\/13.com.ar\/index.php\/wp-json\/wp\/v2\/comments?post=702"}],"version-history":[{"count":0,"href":"https:\/\/13.com.ar\/index.php\/wp-json\/wp\/v2\/posts\/702\/revisions"}],"wp:featuredmedia":[{"embeddable":true,"href":"https:\/\/13.com.ar\/index.php\/wp-json\/wp\/v2\/media\/703"}],"wp:attachment":[{"href":"https:\/\/13.com.ar\/index.php\/wp-json\/wp\/v2\/media?parent=702"}],"wp:term":[{"taxonomy":"category","embeddable":true,"href":"https:\/\/13.com.ar\/index.php\/wp-json\/wp\/v2\/categories?post=702"},{"taxonomy":"post_tag","embeddable":true,"href":"https:\/\/13.com.ar\/index.php\/wp-json\/wp\/v2\/tags?post=702"}],"curies":[{"name":"wp","href":"https:\/\/api.w.org\/{rel}","templated":true}]}}