{"id":7013,"date":"2025-02-22T12:22:44","date_gmt":"2025-02-22T15:22:44","guid":{"rendered":"https:\/\/13.com.ar\/index.php\/los-astronautas-varados-hace-8-meses-hablaron-desde-el-espacio-hubo-problemas\/"},"modified":"2025-02-22T12:22:44","modified_gmt":"2025-02-22T15:22:44","slug":"los-astronautas-varados-hace-8-meses-hablaron-desde-el-espacio-hubo-problemas","status":"publish","type":"post","link":"https:\/\/13.com.ar\/index.php\/los-astronautas-varados-hace-8-meses-hablaron-desde-el-espacio-hubo-problemas\/","title":{"rendered":"Los astronautas varados hace 8 meses hablaron desde el espacio: &#8220;Hubo problemas&#8221;"},"content":{"rendered":"<p> <br \/>\n<\/p>\n<div id=\"cuerpo\">\n<div class=\"sc-80531b6b-0 chRIGJ container-text text-embed\">\n<p><strong>Sunita Williams <\/strong>y <strong>Barry Wilmore <\/strong>est\u00e1n en el <strong>espacio <\/strong>hace m\u00e1s de <strong>ocho meses<\/strong>, y su caso se hizo a\u00fan m\u00e1s conocido cuando el presidente Donald Trump y el magnate Elon Musk mantuvieron un intercambio en redes sobre la urgencia de traer de vuelta a los <strong>astronautas varados<\/strong>.<\/p>\n<\/div>\n<div class=\"sc-80531b6b-0 chRIGJ container-text text-embed\">\n<p>Gracias a la tecnolog\u00eda, los propios protagonistas brindaron una entrevista desde la <strong>Estaci\u00f3n Espacial Internacional <\/strong>(EEI) a la cadena CNN. Tal como ocurri\u00f3 en ocasiones anteriores, el sorpresivo denominador com\u00fan fue <strong>el buen humor de ambos <\/strong>para afrontar su particular situaci\u00f3n.<\/p>\n<\/div>\n<div class=\"sc-80531b6b-0 chRIGJ container-text text-embed\">\n<p>Despu\u00e9s de que se barajaran varias fechas probables de regreso, y distintas t\u00e9cnicas para proceder, finalmente la NASA confirm\u00f3 que tiene prevista una misi\u00f3n de rescate que los traer\u00e1 de vuelta al planeta Tierra. El plan es enviar la <strong>Crew-10<\/strong> el pr\u00f3ximo <strong>12 de marzo <\/strong>desde Florida, y parece ser la opci\u00f3n definitiva. <\/p>\n<\/div>\n<div class=\"sc-198be8ec-0 cynXbu image-embed  image-embed \"><picture class=\"sc-198be8ec-1 kOjRiQ\"><source media=\"(min-width: 975px)\" width=\"720\" height=\"480\" \/><img alt=\"El momento en que los astronautas fueron recibidos por la tripulaci\u00f3n de la Estaci\u00f3n Internacional Internacional (Foto: NASA)\" loading=\"lazy\" width=\"720\" height=\"480\" decoding=\"async\" data-nimg=\"1\" style=\"color:transparent\" src=\"https:\/\/13.com.ar\/wp-content\/uploads\/2025\/02\/Los-astronautas-varados-hace-8-meses-hablaron-desde-el-espacio.jpg\"\/><span class=\"epigraphe\">El momento en que los astronautas fueron recibidos por la tripulaci\u00f3n de la Estaci\u00f3n Internacional Internacional (Foto: NASA)<\/span><span class=\"bkg\"\/><span class=\"picture-open\"><button class=\"open-image\" aria-label=\"Open Image\"\/><\/span><\/picture><\/div>\n<div class=\"sc-80531b6b-0 chRIGJ container-text text-embed\">\n<p>Unos d\u00edas despu\u00e9s de que se completen las tareas de traspaso, los astronautas <strong><em>Butch <\/em>Wilmore y <em>Suni <\/em>Williams<\/strong> regresar\u00edan a bordo de la Crew-9. &#8220;Creemos que para el <strong>19 de marzo <\/strong>volveremos a casa&#8221;, proyectaron con mucho optimismo.<\/p>\n<\/div>\n<p><h2>\u00bfQu\u00e9 dijeron los astronautas varados sobre su regreso?<\/h2>\n<\/p>\n<div class=\"sc-80531b6b-0 chRIGJ container-text text-embed\">\n<p>Luego de conocerse aquel comunicado, la CNN habl\u00f3 con los astronautas, y una vez m\u00e1s, se mostraron optimistas y fieles a su vocaci\u00f3n de servicio. &#8220;La narrativa desde el primer d\u00eda fue que estamos <strong>&#8216;varados, abandonados, atrapados&#8217;<\/strong>, y ambos lo entendemos, pero ese no es el objetivo de nuestro programa de vuelos espaciales tripulados&#8221;, dijo Wilmore.<\/p>\n<\/div>\n<div class=\"sc-80531b6b-0 chRIGJ container-text text-embed\">\n<p>Incluso bromearon sobre su nueva apariencia, que hab\u00eda despertado preocupaci\u00f3n por la p\u00e9rdida de peso que experimentaron. &#8220;Me gusta mi loco cabello sin gravedad&#8221;, coment\u00f3 Suni sobre la forma en que sus rulos flotan en el interior de la nave.<\/p>\n<\/div>\n<div class=\"sc-106e49c0-0 dcVumd freeHtml-embed undefined\">\n<blockquote class=\"twitter-tweet\">\n<p lang=\"en\" dir=\"ltr\">The <a rel=\"nofollow\" target=\"_blank\" href=\"https:\/\/twitter.com\/POTUS?ref_src=twsrc%5Etfw\">@POTUS<\/a> has asked <a rel=\"nofollow\" target=\"_blank\" href=\"https:\/\/twitter.com\/SpaceX?ref_src=twsrc%5Etfw\">@SpaceX<\/a> to bring home the 2 astronauts stranded on the <a rel=\"nofollow\" target=\"_blank\" href=\"https:\/\/twitter.com\/Space_Station?ref_src=twsrc%5Etfw\">@Space_Station<\/a> as soon as possible. We will do so.<\/p>\n<p>Terrible that the Biden administration left them there so long.<\/p>\n<p>\u2014 Elon Musk (@elonmusk) <a rel=\"nofollow\" target=\"_blank\" href=\"https:\/\/twitter.com\/elonmusk\/status\/1884365928038563880?ref_src=twsrc%5Etfw\">January 28, 2025<\/a><\/p><\/blockquote>\n<\/div>\n<div class=\"sc-80531b6b-0 chRIGJ container-text text-embed\">\n<p>&#8220;Nosotros no nos sentimos abandonados, atrapados, ni varados, preferimos cambiar la ret\u00f3rica por <strong>&#8216;preparados y comprometidos&#8217;<\/strong>&#8216;&#8221;, remarcaron. Suni, por su parte, aclar\u00f3 que siempre supieron que se trataba de un &#8220;<strong>vuelo de prueba&#8221;<\/strong> y estaban conscientes de todo lo que eso pod\u00eda conllevar.<\/p>\n<\/div>\n<div class=\"sc-80531b6b-0 chRIGJ container-text text-embed\">\n<p>&#8220;<strong>Elegimos no tener pensamientos tristes<\/strong> acerca del regreso a casa, porque realmente estamos preparados para todo tipo de contingencias en nuestra profesi\u00f3n&#8221;, agreg\u00f3. Durante su prolongada estad\u00eda siguieron cumpliendo con tareas propias de la misi\u00f3n, e incluso rompieron r\u00e9cords personales con sus <strong>caminatas espaciales<\/strong> y la <strong>recolecci\u00f3n de muestras <\/strong>que ser\u00e1n de gran utilidad en pr\u00f3ximas investigaciones.<\/p>\n<\/div>\n<p><h2>Los problemas t\u00e9cnicos que impidieron su regreso<\/h2>\n<\/p>\n<div class=\"sc-80531b6b-0 chRIGJ container-text text-embed\">\n<p>El 6 de junio de 2024 fue el d\u00eda del lanzamiento, y su regreso estaba previsto para dentro de ocho d\u00edas, pero hubo fallas t\u00e9cnicas que los obligaron a seguir el protocolo pensado para ese tipo de inconvenientes. \u201cSab\u00edamos que probablemente encontrar\u00edamos algunas cosas mal, que pod\u00eda haber problemas, y <strong>hubo problemas<\/strong>; as\u00ed que eso <strong>no fue una sorpresa<\/strong>\u201d, expres\u00f3.<\/p>\n<\/div>\n<div class=\"sc-80531b6b-0 chRIGJ container-text text-embed\">\n<p>Tuvieron complicaciones con el sistema de escape de la nave <strong>Starliner <\/strong>de <strong>Boeing<\/strong> que pon\u00edan en riesgo su seguridad, y tomaron la decisi\u00f3n de enviar de regreso la nave y confinarse en la <strong>Crew-9<\/strong> hasta nuevo aviso.<\/p>\n<\/div>\n<div class=\"sc-198be8ec-0 cynXbu image-embed  image-embed \"><picture class=\"sc-198be8ec-1 kOjRiQ\"><source media=\"(min-width: 975px)\" width=\"720\" height=\"480\" \/><img alt=\"Los astronautas tuvieron problemas t\u00e9cnicos con la nave Starliner de Boeing y se quedaron en el espacio hasta nuevo aviso (Foto: Boeing via AP).\" loading=\"lazy\" width=\"720\" height=\"480\" decoding=\"async\" data-nimg=\"1\" style=\"color:transparent\" src=\"https:\/\/13.com.ar\/wp-content\/uploads\/2025\/02\/1740237764_724_Los-astronautas-varados-hace-8-meses-hablaron-desde-el-espacio.jpg\"\/><span class=\"epigraphe\">Los astronautas tuvieron problemas t\u00e9cnicos con la nave Starliner de Boeing y se quedaron en el espacio hasta nuevo aviso (Foto: Boeing via AP).<\/span><span class=\"bkg\"\/><span class=\"picture-open\"><button class=\"open-image\" aria-label=\"Open Image\"\/><\/span><\/picture><\/div>\n<div class=\"sc-80531b6b-0 chRIGJ container-text text-embed\">\n<p>Originalmente iban a esperar hasta abril para enviar el rescate. Estaba previsto usar una nueva c\u00e1psula Dragon de <strong>SpaceX<\/strong> que requer\u00eda de un proceso m\u00e1s largo de preparaci\u00f3n, pero como los tiempos ya se extendieron mucho m\u00e1s de lo estimado, en su lugar viajar\u00e1n en la <strong>Dragon Endurance<\/strong>, ya usada en las misiones Crew-3, Crew-5 y Crew 7.<\/p>\n<\/div>\n<div class=\"sc-80531b6b-0 chRIGJ container-text text-embed\">\n<p>&#8220;Los vuelos espaciales tripulados est\u00e1n llenos de desaf\u00edos inesperados. Nuestra flexibilidad operativa est\u00e1 habilitada por la asociaci\u00f3n entre la NASA y SpaceX, y la agilidad que SpaceX contin\u00faa demostrando para satisfacer de manera segura las necesidades emergentes de la agencia&#8221;, se\u00f1al\u00f3 Steve Sticj, directivo del Programa de Tripulaci\u00f3n Comercial de la NASA.<\/p>\n<\/div>\n<div class=\"sc-80531b6b-0 chRIGJ container-text text-embed\">\n<p>La <strong>misi\u00f3n Crew-10<\/strong> despegar\u00e1 desde el Centro Espacial Kennedy, estar\u00e1 comandada por la astronauta Anne McClain, y su tripulaci\u00f3n se completa con la piloto Nichole Ayers, los especialistas Takuya Onishi, de la Agencia de Exploraci\u00f3n Aeroespacial de Jap\u00f3n (JAXA,) y el cosmonauta Kirill Peskov, de la agencia rusa Roscosmos.<\/p>\n<\/div>\n<\/div>\n<p><script async src=\"\/\/platform.twitter.com\/widgets.js\" charset=\"utf-8\"><\/script><br \/>\n<br \/><br \/>\n<br \/><a href=\"https:\/\/www.clarin.com\/internacional\/astronautas-varados-hace-8-meses-hablaron-espacio-problemas_0_uP6DGqlSGa.html\">Fuente Clarin.com <\/a><\/p>\n","protected":false},"excerpt":{"rendered":"<p>Sunita Williams y Barry Wilmore est\u00e1n en el espacio hace m\u00e1s de ocho meses, y su caso se hizo a\u00fan m\u00e1s conocido cuando el presidente Donald Trump y el magnate Elon Musk mantuvieron un intercambio en redes sobre la urgencia de traer de vuelta a los astronautas varados. Gracias a la tecnolog\u00eda, los propios protagonistas [&hellip;]<\/p>\n","protected":false},"author":1,"featured_media":7014,"comment_status":"open","ping_status":"open","sticky":false,"template":"","format":"standard","meta":{"footnotes":""},"categories":[2],"tags":[2546,2184,2572,8606,1192,1633,28,1075,4330,8605],"class_list":["post-7013","post","type-post","status-publish","format-standard","has-post-thumbnail","hentry","category-ultimas-noticias","tag-astronautas","tag-desde","tag-espacio","tag-hablaron","tag-hace","tag-hubo","tag-los","tag-meses","tag-problemas","tag-varados"],"_links":{"self":[{"href":"https:\/\/13.com.ar\/index.php\/wp-json\/wp\/v2\/posts\/7013","targetHints":{"allow":["GET"]}}],"collection":[{"href":"https:\/\/13.com.ar\/index.php\/wp-json\/wp\/v2\/posts"}],"about":[{"href":"https:\/\/13.com.ar\/index.php\/wp-json\/wp\/v2\/types\/post"}],"author":[{"embeddable":true,"href":"https:\/\/13.com.ar\/index.php\/wp-json\/wp\/v2\/users\/1"}],"replies":[{"embeddable":true,"href":"https:\/\/13.com.ar\/index.php\/wp-json\/wp\/v2\/comments?post=7013"}],"version-history":[{"count":0,"href":"https:\/\/13.com.ar\/index.php\/wp-json\/wp\/v2\/posts\/7013\/revisions"}],"wp:featuredmedia":[{"embeddable":true,"href":"https:\/\/13.com.ar\/index.php\/wp-json\/wp\/v2\/media\/7014"}],"wp:attachment":[{"href":"https:\/\/13.com.ar\/index.php\/wp-json\/wp\/v2\/media?parent=7013"}],"wp:term":[{"taxonomy":"category","embeddable":true,"href":"https:\/\/13.com.ar\/index.php\/wp-json\/wp\/v2\/categories?post=7013"},{"taxonomy":"post_tag","embeddable":true,"href":"https:\/\/13.com.ar\/index.php\/wp-json\/wp\/v2\/tags?post=7013"}],"curies":[{"name":"wp","href":"https:\/\/api.w.org\/{rel}","templated":true}]}}