{"id":7009,"date":"2025-02-22T12:00:34","date_gmt":"2025-02-22T15:00:34","guid":{"rendered":"https:\/\/13.com.ar\/index.php\/en-un-desafio-a-cristina-kirchner-y-con-apoyo-de-intendentes-y-sindicatos-axel-kicillof-lanza-una-linea-interna-dentro-del-peronismo\/"},"modified":"2025-02-22T12:00:34","modified_gmt":"2025-02-22T15:00:34","slug":"en-un-desafio-a-cristina-kirchner-y-con-apoyo-de-intendentes-y-sindicatos-axel-kicillof-lanza-una-linea-interna-dentro-del-peronismo","status":"publish","type":"post","link":"https:\/\/13.com.ar\/index.php\/en-un-desafio-a-cristina-kirchner-y-con-apoyo-de-intendentes-y-sindicatos-axel-kicillof-lanza-una-linea-interna-dentro-del-peronismo\/","title":{"rendered":"En un desaf\u00edo a Cristina Kirchner y con apoyo de intendentes y sindicatos, Axel Kicillof lanza una l\u00ednea interna dentro del peronismo"},"content":{"rendered":"<p> <br \/>\n<\/p>\n<div id=\"cuerpo\">\n<div class=\"sc-80531b6b-0 chRIGJ container-text text-embed\">\n<p>Con el apoyo de intendentes y sindicatos, dos d\u00edas antes del encuentro del Partido Justicialista al que convoc\u00f3<strong> Cristina Fern\u00e1ndez de Kirchner<\/strong>, el gobernador de Buenos Aires,<strong> Axel Kicillof lanz\u00f3 su agrupaci\u00f3n<\/strong> <strong>&#8220;Movimiento Derecho al Futuro&#8221;<\/strong>.<\/p>\n<\/div>\n<div class=\"sc-80531b6b-0 chRIGJ container-text text-embed\">\n<p>Mediante un comunicado con su foto y <strong>el acompa\u00f1amiento de 43 de jefes comunales<\/strong> del conurbano y dirigentes sindicales, el gobernador bonaerense se planta en la competencia interna del peronismo que conduce la expresidenta de cara a las elecciones de este a\u00f1o y en especial hacia 2027. <\/p>\n<\/div>\n<div class=\"sc-80531b6b-0 chRIGJ container-text text-embed\">\n<p>Entre los 43 intendentes que firman el documento no est\u00e1n los que militan en La C\u00e1mpora, ni el presidente del Partido Justicialista Bonaerense, M\u00e1ximo Kirchner. Tambi\u00e9n hay legisladores y gremialistas, pero ninguno de los cristinistas.<\/p>\n<\/div>\n<div class=\"sc-80531b6b-0 chRIGJ container-text text-embed\">\n<p>&#8220;Es momento de escuchar, de comprender las razones de nuestra derrota a nivel nacional, de recuperar la agenda de las mayor\u00edas, defendiendo los derechos de todos. Es hora de empezar a reinventar nuestro proyecto hist\u00f3rico, de un pueblo con igualdad, de un pueblo que pueda aspirar a ser feliz. Es momento de actualizar nuestras ideas con una perspectiva de futuro, <strong>sin temor al debate interno<\/strong>&#8220;, se\u00f1ala el texto.<\/p>\n<\/div>\n<div class=\"sc-80531b6b-0 chRIGJ container-text text-embed\">\n<p>&#8220;En este contexto, el gobierno de la Provincia de Buenos Aires, bajo la conducci\u00f3n de Axel Kicillof, se ha convertido en el escudo y la red que luchan por proteger los derechos de los bonaerenses ante un Estado desertor. Mientras el gobierno nacional abandona sus responsabilidades, la Provincia busca aliviar el da\u00f1o social que provoca la apuesta por el mercado desregulado como \u00fanica respuesta. Es en el gobierno de la Provincia donde se visualiza una alternativa y donde se enciende una esperanza concreta, real, que demuestra con hechos que hay otra forma de gobernar: con compromiso, con transparencia y con pol\u00edticas p\u00fablicas en favor del pueblo&#8221;, agrega en el comunicado.<\/p>\n<\/div>\n<div class=\"sc-80531b6b-0 chRIGJ container-text text-embed\">\n<p>El lanzamiento se da a horas de la reuni\u00f3n del PJ a la que llam\u00f3 Cristina Kirchner en la hist\u00f3rica sede de Matheu 130, en la Ciudad de Buenos Aires y mientras el gobernador avanza con su idea de por primera vez desdoblar la elecci\u00f3n para los cargos provinciales, ya que por la Boleta \u00fcnica de Papel habr\u00e1 al dos urnas distintas si la elecci\u00f3n es el mismo d\u00eda. <\/p>\n<\/div>\n<div class=\"sc-198be8ec-0 cynXbu image-embed  image-embed \"><picture class=\"sc-198be8ec-1 kOjRiQ\"><source media=\"(min-width: 975px)\" width=\"720\" height=\"480\" \/><img alt=\"Axel Kicillof, decidido a enfrentar a Cristina Kirchner dentro del PJ.\" loading=\"lazy\" width=\"720\" height=\"480\" decoding=\"async\" data-nimg=\"1\" style=\"color:transparent\" src=\"https:\/\/13.com.ar\/wp-content\/uploads\/2025\/02\/En-un-desafio-a-Cristina-Kirchner-y-con-apoyo-de.jpg\"\/><span class=\"epigraphe\">Axel Kicillof, decidido a enfrentar a Cristina Kirchner dentro del PJ.<\/span><span class=\"bkg\"\/><span class=\"picture-open\"><button class=\"open-image\" aria-label=\"Open Image\"\/><\/span><\/picture><\/div>\n<div class=\"sc-80531b6b-0 chRIGJ container-text text-embed\">\n<p>Justamente los intendentes que respaldan al gobernador promueven el desdoblamiento, algo que Cristina Kirchner no quiere.<\/p>\n<\/div>\n<div class=\"sc-80531b6b-0 chRIGJ container-text text-embed\">\n<p>Cerca de Kicillof, remarcan que no solo es un instrumento electoral. &#8220;El Movimiento Derecho al Futuro nace con la voluntad de constituirse en una alternativa real al rumbo libertario, trascendiendo la coyuntura y proyect\u00e1ndose como parte de un peronismo fuerte, con capacidad de gesti\u00f3n y vocaci\u00f3n de futuro. No se trata solo de un dispositivo electoral, sino de una herramienta para reconstruir la esperanza popular y ampliar la base de representaci\u00f3n, convocando a todas las tradiciones democr\u00e1ticas, populares y progresistas. Queremos luchar contra la resignaci\u00f3n y poner al pueblo en movimiento&#8221;, aseguran.<\/p>\n<\/div>\n<div class=\"sc-80531b6b-0 chRIGJ container-text text-embed\">\n<p>Y afirman: &#8220;Intendentes, legisladores, movimientos sociales, organizaciones gremiales, empresarios, estudiantes, representantes de la cultura y de la ciencia participan de este nuevo espacio entendiendo que adem\u00e1s de ser escudo y red ante la deserci\u00f3n del gobierno nacional debemos construir una alternativa de futuro para el pueblo bonaerense&#8221;.<\/p>\n<\/div>\n<p><h2>El texto completo del lanzamiento de su agrupaci\u00f3n<\/h2>\n<\/p>\n<div class=\"sc-80531b6b-0 chRIGJ container-text text-embed\">\n<p><em>El peronismo enfrenta un desaf\u00edo hist\u00f3rico: reconstruirse para liderar una alternativa al experimento de ajuste y crueldad que lleva adelante el Gobierno Nacional de Javier Milei.<\/em><\/p>\n<\/div>\n<div class=\"sc-80531b6b-0 chRIGJ container-text text-embed\">\n<p><em>Ante este modelo de especulaci\u00f3n financiera, concentraci\u00f3n de la riqueza y entrega a intereses extranjeros, la Argentina necesita volver a edificar una fuerza social y pol\u00edtica que defienda y represente al trabajo, la producci\u00f3n agropecuaria e industrial, a comerciantes, profesionales, estudiantes, artistas, cient\u00edficos, jubilados: que asegure el desarrollo econ\u00f3mico con justicia social. En este contexto el peronismo tiene la obligaci\u00f3n y el desaf\u00edo de ser el motor de esta construcci\u00f3n, recuperando su esencia de movimiento popular, amplio, nacional y federal.<\/em><\/p>\n<\/div>\n<div class=\"sc-80531b6b-0 chRIGJ container-text text-embed\">\n<p><em>Es momento de escuchar, de comprender las razones de nuestra derrota a nivel nacional, de recuperar la agenda de las mayor\u00edas, defendiendo los derechos de todos. Es hora de empezar a reinventar nuestro proyecto hist\u00f3rico, de un pueblo con igualdad, de un pueblo que pueda aspirar a ser feliz. Es momento de actualizar nuestras ideas con una perspectiva de futuro, sin temor al debate interno.<\/em><\/p>\n<\/div>\n<div class=\"sc-80531b6b-0 chRIGJ container-text text-embed\">\n<p><em>En este contexto, el gobierno de la Provincia de Buenos Aires, bajo la conducci\u00f3n de Axel Kicillof, se ha convertido en el escudo y la red que luchan por proteger los derechos de los bonaerenses ante un Estado desertor. Mientras el gobierno nacional abandona sus responsabilidades, la Provincia busca aliviar el da\u00f1o social que provoca la apuesta por el mercado desregulado como \u00fanica respuesta. Es en el gobierno de la Provincia donde se visualiza una alternativa y donde se enciende una esperanza concreta, real, que demuestra con hechos que hay otra forma de gobernar: con compromiso, con transparencia y con pol\u00edticas p\u00fablicas en favor del pueblo.<\/em><\/p>\n<\/div>\n<div class=\"sc-80531b6b-0 chRIGJ container-text text-embed\">\n<p><em>Convocamos a la construcci\u00f3n de una gran fuerza social y pol\u00edtica para el desarrollo y la justicia social, que represente a trabajadores, sectores productivos, la ciencia, la educaci\u00f3n y la cultura. Que defienda los intereses nacionales, promueva el desarrollo y se abra a la participaci\u00f3n de todos. Solo con un peronismo fuerte, amplio, unido y con sus ra\u00edces en el pueblo podremos forjar un pa\u00eds m\u00e1s justo, solidario y con oportunidades para todos.<\/em><\/p>\n<\/div>\n<div class=\"sc-198be8ec-0 cynXbu image-embed  image-embed \"><picture class=\"sc-198be8ec-1 kOjRiQ\"><source media=\"(min-width: 975px)\" width=\"720\" height=\"480\" \/><img alt=\"Cristina Fern\u00e1ndez de Kirchner convoc\u00f3 al Partido Justicialista (PJ) este lunes a las 19 en la sede d Matheu. Foto: Emmanuel Fern\u00e1ndez\" loading=\"lazy\" width=\"720\" height=\"480\" decoding=\"async\" data-nimg=\"1\" style=\"color:transparent\" src=\"https:\/\/13.com.ar\/wp-content\/uploads\/2025\/02\/1740236434_251_En-un-desafio-a-Cristina-Kirchner-y-con-apoyo-de.jpg\"\/><span class=\"epigraphe\">Cristina Fern\u00e1ndez de Kirchner convoc\u00f3 al Partido Justicialista (PJ) este lunes a las 19 en la sede d Matheu. Foto: Emmanuel Fern\u00e1ndez<\/span><span class=\"bkg\"\/><span class=\"picture-open\"><button class=\"open-image\" aria-label=\"Open Image\"\/><\/span><\/picture><\/div>\n<div class=\"sc-80531b6b-0 chRIGJ container-text text-embed\">\n<p><em>El pueblo y la patria necesitan de un peronismo que abrace al pueblo y enfoque sus energ\u00edas a reconstruir el sue\u00f1o colectivo de una patria justa, libre y soberana.<\/em><\/p>\n<\/div>\n<div class=\"sc-80531b6b-0 chRIGJ container-text text-embed\">\n<p><em>Hacia all\u00e1 nos dirigimos, derecho a un futuro mejor.<\/em><\/p>\n<\/div>\n<\/div>\n<p><br \/>\n<br \/><a href=\"https:\/\/www.clarin.com\/politica\/desafio-cristina-kirchner-apoyo-intendentes-sindicatos-axel-kicillof-lanza-linea-interna-dentro-peronismo_0_2VM1HzNiQ6.html\">Fuente Clarin.com <\/a><\/p>\n","protected":false},"excerpt":{"rendered":"<p>Con el apoyo de intendentes y sindicatos, dos d\u00edas antes del encuentro del Partido Justicialista al que convoc\u00f3 Cristina Fern\u00e1ndez de Kirchner, el gobernador de Buenos Aires, Axel Kicillof lanz\u00f3 su agrupaci\u00f3n &#8220;Movimiento Derecho al Futuro&#8221;. Mediante un comunicado con su foto y el acompa\u00f1amiento de 43 de jefes comunales del conurbano y dirigentes sindicales, [&hellip;]<\/p>\n","protected":false},"author":1,"featured_media":7010,"comment_status":"open","ping_status":"open","sticky":false,"template":"","format":"standard","meta":{"footnotes":""},"categories":[2],"tags":[2800,1687,18,497,100,107,559,485,3423,488,1381,31,425,1455,8601,73],"class_list":["post-7009","post","type-post","status-publish","format-standard","has-post-thumbnail","hentry","category-ultimas-noticias","tag-apoyo","tag-axel","tag-con","tag-cristina","tag-del","tag-dentro","tag-desafio","tag-intendentes","tag-interna","tag-kicillof","tag-kirchner","tag-lanza","tag-linea","tag-peronismo","tag-sindicatos","tag-una"],"_links":{"self":[{"href":"https:\/\/13.com.ar\/index.php\/wp-json\/wp\/v2\/posts\/7009","targetHints":{"allow":["GET"]}}],"collection":[{"href":"https:\/\/13.com.ar\/index.php\/wp-json\/wp\/v2\/posts"}],"about":[{"href":"https:\/\/13.com.ar\/index.php\/wp-json\/wp\/v2\/types\/post"}],"author":[{"embeddable":true,"href":"https:\/\/13.com.ar\/index.php\/wp-json\/wp\/v2\/users\/1"}],"replies":[{"embeddable":true,"href":"https:\/\/13.com.ar\/index.php\/wp-json\/wp\/v2\/comments?post=7009"}],"version-history":[{"count":0,"href":"https:\/\/13.com.ar\/index.php\/wp-json\/wp\/v2\/posts\/7009\/revisions"}],"wp:featuredmedia":[{"embeddable":true,"href":"https:\/\/13.com.ar\/index.php\/wp-json\/wp\/v2\/media\/7010"}],"wp:attachment":[{"href":"https:\/\/13.com.ar\/index.php\/wp-json\/wp\/v2\/media?parent=7009"}],"wp:term":[{"taxonomy":"category","embeddable":true,"href":"https:\/\/13.com.ar\/index.php\/wp-json\/wp\/v2\/categories?post=7009"},{"taxonomy":"post_tag","embeddable":true,"href":"https:\/\/13.com.ar\/index.php\/wp-json\/wp\/v2\/tags?post=7009"}],"curies":[{"name":"wp","href":"https:\/\/api.w.org\/{rel}","templated":true}]}}