{"id":7002,"date":"2025-02-22T11:16:42","date_gmt":"2025-02-22T14:16:42","guid":{"rendered":"https:\/\/13.com.ar\/index.php\/donald-trump-quiere-que-musk-sea-mas-agresivo-en-las-reformas\/"},"modified":"2025-02-22T11:16:42","modified_gmt":"2025-02-22T14:16:42","slug":"donald-trump-quiere-que-musk-sea-mas-agresivo-en-las-reformas","status":"publish","type":"post","link":"https:\/\/13.com.ar\/index.php\/donald-trump-quiere-que-musk-sea-mas-agresivo-en-las-reformas\/","title":{"rendered":"Donald Trump quiere que Musk sea &#8220;m\u00e1s agresivo&#8221; en las reformas"},"content":{"rendered":"<p> <br \/>\n<br \/><img decoding=\"async\" src=\"https:\/\/13.com.ar\/wp-content\/uploads\/2025\/02\/Donald-Trump-quiere-que-Musk-sea-mas-agresivo-en-las.jpg\" \/><\/p>\n<div>\n<p>El presidente de Estados Unidos, <strong>Donald Trump<\/strong>, dijo el s\u00e1bado que le gustar\u00eda que el multimillonario <strong>Elon Musk<\/strong>, quien integra su gobierno a cargo del Departamento de Eficiencia Gubernamental, fuera<strong> &#8220;m\u00e1s agresivo&#8221;<\/strong> en la implementaci\u00f3n de su agenda de reformas para recortar el gasto federal.<\/p>\n<\/div>\n<div>\n<p>&#8220;Elon est\u00e1 haciendo un gran trabajo, pero <strong>me gustar\u00eda verlo m\u00e1s agresivo<\/strong>&#8220;, escribi\u00f3 Trump en su plataforma Truth Social. &#8220;Recuerden, tenemos un pa\u00eds que salvar&#8221;, agreg\u00f3.<\/p>\n<\/div>\n<div>\n<p>El empresario fundador de Tesla y due\u00f1o de la red social X, fue un activo propulsor de la campa\u00f1a presidencial de Trump, que cuando lleg\u00f3 a la Casa Blanca para su segundo mandato lo nombr\u00f3 al frente del Departamento de Eficiencia Gubernamental (DOGE por sus iniciales en ingl\u00e9s), una dependencia creada especialmente para \u00e9l.<\/p>\n<\/div>\n<p><br \/>\n<br \/><a href=\"https:\/\/www.clarin.com\/mundo\/donald-trump-quiere-musk-agresivo-reformas_0_VnoExFZeTC.html\">Fuente Clarin.com <\/a><\/p>\n","protected":false},"excerpt":{"rendered":"<p>El presidente de Estados Unidos, Donald Trump, dijo el s\u00e1bado que le gustar\u00eda que el multimillonario Elon Musk, quien integra su gobierno a cargo del Departamento de Eficiencia Gubernamental, fuera &#8220;m\u00e1s agresivo&#8221; en la implementaci\u00f3n de su agenda de reformas para recortar el gasto federal. &#8220;Elon est\u00e1 haciendo un gran trabajo, pero me gustar\u00eda verlo [&hellip;]<\/p>\n","protected":false},"author":1,"featured_media":7003,"comment_status":"open","ping_status":"open","sticky":false,"template":"","format":"standard","meta":{"footnotes":""},"categories":[2],"tags":[8588,178,48,155,1916,1273,4576,5664,179],"class_list":["post-7002","post","type-post","status-publish","format-standard","has-post-thumbnail","hentry","category-ultimas-noticias","tag-agresivo","tag-donald","tag-las","tag-mas","tag-musk","tag-quiere","tag-reformas","tag-sea","tag-trump"],"_links":{"self":[{"href":"https:\/\/13.com.ar\/index.php\/wp-json\/wp\/v2\/posts\/7002","targetHints":{"allow":["GET"]}}],"collection":[{"href":"https:\/\/13.com.ar\/index.php\/wp-json\/wp\/v2\/posts"}],"about":[{"href":"https:\/\/13.com.ar\/index.php\/wp-json\/wp\/v2\/types\/post"}],"author":[{"embeddable":true,"href":"https:\/\/13.com.ar\/index.php\/wp-json\/wp\/v2\/users\/1"}],"replies":[{"embeddable":true,"href":"https:\/\/13.com.ar\/index.php\/wp-json\/wp\/v2\/comments?post=7002"}],"version-history":[{"count":0,"href":"https:\/\/13.com.ar\/index.php\/wp-json\/wp\/v2\/posts\/7002\/revisions"}],"wp:featuredmedia":[{"embeddable":true,"href":"https:\/\/13.com.ar\/index.php\/wp-json\/wp\/v2\/media\/7003"}],"wp:attachment":[{"href":"https:\/\/13.com.ar\/index.php\/wp-json\/wp\/v2\/media?parent=7002"}],"wp:term":[{"taxonomy":"category","embeddable":true,"href":"https:\/\/13.com.ar\/index.php\/wp-json\/wp\/v2\/categories?post=7002"},{"taxonomy":"post_tag","embeddable":true,"href":"https:\/\/13.com.ar\/index.php\/wp-json\/wp\/v2\/tags?post=7002"}],"curies":[{"name":"wp","href":"https:\/\/api.w.org\/{rel}","templated":true}]}}