{"id":6999,"date":"2025-02-22T10:46:27","date_gmt":"2025-02-22T13:46:27","guid":{"rendered":"https:\/\/13.com.ar\/index.php\/macron-ratifico-que-francia-sigue-buscando-bloquear-el-acuerdo-entre-la-ue-y-el-mercosur\/"},"modified":"2025-02-22T10:46:27","modified_gmt":"2025-02-22T13:46:27","slug":"macron-ratifico-que-francia-sigue-buscando-bloquear-el-acuerdo-entre-la-ue-y-el-mercosur","status":"publish","type":"post","link":"https:\/\/13.com.ar\/index.php\/macron-ratifico-que-francia-sigue-buscando-bloquear-el-acuerdo-entre-la-ue-y-el-mercosur\/","title":{"rendered":"Macron ratific\u00f3 que Francia sigue buscando bloquear el acuerdo entre la UE y el Mercosur"},"content":{"rendered":"<p> <br \/>\n<\/p>\n<div id=\"cuerpo\">\n<div class=\"sc-80531b6b-0 chRIGJ container-text text-embed\">\n<p>El presidente de Francia, <strong>Emmanuel Macron<\/strong>, afirm\u00f3 este s\u00e1bado en Par\u00eds que <strong>sigue buscando &#8220;una minor\u00eda de bloqueo&#8221;<\/strong> dentro de la Uni\u00f3n Europea <strong>contra el acuerdo comercial con el Mercosur<\/strong>, ratificando la hist\u00f3rica postura francesa en contra del pacto con el bloque sudamericano.<\/p>\n<\/div>\n<div class=\"sc-80531b6b-0 chRIGJ container-text text-embed\">\n<p>Francia encabeza el grupo de pa\u00edses europeos que se oponen al acuerdo, exigiendo que los agricultores del bloque sudamericano respeten las normas ambientales y sanitarias en vigor en la UE para evitar una eventual competencia desleal.<\/p>\n<\/div>\n<div class=\"sc-80531b6b-0 chRIGJ container-text text-embed\">\n<p>&#8220;<strong>Nuestros agricultores no pueden ser la variable de ajuste del poder adquisitivo<\/strong> (&#8230;) ni la variable de ajuste de los acuerdos agr\u00edcolas&#8221;, dijo el presidente franc\u00e9s antes de inaugurar el Sal\u00f3n anual de la agricultura en Par\u00eds.<\/p>\n<\/div>\n<div class=\"sc-80531b6b-0 chRIGJ container-text text-embed\">\n<p>&#8220;Por eso, <strong>tambi\u00e9n nos opusimos al Mercosur tal como fue firmado<\/strong>&#8220;, declar\u00f3 Macron, al referirse al tratado comercial.<\/p>\n<\/div>\n<div class=\"sc-80531b6b-0 chRIGJ container-text text-embed\">\n<p>El acuerdo para liberalizar el comercio entre la UE y cuatro de los pa\u00edses que integran el bloque sudamericano -Argentina, Brasil, Paraguay y Uruguay- fue firmado el 6 de diciembre de 2024, pero a\u00fan debe ser ratificado antes de su entrada en vigor.<\/p>\n<\/div>\n<div class=\"sc-198be8ec-0 cynXbu image-embed  image-embed \"><picture class=\"sc-198be8ec-1 kOjRiQ\"><source media=\"(min-width: 975px)\" width=\"720\" height=\"480\" \/><img alt=\"Macron reiter\u00f3 la oposici\u00f3n francesa al acuerdo. Foto: Alain Jocard\/Reuters.\" loading=\"lazy\" width=\"720\" height=\"480\" decoding=\"async\" data-nimg=\"1\" style=\"color:transparent\" src=\"https:\/\/13.com.ar\/wp-content\/uploads\/2025\/02\/Macron-ratifico-que-Francia-sigue-buscando-bloquear-el-acuerdo-entre.jpg\"\/><span class=\"epigraphe\">Macron reiter\u00f3 la oposici\u00f3n francesa al acuerdo. Foto: Alain Jocard\/Reuters.<\/span><span class=\"bkg\"\/><span class=\"picture-open\"><button class=\"open-image\" aria-label=\"Open Image\"\/><\/span><\/picture><\/div>\n<div class=\"sc-80531b6b-0 chRIGJ container-text text-embed\">\n<p>&#8220;Tal cual fue firmado es un mal texto. Y por eso <strong>haremos todo lo posible para que no siga su camino<\/strong>, para proteger la soberan\u00eda alimentaria francesa y europea&#8221;, insisti\u00f3 Macron.<\/p>\n<\/div>\n<div class=\"sc-80531b6b-0 chRIGJ container-text text-embed\">\n<p>&#13;<br \/>\n &#8220;No hay nada que diga que ma\u00f1ana los alimentos no se convertir\u00e1n en un arma, as\u00ed que nuestra responsabilidad es producir en nuestro propio suelo lo que necesitamos para alimentarnos y alimentar a nuestros hijos&#8221;, sostuvo.<\/p>\n<\/div>\n<div class=\"sc-80531b6b-0 chRIGJ container-text text-embed\">\n<p>Para ser ratificado, este acuerdo de libre comercio debe obtener la aprobaci\u00f3n de al menos 15 Estados miembros que representen el 65% de la poblaci\u00f3n de la UE, y luego conseguir la mayor\u00eda en el Parlamento Europeo.<\/p>\n<\/div>\n<div class=\"sc-80531b6b-0 chRIGJ container-text text-embed\">\n<p>El acuerdo al que llegaron en diciembre \u00faltimo los l\u00edderes del Mercosur y la presidenta de la Comisi\u00f3n Europea, la alemana \u00darsula Von der Leyen, es solo pol\u00edtico.<\/p>\n<\/div>\n<div class=\"sc-80531b6b-0 chRIGJ container-text text-embed\">\n<p>En los pa\u00edses del Mercosur se necesitar\u00eda una ratificaci\u00f3n parlamentaria, pero el proceso en Europa es mucho m\u00e1s complejo y est\u00e1 lleno de obst\u00e1culos.<\/p>\n<\/div>\n<div class=\"sc-80531b6b-0 chRIGJ container-text text-embed\">\n<p>La mayor\u00eda de los Estados miembros de la UE votar\u00edan a favor, y Francia buscar\u00eda una minor\u00eda suficiente para bloquearlo, pues el acuerdo se aprueba por mayor\u00eda calificada y las abstenciones cuentan como votos negativos.<\/p>\n<\/div>\n<div class=\"sc-80531b6b-0 chRIGJ container-text text-embed\">\n<p>Francia tiene por ahora el apoyo de B\u00e9lgica, Austria, Irlanda, Luxemburgo, Polonia, Pa\u00edses Bajos e Irlanda. No suman suficiente para bloquear la aprobaci\u00f3n (se necesita un 35% de los pa\u00edses y un 45% de la poblaci\u00f3n), pero Italia podr\u00eda sumarse al grupo. <\/p>\n<\/div>\n<\/div>\n<p><br \/>\n<br \/><a href=\"https:\/\/www.clarin.com\/mundo\/macron-ratifico-francia-sigue-buscando-bloquear-acuerdo-ue-mercosur_0_DbWbSmbUfc.html\">Fuente Clarin.com <\/a><\/p>\n","protected":false},"excerpt":{"rendered":"<p>El presidente de Francia, Emmanuel Macron, afirm\u00f3 este s\u00e1bado en Par\u00eds que sigue buscando &#8220;una minor\u00eda de bloqueo&#8221; dentro de la Uni\u00f3n Europea contra el acuerdo comercial con el Mercosur, ratificando la hist\u00f3rica postura francesa en contra del pacto con el bloque sudamericano. Francia encabeza el grupo de pa\u00edses europeos que se oponen al acuerdo, [&hellip;]<\/p>\n","protected":false},"author":1,"featured_media":7000,"comment_status":"open","ping_status":"open","sticky":false,"template":"","format":"standard","meta":{"footnotes":""},"categories":[2],"tags":[267,7350,6179,351,2281,12,8587,7699,837],"class_list":["post-6999","post","type-post","status-publish","format-standard","has-post-thumbnail","hentry","category-ultimas-noticias","tag-acuerdo","tag-bloquear","tag-buscando","tag-entre","tag-francia","tag-macron","tag-mercosur","tag-ratifico","tag-sigue"],"_links":{"self":[{"href":"https:\/\/13.com.ar\/index.php\/wp-json\/wp\/v2\/posts\/6999","targetHints":{"allow":["GET"]}}],"collection":[{"href":"https:\/\/13.com.ar\/index.php\/wp-json\/wp\/v2\/posts"}],"about":[{"href":"https:\/\/13.com.ar\/index.php\/wp-json\/wp\/v2\/types\/post"}],"author":[{"embeddable":true,"href":"https:\/\/13.com.ar\/index.php\/wp-json\/wp\/v2\/users\/1"}],"replies":[{"embeddable":true,"href":"https:\/\/13.com.ar\/index.php\/wp-json\/wp\/v2\/comments?post=6999"}],"version-history":[{"count":0,"href":"https:\/\/13.com.ar\/index.php\/wp-json\/wp\/v2\/posts\/6999\/revisions"}],"wp:featuredmedia":[{"embeddable":true,"href":"https:\/\/13.com.ar\/index.php\/wp-json\/wp\/v2\/media\/7000"}],"wp:attachment":[{"href":"https:\/\/13.com.ar\/index.php\/wp-json\/wp\/v2\/media?parent=6999"}],"wp:term":[{"taxonomy":"category","embeddable":true,"href":"https:\/\/13.com.ar\/index.php\/wp-json\/wp\/v2\/categories?post=6999"},{"taxonomy":"post_tag","embeddable":true,"href":"https:\/\/13.com.ar\/index.php\/wp-json\/wp\/v2\/tags?post=6999"}],"curies":[{"name":"wp","href":"https:\/\/api.w.org\/{rel}","templated":true}]}}