{"id":6993,"date":"2025-02-22T10:33:35","date_gmt":"2025-02-22T13:33:35","guid":{"rendered":"https:\/\/13.com.ar\/index.php\/un-senador-radical-revelo-la-explicacion-que-les-dio-vischi-sobre-el-cambio-de-su-voto-para-no-investigar-el-escandalo-cripto\/"},"modified":"2025-02-22T10:33:35","modified_gmt":"2025-02-22T13:33:35","slug":"un-senador-radical-revelo-la-explicacion-que-les-dio-vischi-sobre-el-cambio-de-su-voto-para-no-investigar-el-escandalo-cripto","status":"publish","type":"post","link":"https:\/\/13.com.ar\/index.php\/un-senador-radical-revelo-la-explicacion-que-les-dio-vischi-sobre-el-cambio-de-su-voto-para-no-investigar-el-escandalo-cripto\/","title":{"rendered":"Un senador radical revel\u00f3 la explicaci\u00f3n que les dio Vischi sobre el cambio de su voto para no investigar el esc\u00e1ndalo cripto"},"content":{"rendered":"<p> <br \/>\n<\/p>\n<div id=\"cuerpo\">\n<div class=\"sc-80531b6b-0 chRIGJ container-text text-embed\">\n<p>El cambio de postura del presidente del bloque radical en el <strong>Senado Eduardo &#8220;Peteco&#8221; Vischi<\/strong>, sobre la creaci\u00f3n de una comisi\u00f3n investigadora sobre el esc\u00e1ndalo cripto de <strong>Javier Milei<\/strong> explot\u00f3 dentro del la <strong>UCR <\/strong>y todav\u00eda aparecen esquirlas. Ahora un senador del radicalismo revel\u00f3 la explicaci\u00f3n que les dio sobre el cambio de postura.<\/p>\n<\/div>\n<div class=\"sc-80531b6b-0 chRIGJ container-text text-embed\">\n<p>La pol\u00e9mica se centr\u00f3 en Vischi porque fue uno de los senadores de la UCR que firm\u00f3 el proyecto que impuls\u00f3 el radical fueguino Pablo Blanco, para crear la comisi\u00f3n investigadora. Pero a la hora de votar, al haber sido presentado sobre tablas -fuera de la orden del d\u00eda- reglamento prev\u00e9 que sea con dos tercios del Senado, 48 votos. Y termin\u00f3 47 a favor y 23 en contra, con seis votos radicales que ahora son los apuntados.<\/p>\n<\/div>\n<div class=\"sc-80531b6b-0 chRIGJ container-text text-embed\">\n<p>&#8220;Hab\u00eda distintas posturas en el bloque. Comenz\u00f3 el debate dentro del bloque porque habr\u00eda un pedido del Gobierno con que no se avanzara en esta comisi\u00f3n para investigar. Si no hay nada malo porqu\u00e9 no avanzar, era el razonamiento y algunos pensamos que hab\u00eda que constituir esta comisi\u00f3n y ver qu\u00e9 es lo que pas\u00f3 con esto&#8221;, se\u00f1al\u00f3 Rodolfo Su\u00e1rez, senador nacional de la UCR por Mendoza.<\/p>\n<\/div>\n<div class=\"sc-80531b6b-0 chRIGJ container-text text-embed\">\n<p>&#8220;En el caso de los radicales, de los que votaron que no, no es que no quer\u00edan una comisi\u00f3n sino que el expediente se girara a la comisi\u00f3n&#8221;, excus\u00f3 a sus compa\u00f1eros. Sin mencionarlos se refiere a los seis de la pol\u00e9mica: V\u00edctor Zimmermann (Chaco); Mariana Juri (Mendoza); Eduardo Garletto (Santa Fe); Mercedes Valenzuela (Corrientes); Eduardo Vischi (Corrientes); y Stella Maris Olalla (Entre R\u00edos).<\/p>\n<\/div>\n<div class=\"sc-80531b6b-0 chRIGJ container-text text-embed\">\n<p>Consultado sobre el cambio de postura de Vischi, revel\u00f3: &#8220;Yo no sab\u00eda que hab\u00eda firmado el pedido en la comisi\u00f3n, hasta que sali\u00f3 en las redes. Habr\u00e1 alguna presi\u00f3n del gobierno de su provincia para que lo hiciera (el voto) de otra manera&#8221;.<\/p>\n<\/div>\n<div class=\"sc-198be8ec-0 cynXbu image-embed  image-embed \"><picture class=\"sc-198be8ec-1 kOjRiQ\"><source media=\"(min-width: 975px)\" width=\"720\" height=\"480\" \/><img alt=\"Rodolfo Su\u00e1rez, senador nacional y ex gobernador de Mendoza. Foto: Federico L\u00f3pez Claro\" loading=\"lazy\" width=\"720\" height=\"480\" decoding=\"async\" data-nimg=\"1\" style=\"color:transparent\" src=\"https:\/\/13.com.ar\/wp-content\/uploads\/2025\/02\/Un-senador-radical-revelo-la-explicacion-que-les-dio-Vischi.jpg\"\/><span class=\"epigraphe\">Rodolfo Su\u00e1rez, senador nacional y ex gobernador de Mendoza. Foto: Federico L\u00f3pez Claro<\/span><span class=\"bkg\"\/><span class=\"picture-open\"><button class=\"open-image\" aria-label=\"Open Image\"\/><\/span><\/picture><\/div>\n<div class=\"sc-80531b6b-0 chRIGJ container-text text-embed\">\n<p>&#8220;Es una cuesti\u00f3n que hay que pregunt\u00e1rsela a \u00e9l. Le preguntamos y en su momento dec\u00eda: <em>&#8216;Me llamaron de la gobernaci\u00f3n, que hab\u00edan llamado del Gobierno nacional, que pidieron por favor esto y bueno, yo creo que ahora es prudente no hacerlo, mand\u00e9moslo a comisi\u00f3n&#8217;<\/em>. Esa es la explicaci\u00f3n&#8221;, dijo Su\u00e1rez en di\u00e1logo con <em>MDZ Radio<\/em>.<\/p>\n<\/div>\n<div class=\"sc-80531b6b-0 chRIGJ container-text text-embed\">\n<p>Cuando al mendocino le preguntaron sobre la presi\u00f3n del gobierno a los gobernadores destac\u00f3 que &#8220;seguramente&#8221; la hubo, pero diferenci\u00f3 a su provincia. &#8220;Con (Alfredo) Cornejo no habl\u00e9, no me llam\u00f3 para votar de ninguna manera. Yo hice lo que cre\u00eda que ten\u00eda que hacer. Creo que estaba bien que haya una comisi\u00f3n para investigar qu\u00e9 pas\u00f3 con esto&#8221;, sostuvo Su\u00e1rez.<\/p>\n<\/div>\n<p><h2>Pedidos de expulsi\u00f3n y de un Tribunal de \u00c9trica en la UCR<\/h2>\n<\/p>\n<div class=\"sc-80531b6b-0 chRIGJ container-text text-embed\">\n<p>Un sector del radicalismo pide una investigaci\u00f3n de un Tribunal de \u00c9tica para Vischi y los otros cinco senadores que cambiaron de posici\u00f3n. &#8220;Queremos saber qu\u00e9 motiv\u00f3 este cambio de postura de los 6 senadores de la UCR&#8221;, expres\u00f3 en un comunicado el Foro Encuentro Reformista con un fuerte flyer que dice &#8220;Somos radicales indignados. Basta de Traiciones&#8221;.<\/p>\n<\/div>\n<div class=\"sc-80531b6b-0 chRIGJ container-text text-embed\">\n<p>&#8220;Hemos solicitado que se impulse una investigaci\u00f3n por parte del Tribunal de \u00c9tica del partido, ofreci\u00e9ndonos a colaborar y acompa\u00f1ar el proceso. Dicho tribunal, que fuera conformado en su momento y elegido por unanimidad, tiene la responsabilidad de velar por la conducta transparente de cada dirigente&#8221;, remarcan los radicales.<\/p>\n<\/div>\n<div class=\"sc-198be8ec-0 cynXbu image-embed  image-embed \"><picture class=\"sc-198be8ec-1 kOjRiQ\"><source media=\"(min-width: 975px)\" width=\"720\" height=\"480\" \/><img alt=\"&quot;Somos radicales indignados&quot;: un sector de la UCR pide una investigaci\u00f3n de un Tribunal de \u00c9tica para los senadores que cambiaron de postura.\" loading=\"lazy\" width=\"720\" height=\"480\" decoding=\"async\" data-nimg=\"1\" style=\"color:transparent\" src=\"https:\/\/13.com.ar\/wp-content\/uploads\/2025\/02\/1740231215_478_Un-senador-radical-revelo-la-explicacion-que-les-dio-Vischi.jpg\"\/><span class=\"epigraphe\">&#8220;Somos radicales indignados&#8221;: un sector de la UCR pide una investigaci\u00f3n de un Tribunal de \u00c9tica para los senadores que cambiaron de postura.<\/span><span class=\"bkg\"\/><span class=\"picture-open\"><button class=\"open-image\" aria-label=\"Open Image\"\/><\/span><\/picture><\/div>\n<div class=\"sc-80531b6b-0 chRIGJ container-text text-embed\">\n<p>A su vez, el ex presidente de la Juventud Radical, Agust\u00edn Rombol\u00e1, sali\u00f3 a pedir la expulsi\u00f3n del senador nacional por Corrientes, Eduardo &#8220;Peteco&#8221; Vischi, que firm\u00f3 el proyecto para crear una comisi\u00f3n investigadora por el esc\u00e1ndalo cripto y voto en contra.<\/p>\n<\/div>\n<div class=\"sc-80531b6b-0 chRIGJ container-text text-embed\">\n<p>&#8220;Mandamos a la Convenci\u00f3n de la UCR y a UCR Nacional el pedido de expulsi\u00f3n de Vischi, que firm\u00f3 la Investigaci\u00f3n a la estafa de Javier Milei y, 4 horas despu\u00e9s, se dio vuelta&#8221;, poste\u00f3 Rombol\u00e1.<\/p>\n<\/div>\n<div class=\"sc-80531b6b-0 chRIGJ container-text text-embed\">\n<p>&#8220;Ya echamos a los traidores a los jubilados. Vamos por la expulsi\u00f3n del encubridor&#8221;, lanz\u00f3.<\/p>\n<\/div>\n<\/div>\n<p><br \/>\n<br \/><a href=\"https:\/\/www.clarin.com\/politica\/senador-radical-revelo-explicacion-dio-vischi-cambio-voto-investigar-escandalo-cripto_0_hKzqCxtgBx.html\">Fuente Clarin.com <\/a><\/p>\n","protected":false},"excerpt":{"rendered":"<p>El cambio de postura del presidente del bloque radical en el Senado Eduardo &#8220;Peteco&#8221; Vischi, sobre la creaci\u00f3n de una comisi\u00f3n investigadora sobre el esc\u00e1ndalo cripto de Javier Milei explot\u00f3 dentro del la UCR y todav\u00eda aparecen esquirlas. Ahora un senador del radicalismo revel\u00f3 la explicaci\u00f3n que les dio sobre el cambio de postura. La [&hellip;]<\/p>\n","protected":false},"author":1,"featured_media":6994,"comment_status":"open","ping_status":"open","sticky":false,"template":"","format":"standard","meta":{"footnotes":""},"categories":[2],"tags":[809,7005,643,1711,3569,6245,2815,16,6737,241,8252,732,8586,4696],"class_list":["post-6993","post","type-post","status-publish","format-standard","has-post-thumbnail","hentry","category-ultimas-noticias","tag-cambio","tag-cripto","tag-dio","tag-escandalo","tag-explicacion","tag-investigar","tag-les","tag-para","tag-radical","tag-revelo","tag-senador","tag-sobre","tag-vischi","tag-voto"],"_links":{"self":[{"href":"https:\/\/13.com.ar\/index.php\/wp-json\/wp\/v2\/posts\/6993","targetHints":{"allow":["GET"]}}],"collection":[{"href":"https:\/\/13.com.ar\/index.php\/wp-json\/wp\/v2\/posts"}],"about":[{"href":"https:\/\/13.com.ar\/index.php\/wp-json\/wp\/v2\/types\/post"}],"author":[{"embeddable":true,"href":"https:\/\/13.com.ar\/index.php\/wp-json\/wp\/v2\/users\/1"}],"replies":[{"embeddable":true,"href":"https:\/\/13.com.ar\/index.php\/wp-json\/wp\/v2\/comments?post=6993"}],"version-history":[{"count":0,"href":"https:\/\/13.com.ar\/index.php\/wp-json\/wp\/v2\/posts\/6993\/revisions"}],"wp:featuredmedia":[{"embeddable":true,"href":"https:\/\/13.com.ar\/index.php\/wp-json\/wp\/v2\/media\/6994"}],"wp:attachment":[{"href":"https:\/\/13.com.ar\/index.php\/wp-json\/wp\/v2\/media?parent=6993"}],"wp:term":[{"taxonomy":"category","embeddable":true,"href":"https:\/\/13.com.ar\/index.php\/wp-json\/wp\/v2\/categories?post=6993"},{"taxonomy":"post_tag","embeddable":true,"href":"https:\/\/13.com.ar\/index.php\/wp-json\/wp\/v2\/tags?post=6993"}],"curies":[{"name":"wp","href":"https:\/\/api.w.org\/{rel}","templated":true}]}}