{"id":693,"date":"2025-01-30T14:18:33","date_gmt":"2025-01-30T17:18:33","guid":{"rendered":"https:\/\/13.com.ar\/index.php\/el-buzo-del-mono-el-mejor-equipo-de-la-historia-y-la-chance-en-el-club-de-su-amores\/"},"modified":"2025-01-30T14:18:33","modified_gmt":"2025-01-30T17:18:33","slug":"el-buzo-del-mono-el-mejor-equipo-de-la-historia-y-la-chance-en-el-club-de-su-amores","status":"publish","type":"post","link":"https:\/\/13.com.ar\/index.php\/el-buzo-del-mono-el-mejor-equipo-de-la-historia-y-la-chance-en-el-club-de-su-amores\/","title":{"rendered":"el buzo del Mono, el mejor equipo de la historia y la chance en el club de su amores"},"content":{"rendered":"<p> <br \/>\n<\/p>\n<div id=\"cuerpo\">\n<div class=\"sc-80531b6b-0 chRIGJ container-text text-embed\">\n<p>Despu\u00e9s de m\u00e1s de tres lustros de carrera profesional y de varios mercados de pases en los que su nombre hab\u00eda sido vinculado con el de su nuevo club, Agust\u00edn Marches\u00edn cumplir\u00e1 el sue\u00f1o de jugar en Boca. El arquero, que en marzo cumplir\u00e1 37 a\u00f1os, fue presentado este jueves en Boca Predio en una conferencia de prensa en la que estuvo acompa\u00f1ado por el presidente de la instituci\u00f3n, Juan Rom\u00e1n Riquelme.<\/p>\n<\/div>\n<div class=\"sc-80531b6b-0 chRIGJ container-text text-embed\">\n<p>&#8220;Llega en un gran momento, sobre todo despu\u00e9s de haber estado en Espa\u00f1a y superar una lesi\u00f3n muy importante, Gr\u00eamio me dio la posibilidad y estoy muy agradecido. Me siento con sed, con hambre de lograr objetivos, ganar cosas, m\u00e1s en un club como Boca donde lo m\u00e1s importante es ser campe\u00f3n&#8221;, fueron las primeras palabras como refuerzo del Xeneize.<\/p>\n<\/div>\n<div class=\"sc-80531b6b-0 chRIGJ container-text text-embed\">\n<p>Los 1,6 millones que Boca pag\u00f3 por su ficha permitir\u00e1n que el guardavalla, quien firm\u00f3 contrato con Boca por dos temporadas, vuelva al f\u00fatbol argentino despu\u00e9s de una d\u00e9cada, en la que se desempe\u00f1\u00f3 en M\u00e9xico, Portugal, Espa\u00f1a y Brasil.<\/p>\n<\/div>\n<div class=\"sc-80531b6b-0 chRIGJ container-text text-embed\">\n<p>El arquero record\u00f3 que siempre fue hincha del club y que, de chico, ten\u00eda el buzo de Carlos Fernando Navarro Montoya: &#8220;Yo recuerdo al equipo de (Carlos) Bianchi, que fue el mejor equipo de la historia de Boca y he ido bastante. Muchos me conocen de ir a la cancha, siempre me gust\u00f3 ir a La Bombonera, para cualquier jugador es un sue\u00f1o, sea hincha o no&#8221;. &#8220;Se me pone la piel de gallina&#8230; bueno, de pollo&#8221;, a\u00f1adi\u00f3 el arquero entre sonrisas.<\/p>\n<\/div>\n<div class=\"sc-80531b6b-0 chRIGJ container-text text-embed\">\n<p>Marches\u00edn, quien naci\u00f3 el 16 de marzo de 1988 en San Cayetano, dio sus primeros pasos como futbolista en Sportivo de su ciudad natal. En esa \u00e9poca, se desempe\u00f1aba como centrodelantero. Ya como arquero, pas\u00f3 a Hurac\u00e1n de Tres Arroyos (ambas ciudades est\u00e1n separadas por 60 kil\u00f3metros).<\/p>\n<\/div>\n<div class=\"sc-80531b6b-0 chRIGJ container-text text-embed\">\n<p>Sus buenos desempe\u00f1os en el conjunto tresarroyense le valieron, con solo 18 a\u00f1os, una convocatoria para el preseleccionado sub-20 que se estaba preparando para el Sudamericano que se iba a desarrollar en Paraguay y tambi\u00e9n el inter\u00e9s de Lan\u00fas, que lo incorpor\u00f3 en enero de 2007.<\/p>\n<\/div>\n<div class=\"sc-198be8ec-0 cynXbu image-embed  image-embed \"><picture class=\"sc-198be8ec-1 kOjRiQ\"><source media=\"(min-width: 975px)\" width=\"720\" height=\"480\" \/><img alt=\"Agust\u00edn Marches\u00edn fue campe\u00f3n de la Copa Sudamericana 2013 con Lan\u00fas. Foto: DYN. \" loading=\"lazy\" width=\"720\" height=\"480\" decoding=\"async\" data-nimg=\"1\" style=\"color:transparent\" src=\"https:\/\/13.com.ar\/wp-content\/uploads\/2025\/01\/el-buzo-del-Mono-el-mejor-equipo-de-la-historia.jpg\"\/><span class=\"epigraphe\">Agust\u00edn Marches\u00edn fue campe\u00f3n de la Copa Sudamericana 2013 con Lan\u00fas. Foto: DYN. <\/span><span class=\"bkg\"\/><span class=\"picture-open\"><button class=\"open-image\" aria-label=\"Open Image\"\/><\/span><\/picture><\/div>\n<div class=\"sc-80531b6b-0 chRIGJ container-text text-embed\">\n<p>Durante los primeros dos a\u00f1os en el <em>Grana <\/em>estuvo relegado por Carlos Bossio. Su debut se produjo el 1 de marzo de 2009, en un encuentro que el conjunto que dirig\u00eda Luis Zubeld\u00eda le gan\u00f3 2 a 0 como visitante a Gimnasia y Esgrima de Jujuy. R\u00e1pidamente se gan\u00f3 la titularidad y fue el due\u00f1o del arco hasta que en diciembre de 2014 fue vendido al Santos Laguna mexicano a cambio de ocho millones de d\u00f3lares. Se despidi\u00f3 de Lan\u00fas tras haber disputado 221 partidos y haber sido campe\u00f3n de la Copa Sudamericana en 2013.<\/p>\n<\/div>\n<div class=\"sc-80531b6b-0 chRIGJ container-text text-embed\">\n<p>En M\u00e9xico permaneci\u00f3 cuatro a\u00f1os y medio: dos en Santos Laguna y otros dos y medio en Am\u00e9rica. En ese per\u00edodo festej\u00f3 cinco t\u00edtulos. En agosto de 2019 pas\u00f3 al Porto, con el que disput\u00f3 93 partidos en tres a\u00f1os y obtuvo seis t\u00edtulos locales. Luego jug\u00f3 un a\u00f1o y medio en Celta de Vigo antes de pasar a Gremio de Porto Alegre, su \u00faltimo club.<\/p>\n<\/div>\n<div class=\"sc-198be8ec-0 cynXbu image-embed  image-embed \"><picture class=\"sc-198be8ec-1 kOjRiQ\"><source media=\"(min-width: 975px)\" width=\"720\" height=\"480\" \/><img alt=\"Agust\u00edn Marches\u00edn junto a Emiliano Mart\u00ednez en la antesala de un partido del seleccionado argentino ante Chile en Santiago del Estero. Foto: Agust\u00edn Marcarian \/ Reuters.\" loading=\"lazy\" width=\"720\" height=\"480\" decoding=\"async\" data-nimg=\"1\" style=\"color:transparent\" src=\"https:\/\/13.com.ar\/wp-content\/uploads\/2025\/01\/1738257513_684_el-buzo-del-Mono-el-mejor-equipo-de-la-historia.jpg\"\/><span class=\"epigraphe\">Agust\u00edn Marches\u00edn junto a Emiliano Mart\u00ednez en la antesala de un partido del seleccionado argentino ante Chile en Santiago del Estero. Foto: Agust\u00edn Marcarian \/ Reuters.<\/span><span class=\"bkg\"\/><span class=\"picture-open\"><button class=\"open-image\" aria-label=\"Open Image\"\/><\/span><\/picture><\/div>\n<div class=\"sc-80531b6b-0 chRIGJ container-text text-embed\">\n<p>Marches\u00edn tambi\u00e9n se dio el gusto de representar al seleccionado argentino en ocho oportunidades en los ciclos de Sergio Batista, Gerardo Martino, Jorge Sampaoli y Lionel Scaloni. Su debut fue el 16 de marzo de 2011, en una victoria 4 a 1 sobre Venezuela en el Estadio San Juan del Bicentenario. Y su \u00faltima actuaci\u00f3n fue el 8 de junio de 2021, en un empate 2 a 2 con Colombia en el estadio Metropolitano de Barranquilla por la octava jornada de las Eliminatorias para el Mundial de Qatar 2022 (reemplaz\u00f3 a Emiliano Mart\u00ednez, lesionado). Ese a\u00f1o, integr\u00f3 el plantel que gan\u00f3 la Copa Am\u00e9rica en Brasil, aunque no sum\u00f3 minutos en ese torneo.<\/p>\n<\/div>\n<div class=\"sc-80531b6b-0 chRIGJ container-text text-embed\">\n<p>&#8220;Enfrentar a Boca, para cualquier jugador, es muy lindo. (Me) Toca defender esta camiseta haciendo todo bien y respetando al club, al 100 por ciento, siendo jugador de Boca todo el d\u00eda. No alcanza solo lo que hac\u00e9s dos horas ac\u00e1, sino las 24 horas para el club&#8221;, dijo el arquero.<\/p>\n<\/div>\n<div class=\"sc-80531b6b-0 chRIGJ container-text text-embed\">\n<p>Boca recibir\u00e1 a Hurac\u00e1n el domingo 2 de febrero y probablemente Marches\u00edn haga su debut estelar en La Bombonera.<\/p>\n<\/div>\n<\/div>\n<p><br \/>\n<br \/><a href=\"https:\/\/www.clarin.com\/deportes\/agustin-marchesin-presentado-boca-buzo-mono-mejor-equipo-historia-chance-club-amores_0_y3FITIIeZh.html\">Fuente Clarin.com <\/a><\/p>\n","protected":false},"excerpt":{"rendered":"<p>Despu\u00e9s de m\u00e1s de tres lustros de carrera profesional y de varios mercados de pases en los que su nombre hab\u00eda sido vinculado con el de su nuevo club, Agust\u00edn Marches\u00edn cumplir\u00e1 el sue\u00f1o de jugar en Boca. El arquero, que en marzo cumplir\u00e1 37 a\u00f1os, fue presentado este jueves en Boca Predio en una [&hellip;]<\/p>\n","protected":false},"author":1,"featured_media":694,"comment_status":"open","ping_status":"open","sticky":false,"template":"","format":"standard","meta":{"footnotes":""},"categories":[2],"tags":[1783,1780,1704,221,100,1782,1329,727,1781],"class_list":["post-693","post","type-post","status-publish","format-standard","has-post-thumbnail","hentry","category-ultimas-noticias","tag-amores","tag-buzo","tag-chance","tag-club","tag-del","tag-equipo","tag-historia","tag-mejor","tag-mono"],"_links":{"self":[{"href":"https:\/\/13.com.ar\/index.php\/wp-json\/wp\/v2\/posts\/693","targetHints":{"allow":["GET"]}}],"collection":[{"href":"https:\/\/13.com.ar\/index.php\/wp-json\/wp\/v2\/posts"}],"about":[{"href":"https:\/\/13.com.ar\/index.php\/wp-json\/wp\/v2\/types\/post"}],"author":[{"embeddable":true,"href":"https:\/\/13.com.ar\/index.php\/wp-json\/wp\/v2\/users\/1"}],"replies":[{"embeddable":true,"href":"https:\/\/13.com.ar\/index.php\/wp-json\/wp\/v2\/comments?post=693"}],"version-history":[{"count":0,"href":"https:\/\/13.com.ar\/index.php\/wp-json\/wp\/v2\/posts\/693\/revisions"}],"wp:featuredmedia":[{"embeddable":true,"href":"https:\/\/13.com.ar\/index.php\/wp-json\/wp\/v2\/media\/694"}],"wp:attachment":[{"href":"https:\/\/13.com.ar\/index.php\/wp-json\/wp\/v2\/media?parent=693"}],"wp:term":[{"taxonomy":"category","embeddable":true,"href":"https:\/\/13.com.ar\/index.php\/wp-json\/wp\/v2\/categories?post=693"},{"taxonomy":"post_tag","embeddable":true,"href":"https:\/\/13.com.ar\/index.php\/wp-json\/wp\/v2\/tags?post=693"}],"curies":[{"name":"wp","href":"https:\/\/api.w.org\/{rel}","templated":true}]}}