{"id":689,"date":"2025-01-30T14:12:32","date_gmt":"2025-01-30T17:12:32","guid":{"rendered":"https:\/\/13.com.ar\/index.php\/donald-trump-promete-una-investigacion-exhaustiva-y-apunta-contra-joe-biden-y-barack-obama\/"},"modified":"2025-01-30T14:12:32","modified_gmt":"2025-01-30T17:12:32","slug":"donald-trump-promete-una-investigacion-exhaustiva-y-apunta-contra-joe-biden-y-barack-obama","status":"publish","type":"post","link":"https:\/\/13.com.ar\/index.php\/donald-trump-promete-una-investigacion-exhaustiva-y-apunta-contra-joe-biden-y-barack-obama\/","title":{"rendered":"Donald Trump promete una investigaci\u00f3n exhaustiva y apunta contra Joe Biden y Barack Obama"},"content":{"rendered":"<p> <br \/>\n<br \/><img decoding=\"async\" src=\"https:\/\/13.com.ar\/wp-content\/uploads\/2025\/01\/Donald-Trump-promete-una-investigacion-exhaustiva-y-apunta-contra-Joe.jpg\" \/><\/p>\n<div>\n<p>El presidente de Estados Unidos,<em> <\/em><strong>Donald Trump<\/strong>, confirm\u00f3 este jueves que &#8220;no hay sobrevivientes&#8221; de la tragedia a\u00e9rea que conmocion\u00f3 a Washington y a todo el pa\u00eds en la madrugada de este jueves. Y prometi\u00f3 una investigaci\u00f3n exhaustiva para saber qu\u00e9 ocurri\u00f3.<\/p>\n<\/div>\n<div>\n<p>&#8220;Es una tragedia que nunca deber\u00eda haber ocurrido&#8221;, dijo el mandatario en una conferencia de prensa en la Casa Blanca. Y asegur\u00f3 que el FBI ya trabaja para poder determinar con exactitud qu\u00e9 fue lo que ocasion\u00f3 el choque entre un avi\u00f3n comercial que llegaba desde Kansas a la capital de Estados Unidos y choc\u00f3 con un helic\u00f3ptero militar.<\/p>\n<\/div>\n<div>\n<p>El presidente denunci\u00f3 que el helic\u00f3ptero militar estaba en una posici\u00f3n &#8220;incre\u00edblemente mala&#8221;, y prometi\u00f3 investigar hasta el final para dilucidar lo ocurrido y qui\u00e9nes son los responsables.<\/p>\n<\/div>\n<div>\n<p>A la vez, <strong>acus\u00f3 a sus predecesores dem\u00f3cratas, Joe Biden y Barack Obama, de rebajar las normas de seguridad a\u00e9rea <\/strong>y los requisitos para contratar controladores a\u00e9reos. <\/p>\n<\/div>\n<div>\n<p>&#8220;La Administraci\u00f3n Federal de Aviaci\u00f3n (FAA) estuvo contratando trabajadores que padecen discapacidades intelectuales severas, problemas psiqui\u00e1tricos y otras condiciones mentales y f\u00edsicas bajo una iniciativa de contrataci\u00f3n de diversidad e inclusi\u00f3n&#8221;, dijo Trump.<\/p>\n<\/div>\n<div>\n<p>&#8220;Yo pongo la seguridad primero. Obama, Biden y los dem\u00f3cratas pusieron la pol\u00edtica en primer lugar&#8221;, dijo el presidente de Estados Unidos. &#8220;De hecho salieron con una directiva: &#8216;demasiado blanco&#8217;. Y nosotros queremos a la gente que es competente&#8221;, asegur\u00f3.<\/p>\n<\/div>\n<div>\n<p>Trump tambi\u00e9n anunci\u00f3 que nombrar\u00e1 de inmediato a Chris Rocheleau, un veterano con 22 a\u00f1os de experiencia en la FAA para el cargo de administrador del organismo, quien deber\u00e1 ser confirmado por el Senado, de mayor\u00eda republicana, antes de asumir el puesto.<\/p>\n<\/div>\n<div>\n<p>El avi\u00f3n, un Bombardier CRJ700 de American Eagle (filial regional de American Airlines) llevaba 60 pasajeros y 4 tripulantes cuando impact\u00f3 contra un helic\u00f3ptero en el que viajaban cuatro militares, al acercarse al aeropuerto Ronald Reagan, de Washington.<\/p>\n<\/div>\n<div>\n<p>&#8220;Ha sido una noche oscura y extenuante en la capital de nuestra naci\u00f3n y en nuestra historia, una tragedia de proporciones terribles. Como naci\u00f3n, lloramos por cada alma preciosa que nos ha sido arrebatada&#8221;, manifest\u00f3 Trump este jueves en una comparecencia en la sala de prensa de la Casa Blanca.<\/p>\n<\/div>\n<div>\n<p>Al entrar en la sala, repleta de periodistas, el mandatario pidi\u00f3 guardar un momento de silencio en honor a las v\u00edctimas y afirm\u00f3 que Estados Unidos atraviesa horas de &#8220;angustia&#8221;.<\/p>\n<\/div>\n<p><br \/>\n<br \/><a href=\"https:\/\/www.clarin.com\/mundo\/accidente-aereo-washington-donald-trump-promete-investigacion-exhaustiva_0_XgokAF51it.html\">Fuente Clarin.com <\/a><\/p>\n","protected":false},"excerpt":{"rendered":"<p>El presidente de Estados Unidos, Donald Trump, confirm\u00f3 este jueves que &#8220;no hay sobrevivientes&#8221; de la tragedia a\u00e9rea que conmocion\u00f3 a Washington y a todo el pa\u00eds en la madrugada de este jueves. Y prometi\u00f3 una investigaci\u00f3n exhaustiva para saber qu\u00e9 ocurri\u00f3. &#8220;Es una tragedia que nunca deber\u00eda haber ocurrido&#8221;, dijo el mandatario en una [&hellip;]<\/p>\n","protected":false},"author":1,"featured_media":690,"comment_status":"open","ping_status":"open","sticky":false,"template":"","format":"standard","meta":{"footnotes":""},"categories":[2],"tags":[1769,1772,1771,835,178,1768,1362,1770,1773,1432,179,73],"class_list":["post-689","post","type-post","status-publish","format-standard","has-post-thumbnail","hentry","category-ultimas-noticias","tag-apunta","tag-barack","tag-biden","tag-contra","tag-donald","tag-exhaustiva","tag-investigacion","tag-joe","tag-obama","tag-promete","tag-trump","tag-una"],"_links":{"self":[{"href":"https:\/\/13.com.ar\/index.php\/wp-json\/wp\/v2\/posts\/689","targetHints":{"allow":["GET"]}}],"collection":[{"href":"https:\/\/13.com.ar\/index.php\/wp-json\/wp\/v2\/posts"}],"about":[{"href":"https:\/\/13.com.ar\/index.php\/wp-json\/wp\/v2\/types\/post"}],"author":[{"embeddable":true,"href":"https:\/\/13.com.ar\/index.php\/wp-json\/wp\/v2\/users\/1"}],"replies":[{"embeddable":true,"href":"https:\/\/13.com.ar\/index.php\/wp-json\/wp\/v2\/comments?post=689"}],"version-history":[{"count":0,"href":"https:\/\/13.com.ar\/index.php\/wp-json\/wp\/v2\/posts\/689\/revisions"}],"wp:featuredmedia":[{"embeddable":true,"href":"https:\/\/13.com.ar\/index.php\/wp-json\/wp\/v2\/media\/690"}],"wp:attachment":[{"href":"https:\/\/13.com.ar\/index.php\/wp-json\/wp\/v2\/media?parent=689"}],"wp:term":[{"taxonomy":"category","embeddable":true,"href":"https:\/\/13.com.ar\/index.php\/wp-json\/wp\/v2\/categories?post=689"},{"taxonomy":"post_tag","embeddable":true,"href":"https:\/\/13.com.ar\/index.php\/wp-json\/wp\/v2\/tags?post=689"}],"curies":[{"name":"wp","href":"https:\/\/api.w.org\/{rel}","templated":true}]}}