{"id":6874,"date":"2025-02-21T18:50:44","date_gmt":"2025-02-21T21:50:44","guid":{"rendered":"https:\/\/13.com.ar\/index.php\/apoyo-mal-el-pie-y-se-le-dio-vuelta-la-rodilla\/"},"modified":"2025-02-21T18:50:44","modified_gmt":"2025-02-21T21:50:44","slug":"apoyo-mal-el-pie-y-se-le-dio-vuelta-la-rodilla","status":"publish","type":"post","link":"https:\/\/13.com.ar\/index.php\/apoyo-mal-el-pie-y-se-le-dio-vuelta-la-rodilla\/","title":{"rendered":"apoy\u00f3 mal el pie y se le dio vuelta la rodilla"},"content":{"rendered":"<p> <br \/>\n<br \/><img decoding=\"async\" src=\"https:\/\/13.com.ar\/wp-content\/uploads\/2025\/02\/apoyo-mal-el-pie-y-se-le-dio-vuelta-la.jpg\" \/><\/p>\n<div>\n<p>La tarde del Guillermo Laza, en el Bajo Flores, tuvo una temperatura agobiante. Pero eso no fue lo \u00fanico que estremeci\u00f3 los corazones en el duelo entre <strong>Deportivo Riestra y Talleres de C\u00f3rdoba<\/strong>: <strong>a los 3 minutos del segundo tiempo, el central local Eric Joel Tovo sufri\u00f3 una de esas lesiones escalofriantes<\/strong> que obligan a tomarse la cabeza con ambas manos.<\/p>\n<\/div>\n<div>\n<p>El zaguero central de 32 a\u00f1os oriundo de La Matanza, salt\u00f3 a cabecear un centro que cay\u00f3 en el \u00e1rea de Guido Herrera. Pero cuando apoy\u00f3 su pierna derecha, el bot\u00edn se clav\u00f3 en el \u00e1rido c\u00e9sped y se pudo ver c\u00f3mo la rodilla hizo un movimiento <em>anti natural<\/em>.<\/p>\n<\/div>\n<div>\n<p>Enseguida peg\u00f3 el grito por el dolor y con un claro gesto les dio la pauta a sus compa\u00f1eros para que pidieran la r\u00e1pida asistencia m\u00e9dica. Cuando lo atendieron, intentaron acomodarle la rodilla, mientras el futbolista sufr\u00eda por el dolor.<\/p>\n<\/div>\n<div>\n<p>Tovo, de largo recorrido en el ascenso en equipos como Almirante Brown, Midland y el propio Riestra (yuvo una experiencia en el Deportivo Cuenca de Ecuador) tendr\u00e1 una larga recuperaci\u00f3n por delante.<\/p>\n<\/div>\n<p><br \/>\n<br \/><a href=\"https:\/\/www.clarin.com\/deportes\/escalofriante-lesion-eric-tovo-zaguero-deportivo-riestra-apoyo-mal-pie-dio-vuelta-rodilla_0_55yh7zjRIO.html\">Fuente Clarin.com <\/a><\/p>\n","protected":false},"excerpt":{"rendered":"<p>La tarde del Guillermo Laza, en el Bajo Flores, tuvo una temperatura agobiante. Pero eso no fue lo \u00fanico que estremeci\u00f3 los corazones en el duelo entre Deportivo Riestra y Talleres de C\u00f3rdoba: a los 3 minutos del segundo tiempo, el central local Eric Joel Tovo sufri\u00f3 una de esas lesiones escalofriantes que obligan a [&hellip;]<\/p>\n","protected":false},"author":1,"featured_media":6875,"comment_status":"open","ping_status":"open","sticky":false,"template":"","format":"standard","meta":{"footnotes":""},"categories":[2],"tags":[2800,643,628,128,4459,219],"class_list":["post-6874","post","type-post","status-publish","format-standard","has-post-thumbnail","hentry","category-ultimas-noticias","tag-apoyo","tag-dio","tag-mal","tag-pie","tag-rodilla","tag-vuelta"],"_links":{"self":[{"href":"https:\/\/13.com.ar\/index.php\/wp-json\/wp\/v2\/posts\/6874","targetHints":{"allow":["GET"]}}],"collection":[{"href":"https:\/\/13.com.ar\/index.php\/wp-json\/wp\/v2\/posts"}],"about":[{"href":"https:\/\/13.com.ar\/index.php\/wp-json\/wp\/v2\/types\/post"}],"author":[{"embeddable":true,"href":"https:\/\/13.com.ar\/index.php\/wp-json\/wp\/v2\/users\/1"}],"replies":[{"embeddable":true,"href":"https:\/\/13.com.ar\/index.php\/wp-json\/wp\/v2\/comments?post=6874"}],"version-history":[{"count":0,"href":"https:\/\/13.com.ar\/index.php\/wp-json\/wp\/v2\/posts\/6874\/revisions"}],"wp:featuredmedia":[{"embeddable":true,"href":"https:\/\/13.com.ar\/index.php\/wp-json\/wp\/v2\/media\/6875"}],"wp:attachment":[{"href":"https:\/\/13.com.ar\/index.php\/wp-json\/wp\/v2\/media?parent=6874"}],"wp:term":[{"taxonomy":"category","embeddable":true,"href":"https:\/\/13.com.ar\/index.php\/wp-json\/wp\/v2\/categories?post=6874"},{"taxonomy":"post_tag","embeddable":true,"href":"https:\/\/13.com.ar\/index.php\/wp-json\/wp\/v2\/tags?post=6874"}],"curies":[{"name":"wp","href":"https:\/\/api.w.org\/{rel}","templated":true}]}}