{"id":687,"date":"2025-01-30T14:09:33","date_gmt":"2025-01-30T17:09:33","guid":{"rendered":"https:\/\/13.com.ar\/index.php\/tras-su-queja-mirtha-legrand-logro-su-objetivo-y-vuelve-con-su-clasico-programa-a-mar-del-plata\/"},"modified":"2025-01-30T14:09:33","modified_gmt":"2025-01-30T17:09:33","slug":"tras-su-queja-mirtha-legrand-logro-su-objetivo-y-vuelve-con-su-clasico-programa-a-mar-del-plata","status":"publish","type":"post","link":"https:\/\/13.com.ar\/index.php\/tras-su-queja-mirtha-legrand-logro-su-objetivo-y-vuelve-con-su-clasico-programa-a-mar-del-plata\/","title":{"rendered":"Tras su queja, Mirtha Legrand logr\u00f3 su objetivo y vuelve con su cl\u00e1sico programa a Mar del Plata"},"content":{"rendered":"<p> <br \/>\n<\/p>\n<div id=\"cuerpo\">\n<div class=\"sc-80531b6b-0 chRIGJ container-text text-embed\">\n<p>Tras las fuertes declaraciones de <strong>Mirtha Legrand<\/strong> (97) sobre la ausencia de las emisiones veraniegas de su cl\u00e1sico programa, que todos los a\u00f1os sal\u00eda en vivo desde Mar del Plata,<strong> se confirm\u00f3 que la diva volver\u00e1 a hacer su temporada en la ciudad balnearia.<\/strong><\/p>\n<\/div>\n<div class=\"sc-80531b6b-0 chRIGJ container-text text-embed\">\n<p>\u201cEsta es como mi casa. Adem\u00e1s,<strong> durante muchos a\u00f1os hice los almuerzos desde ac\u00e1, con much\u00edsimo \u00e9xito. Y no s\u00e9 por qu\u00e9 mierda no se hacen\u201d<\/strong>, hab\u00eda disparado La Chiqui el pasado 28 de enero en un evento realizado en el Hotel Costa Galana por los 30 a\u00f1os del alojamiento.<\/p>\n<\/div>\n<div class=\"sc-80531b6b-0 chRIGJ container-text text-embed\">\n<p>Las palabras de la diva resonaron en los o\u00eddos de los productores y este jueves se confirm\u00f3 que har\u00e1 una serie de emisiones y una de ellas, incluso, coincidir\u00e1 con la fecha de su cumplea\u00f1os.<\/p>\n<\/div>\n<div class=\"sc-80531b6b-0 chRIGJ container-text text-embed\">\n<p><strong>\u201cVuelven Mirtha Legrand y Juana Viale, temporada 2025\u201d<\/strong>, anunciaron desde Storylab, la productora de Nacho Viale, nieto de la diva, y Diego Palacio.<\/p>\n<\/div>\n<div class=\"sc-80531b6b-0 chRIGJ container-text text-embed\">\n<p>Y, a trav\u00e9s de un comunicado, detallaron que \u201cgracias a un enorme esfuerzo, en conjunto con Canal 13,<strong> se realizar\u00e1n los m\u00edticos programas emitidos desde la costa atl\u00e1ntica en enero de 2025 <\/strong>a modo de pre lanzamiento de la esperada temporada 2025\u201d.<\/p>\n<\/div>\n<div class=\"sc-198be8ec-0 cynXbu image-embed  image-embed \"><picture class=\"sc-198be8ec-1 kOjRiQ\"><source media=\"(min-width: 975px)\" width=\"720\" height=\"480\" \/><img alt=\"Mirtha Legrand, en el evento 30\u00b0 aniversario del Hotel Costa Galana de Mar del Plata.\" loading=\"lazy\" width=\"720\" height=\"480\" decoding=\"async\" data-nimg=\"1\" style=\"color:transparent\" src=\"https:\/\/13.com.ar\/wp-content\/uploads\/2025\/01\/Tras-su-queja-Mirtha-Legrand-logro-su-objetivo-y-vuelve.jpg\"\/><span class=\"epigraphe\">Mirtha Legrand, en el evento 30\u00b0 aniversario del Hotel Costa Galana de Mar del Plata.<\/span><span class=\"bkg\"\/><span class=\"picture-open\"><button class=\"open-image\" aria-label=\"Open Image\"\/><\/span><\/picture><\/div>\n<div class=\"sc-80531b6b-0 chRIGJ container-text text-embed\">\n<p>Tambi\u00e9n vuelve Juana Viale con su programa de los domingos. <\/p>\n<\/div>\n<div class=\"sc-80531b6b-0 chRIGJ container-text text-embed\">\n<p>Se realizar\u00e1n dos fines de semana de los programas de El Trece: el <strong>15, 16, 22 y 23 de febrero.<\/strong><\/p>\n<\/div>\n<div class=\"sc-80531b6b-0 chRIGJ container-text text-embed\">\n<p>En marzo se retomar\u00e1n los programas desde Buenos Aires, con una nueva escenograf\u00eda. Por la pantalla de El Trece.<\/p>\n<\/div>\n<p><h2>Las fuertes declaraciones de Mirtha Legrand por la ausencia de su programa<\/h2>\n<\/p>\n<div class=\"sc-80531b6b-0 chRIGJ container-text text-embed\">\n<p>Es de p\u00fablico conocimiento que<strong> Mirtha Legrand <\/strong>ama Mar del Plata y, cada vez que puede, se escapa a la ciudad balnearia para disfrutar de sus paisajes y su gente.<\/p>\n<\/div>\n<div class=\"sc-80531b6b-0 chRIGJ container-text text-embed\">\n<p>De hecho, durante much\u00edsimos a\u00f1os, cada verano, su programa hizo temporadas especiales desde la Costa Atl\u00e1ntica, donde entrevist\u00f3 a cientos de figuras en el set instalado en el hotel Costa Galana.<\/p>\n<\/div>\n<div class=\"sc-ad4aedf2-0 dPPgNJ border-video video-embed horizontal border-video video-embed horizontal\">\n<div class=\"sc-ad4aedf2-1 hnFuni videoText videoText\">\n<h2>Video<\/h2>\n<p>El duro exabrupto de Mirtha Legrand en Mar del Plata<\/p>\n<\/div>\n<\/div>\n<div class=\"sc-80531b6b-0 chRIGJ container-text text-embed\">\n<p>Sin embargo, en 2019, por varias razones, el ciclo no se emiti\u00f3 desde el famoso alojamiento. Luego, comenz\u00f3 la pandemia por el coronavirus y la diva se mantuvo alejada de la televisi\u00f3n para resguardarse ante los acontecimientos que azotaron al mundo y cuidar su salud.<\/p>\n<\/div>\n<div class=\"sc-80531b6b-0 chRIGJ container-text text-embed\">\n<p>Los veranos fueron pasando y lo cierto es que durante los \u00faltimos seis a\u00f1os La Chiqui no tuvo oportunidad de hacer sus emisiones desde La Feliz.<\/p>\n<\/div>\n<div class=\"sc-198be8ec-0 cynXbu image-embed  image-embed \"><picture class=\"sc-198be8ec-1 kOjRiQ\"><source media=\"(min-width: 975px)\" width=\"720\" height=\"480\" \/><img alt=\"Mirtha Legrand, en el evento 30\u00b0 aniversario del Hotel Costa Galana de Mar del Plata.\" loading=\"lazy\" width=\"720\" height=\"480\" decoding=\"async\" data-nimg=\"1\" style=\"color:transparent\" src=\"https:\/\/13.com.ar\/wp-content\/uploads\/2025\/01\/1738256973_226_Tras-su-queja-Mirtha-Legrand-logro-su-objetivo-y-vuelve.jpg\"\/><span class=\"epigraphe\">Mirtha Legrand, en el evento 30\u00b0 aniversario del Hotel Costa Galana de Mar del Plata.<\/span><span class=\"bkg\"\/><span class=\"picture-open\"><button class=\"open-image\" aria-label=\"Open Image\"\/><\/span><\/picture><\/div>\n<div class=\"sc-80531b6b-0 chRIGJ container-text text-embed\">\n<p>El pasado 28 de enero la conductora de los almuerzos asisti\u00f3 a un exclusivo evento que realiz\u00f3 el mencionado hotel por su aniversario n\u00famero 30, en un discurso expres\u00f3 el amor que siente por Mar del Plata y aprovech\u00f3 para quejarse por la falta de sus emisiones veraniegas.<\/p>\n<\/div>\n<div class=\"sc-80531b6b-0 chRIGJ container-text text-embed\">\n<p>Luciendo un lujoso conjunto de falda y camisa de encaje rojo, Mirtha fue el centro de atenci\u00f3n del evento, dada su historia con el lugar. Su llegada estuvo acompa\u00f1ada por la cl\u00e1sica canci\u00f3n tem\u00e1tica de su programa de televisi\u00f3n y, luego, se le cedi\u00f3 la palabra para que diera un discurso.<\/p>\n<\/div>\n<div class=\"sc-80531b6b-0 chRIGJ container-text text-embed\">\n<p>\u201c<strong>Esta es como mi casa. Estoy llena de amigos ac\u00e1. Adem\u00e1s, durante muchos a\u00f1os hice los almuerzos, los almuerzos de Mirtha Legrand,<\/strong> desde ac\u00e1, con much\u00edsimo \u00e9xito. Y no s\u00e9 por qu\u00e9 mierda no se hacen\u201d, dijo Legrand.<\/p>\n<\/div>\n<div class=\"sc-80531b6b-0 chRIGJ container-text text-embed\">\n<p>Y remarc\u00f3: \u201cMe encanta venir a esta ciudad. Desde que ten\u00eda tres a\u00f1os vengo a Mar del Plata, que en ese entonces era otra Mar del Plata. <strong>Siempre me ha parecido una ciudad bell\u00edsima. Estoy muy feliz de estar ac\u00e1<\/strong>\u201d.<\/p>\n<\/div>\n<div class=\"sc-80531b6b-0 chRIGJ container-text text-embed\">\n<p>\u201cAhora me tengo que ir porque voy a empezar los programas, pero aqu\u00ed la paso divino. No voy a la playa, pero disfruto mucho. Me divierto y hoy estoy entre ustedes, <strong>soy una m\u00e1s entre ustedes. Me siento totalmente marplatense. Nac\u00ed en Villa Ca\u00f1\u00e1s, pero soy marplatense<\/strong>\u201d, sentenci\u00f3.<\/p>\n<\/div>\n<\/div>\n<p><br \/>\n<br \/><a href=\"https:\/\/www.clarin.com\/fama\/queja-mirtha-legrand-logro-objetivo-vuelve-clasico-programa-mar-plata_0_d6GZX7bTOE.html\">Fuente Clarin.com <\/a><\/p>\n","protected":false},"excerpt":{"rendered":"<p>Tras las fuertes declaraciones de Mirtha Legrand (97) sobre la ausencia de las emisiones veraniegas de su cl\u00e1sico programa, que todos los a\u00f1os sal\u00eda en vivo desde Mar del Plata, se confirm\u00f3 que la diva volver\u00e1 a hacer su temporada en la ciudad balnearia. \u201cEsta es como mi casa. Adem\u00e1s, durante muchos a\u00f1os hice los [&hellip;]<\/p>\n","protected":false},"author":1,"featured_media":688,"comment_status":"open","ping_status":"open","sticky":false,"template":"","format":"standard","meta":{"footnotes":""},"categories":[2],"tags":[1766,18,100,1763,1764,537,1762,1765,255,1767,1761,312,46],"class_list":["post-687","post","type-post","status-publish","format-standard","has-post-thumbnail","hentry","category-ultimas-noticias","tag-clasico","tag-con","tag-del","tag-legrand","tag-logro","tag-mar","tag-mirtha","tag-objetivo","tag-plata","tag-programa","tag-queja","tag-tras","tag-vuelve"],"_links":{"self":[{"href":"https:\/\/13.com.ar\/index.php\/wp-json\/wp\/v2\/posts\/687","targetHints":{"allow":["GET"]}}],"collection":[{"href":"https:\/\/13.com.ar\/index.php\/wp-json\/wp\/v2\/posts"}],"about":[{"href":"https:\/\/13.com.ar\/index.php\/wp-json\/wp\/v2\/types\/post"}],"author":[{"embeddable":true,"href":"https:\/\/13.com.ar\/index.php\/wp-json\/wp\/v2\/users\/1"}],"replies":[{"embeddable":true,"href":"https:\/\/13.com.ar\/index.php\/wp-json\/wp\/v2\/comments?post=687"}],"version-history":[{"count":0,"href":"https:\/\/13.com.ar\/index.php\/wp-json\/wp\/v2\/posts\/687\/revisions"}],"wp:featuredmedia":[{"embeddable":true,"href":"https:\/\/13.com.ar\/index.php\/wp-json\/wp\/v2\/media\/688"}],"wp:attachment":[{"href":"https:\/\/13.com.ar\/index.php\/wp-json\/wp\/v2\/media?parent=687"}],"wp:term":[{"taxonomy":"category","embeddable":true,"href":"https:\/\/13.com.ar\/index.php\/wp-json\/wp\/v2\/categories?post=687"},{"taxonomy":"post_tag","embeddable":true,"href":"https:\/\/13.com.ar\/index.php\/wp-json\/wp\/v2\/tags?post=687"}],"curies":[{"name":"wp","href":"https:\/\/api.w.org\/{rel}","templated":true}]}}