{"id":6868,"date":"2025-02-21T18:26:51","date_gmt":"2025-02-21T21:26:51","guid":{"rendered":"https:\/\/13.com.ar\/index.php\/un-supuesto-gesto-nazi-del-ex-asesor-estrella-de-donald-trump-desata-una-crisis-en-la-cumbre-de-la-ultraderecha-en-estados-unidos\/"},"modified":"2025-02-21T18:26:51","modified_gmt":"2025-02-21T21:26:51","slug":"un-supuesto-gesto-nazi-del-ex-asesor-estrella-de-donald-trump-desata-una-crisis-en-la-cumbre-de-la-ultraderecha-en-estados-unidos","status":"publish","type":"post","link":"https:\/\/13.com.ar\/index.php\/un-supuesto-gesto-nazi-del-ex-asesor-estrella-de-donald-trump-desata-una-crisis-en-la-cumbre-de-la-ultraderecha-en-estados-unidos\/","title":{"rendered":"Un supuesto gesto nazi del ex asesor estrella de Donald Trump desata una crisis en la cumbre de la ultraderecha en Estados Unidos"},"content":{"rendered":"<p> <br \/>\n<\/p>\n<div id=\"cuerpo\">\n<div class=\"sc-80531b6b-0 chRIGJ container-text text-embed\">\n<p><strong>Jordan Bardella<\/strong>, mano derecha de la l\u00edder de la extrema derecha francesa<strong> Marine Le Pen<\/strong>, anul\u00f3 este viernes el discurso que ten\u00eda programado en la convenci\u00f3n ultra de Washington que celebra la llegada al poder de Donald Trump debido al<strong> gesto nazi <\/strong>que hizo un ex asesor del jefe de la Casa Blanca durante su intervenci\u00f3n.<\/p>\n<\/div>\n<div class=\"sc-80531b6b-0 chRIGJ container-text text-embed\">\n<p>En un comunicado, el presidente de la Agrupaci\u00f3n Nacional (RN, primer partido en n\u00famero de votos en las elecciones europeas y legislativas de 2024), explic\u00f3 que decidi\u00f3 &#8220;anular&#8221; su participaci\u00f3n en el encuentro, al enterarse de que Steve Bannon, quien fue uno de los asesores m\u00e1s cercanos a Trump en su primer mandato, &#8220;se permiti\u00f3, por provocaci\u00f3n, un gesto que hace referencia a la ideolog\u00eda nazi&#8221;.<\/p>\n<\/div>\n<div class=\"sc-80531b6b-0 chRIGJ container-text text-embed\">\n<p>Bardella precis\u00f3 que ese incidente sucedi\u00f3 cuando \u00e9l no se encontraba en la sala en la que iba a hablar dentro de la Conferencia de Acci\u00f3n Pol\u00edtica Conservadora (CPAC, en ingl\u00e9s), que se realiza desde el mi\u00e9rcoles en las afueras de Washington. Entre otros l\u00edderes mundiales, all\u00ed est\u00e1 tambi\u00e9n el presidente argentino, Javier Milei. <\/p>\n<\/div>\n<div class=\"sc-80531b6b-0 chRIGJ container-text text-embed\">\n<p>Bannon, sin embargo, sali\u00f3 enseguida a negar que haya hecho un gesto nazi, y arremeti\u00f3 furiosamente contra el pol\u00edtico franc\u00e9s. <\/p>\n<\/div>\n<div class=\"sc-80531b6b-0 chRIGJ container-text text-embed\">\n<p>Bardella es &#8220;un ni\u00f1o, no un hombre&#8221;, dispar\u00f3 Bannon, en un video publicado en el sitio web del semanario <em>Le Point<\/em>, en directa referencia a la decisi\u00f3n del presidente de  RN, que cancel\u00f3 su discurso en la cumbre conservadora.<\/p>\n<\/div>\n<div class=\"sc-80531b6b-0 chRIGJ container-text text-embed\">\n<p>&#8220;Si tiene tanto miedo y se hace pis como un ni\u00f1o, entonces no es digno y nunca dirigir\u00e1 Francia&#8221;, atac\u00f3 Bannon, que sostuvo que &#8220;solo los hombres o mujeres autoritarios pueden dirigir Francia&#8221;.<\/p>\n<\/div>\n<div class=\"sc-198be8ec-0 cynXbu image-embed  image-embed \"><picture class=\"sc-198be8ec-1 kOjRiQ\"><source media=\"(min-width: 975px)\" width=\"720\" height=\"480\" \/><img alt=\"La l\u00edder de la extrema derecha de Francia, Marine Le Pen, junto al titular de su partido Renovaci\u00f3n Nacional, Jordan Bardella. Foto: AP \" loading=\"lazy\" width=\"720\" height=\"480\" decoding=\"async\" data-nimg=\"1\" style=\"color:transparent\" src=\"https:\/\/13.com.ar\/wp-content\/uploads\/2025\/02\/Un-supuesto-gesto-nazi-del-ex-asesor-estrella-de-Donald.jpg\"\/><span class=\"epigraphe\">La l\u00edder de la extrema derecha de Francia, Marine Le Pen, junto al titular de su partido Renovaci\u00f3n Nacional, Jordan Bardella. Foto: AP <\/span><span class=\"bkg\"\/><span class=\"picture-open\"><button class=\"open-image\" aria-label=\"Open Image\"\/><\/span><\/picture><\/div>\n<div class=\"sc-80531b6b-0 chRIGJ container-text text-embed\">\n<p>El ex asesor del presidente estadounidense neg\u00f3 entonces que su gesto fuera una alusi\u00f3n nazi: fue &#8220;un saludo con la mano, como siempre hago&#8221;, argument\u00f3.<\/p>\n<\/div>\n<p><h2> Cita de la extrema derecha<\/h2>\n<\/p>\n<div class=\"sc-80531b6b-0 chRIGJ container-text text-embed\">\n<p>&#13;<br \/>\nAunque Bardella se hab\u00eda decidido finalmente a acudir a esta convenci\u00f3n en la que se re\u00fanen pol\u00edticos alineados con Trump, que en su mayor\u00eda esperan beneficiarse de su desembarco en la Casa Blanca, el RN ha querido mantener una cierta distancia. <\/p>\n<\/div>\n<div class=\"sc-80531b6b-0 chRIGJ container-text text-embed\">\n<p>Marine Le Pen, en el encuentro de partidos de extrema derecha europeos celebrado en Madrid hace quince d\u00edas, hab\u00eda dicho que el triunfo de Trump no deb\u00eda ser interpretado como &#8220;un llamado a un alineamiento&#8221;.<\/p>\n<\/div>\n<div class=\"sc-198be8ec-0 cynXbu image-embed  image-embed \"><picture class=\"sc-198be8ec-1 kOjRiQ\"><source media=\"(min-width: 975px)\" width=\"720\" height=\"480\" \/><img alt=\"Im\u00e1genes de Donald Trump en pantalla gigante, durante la Conferencia de Acci\u00f3n Pol\u00edtica Conservadora, en National Harbor, Maryland, este viernes. Foto: BLOOMBERG  \" loading=\"lazy\" width=\"720\" height=\"480\" decoding=\"async\" data-nimg=\"1\" style=\"color:transparent\" src=\"https:\/\/13.com.ar\/wp-content\/uploads\/2025\/02\/1740173211_84_Un-supuesto-gesto-nazi-del-ex-asesor-estrella-de-Donald.jpg\"\/><span class=\"epigraphe\">Im\u00e1genes de Donald Trump en pantalla gigante, durante la Conferencia de Acci\u00f3n Pol\u00edtica Conservadora, en National Harbor, Maryland, este viernes. Foto: BLOOMBERG  <\/span><span class=\"bkg\"\/><span class=\"picture-open\"><button class=\"open-image\" aria-label=\"Open Image\"\/><\/span><\/picture><\/div>\n<div class=\"sc-80531b6b-0 chRIGJ container-text text-embed\">\n<p>Adem\u00e1s, la jefa de la extrema derecha francesa ha pedido a sus diputados que moderen las muestras de entusiasmo hacia el nuevo presidente estadounidense. <\/p>\n<\/div>\n<div class=\"sc-80531b6b-0 chRIGJ container-text text-embed\">\n<p>No se sabe si Trump, sin duda alguna la estrella en las ediciones anteriores, participar\u00e1 este a\u00f1o de la conferencia, que termina este s\u00e1bado, pues el mandatario no est\u00e1 anunciado todav\u00eda en la agenda oficial del evento.<\/p>\n<\/div>\n<div class=\"sc-80531b6b-0 chRIGJ container-text text-embed\">\n<p>Qui\u00e9n s\u00ed est\u00e1 presente es su vicepresidente, <strong>JD Vance<\/strong>, quien inaugur\u00f3 el jueves la agenda de ponencias de la CPAC.<\/p>\n<\/div>\n<div class=\"sc-80531b6b-0 chRIGJ container-text text-embed\">\n<p>Adem\u00e1s de Vance, la convenci\u00f3n ir\u00e1 cargada de fieles escuderos de Trump, desde su &#8216;zar de la frontera&#8217;, Tom Homan, a Steve Bannon, considerado como arquitecto del movimiento ultraconservador que representa la CPAC a nivel internacional.<\/p>\n<\/div>\n<div class=\"sc-80531b6b-0 chRIGJ container-text text-embed\">\n<p>De hecho, la CPAC de este a\u00f1o ser\u00e1 <strong>una celebraci\u00f3n de la toma del poder en Estados Unidos por parte del &#8216;trumpismo&#8217;, <\/strong>pues ser\u00e1 la primera edici\u00f3n tras la victoria en las elecciones de noviembre y la jura del presidente hace un mes.<\/p>\n<\/div>\n<div class=\"sc-80531b6b-0 chRIGJ container-text text-embed\">\n<p>Tras el protagonismo que la CPAC dio en 2024 a Latinoam\u00e9rica, con la invitaci\u00f3n del presidente salvadore\u00f1o, Nayib Bukele, adem\u00e1s de Milei, lo que sirvi\u00f3 al &#8216;trumpismo&#8217; para aproximarse al electorado latino, la convenci\u00f3n gira este a\u00f1o hacia Europa, que enfrenta desunida y algo desorientada esta nueva era diplom\u00e1tica marcada por Trump.<\/p>\n<\/div>\n<\/div>\n<p><br \/>\n<br \/><a href=\"https:\/\/www.clarin.com\/mundo\/supuesto-gesto-nazi-ex-asesor-estrella-donald-trump-desata-crisis-cumbre-ultraderecha-estados-unidos_0_7GCbdABfvI.html\">Fuente Clarin.com <\/a><\/p>\n","protected":false},"excerpt":{"rendered":"<p>Jordan Bardella, mano derecha de la l\u00edder de la extrema derecha francesa Marine Le Pen, anul\u00f3 este viernes el discurso que ten\u00eda programado en la convenci\u00f3n ultra de Washington que celebra la llegada al poder de Donald Trump debido al gesto nazi que hizo un ex asesor del jefe de la Casa Blanca durante su [&hellip;]<\/p>\n","protected":false},"author":1,"featured_media":6869,"comment_status":"open","ping_status":"open","sticky":false,"template":"","format":"standard","meta":{"footnotes":""},"categories":[2],"tags":[6420,625,2819,100,206,178,1737,516,462,8500,7966,179,5142,73,1738],"class_list":["post-6868","post","type-post","status-publish","format-standard","has-post-thumbnail","hentry","category-ultimas-noticias","tag-asesor","tag-crisis","tag-cumbre","tag-del","tag-desata","tag-donald","tag-estados","tag-estrella","tag-gesto","tag-nazi","tag-supuesto","tag-trump","tag-ultraderecha","tag-una","tag-unidos"],"_links":{"self":[{"href":"https:\/\/13.com.ar\/index.php\/wp-json\/wp\/v2\/posts\/6868","targetHints":{"allow":["GET"]}}],"collection":[{"href":"https:\/\/13.com.ar\/index.php\/wp-json\/wp\/v2\/posts"}],"about":[{"href":"https:\/\/13.com.ar\/index.php\/wp-json\/wp\/v2\/types\/post"}],"author":[{"embeddable":true,"href":"https:\/\/13.com.ar\/index.php\/wp-json\/wp\/v2\/users\/1"}],"replies":[{"embeddable":true,"href":"https:\/\/13.com.ar\/index.php\/wp-json\/wp\/v2\/comments?post=6868"}],"version-history":[{"count":0,"href":"https:\/\/13.com.ar\/index.php\/wp-json\/wp\/v2\/posts\/6868\/revisions"}],"wp:featuredmedia":[{"embeddable":true,"href":"https:\/\/13.com.ar\/index.php\/wp-json\/wp\/v2\/media\/6869"}],"wp:attachment":[{"href":"https:\/\/13.com.ar\/index.php\/wp-json\/wp\/v2\/media?parent=6868"}],"wp:term":[{"taxonomy":"category","embeddable":true,"href":"https:\/\/13.com.ar\/index.php\/wp-json\/wp\/v2\/categories?post=6868"},{"taxonomy":"post_tag","embeddable":true,"href":"https:\/\/13.com.ar\/index.php\/wp-json\/wp\/v2\/tags?post=6868"}],"curies":[{"name":"wp","href":"https:\/\/api.w.org\/{rel}","templated":true}]}}