{"id":685,"date":"2025-01-30T13:51:29","date_gmt":"2025-01-30T16:51:29","guid":{"rendered":"https:\/\/13.com.ar\/index.php\/las-tiene-el-y-las-tienen-todos\/"},"modified":"2025-01-30T13:51:29","modified_gmt":"2025-01-30T16:51:29","slug":"las-tiene-el-y-las-tienen-todos","status":"publish","type":"post","link":"https:\/\/13.com.ar\/index.php\/las-tiene-el-y-las-tienen-todos\/","title":{"rendered":"Las tiene \u00e9l y las tienen todos"},"content":{"rendered":"<p> <br \/>\n<\/p>\n<div id=\"cuerpo\">\n<div class=\"sc-80531b6b-0 chRIGJ container-text text-embed\">\n<p>A pesar de que no se lo vea en funciones, <strong>Lionel Scaloni <\/strong>no descansa y planifica lo que viene para la <strong>Selecci\u00f3n Argentina<\/strong>, la vigente campeona del mundo y bicampeona de Am\u00e9rica. En el corto plazo, seguir peleando en las Eliminatorias Sudamericanas, donde es l\u00edder. Y a futuro, una <em>finalissima <\/em>pendiente contra Espa\u00f1a y la nueva aventura mundialista, en Norteam\u00e9rica 2026. \u00bfQu\u00e9 lugar ocupa <strong>Lionel Messi <\/strong>en esa agenda?<\/p>\n<\/div>\n<div class=\"sc-80531b6b-0 chRIGJ container-text text-embed\">\n<p>A 72 d\u00edas de su \u00faltimo partido con la Albiceleste, el triunfo frente a Per\u00fa en la Bombonera, el 19 de noviembre pasado, Scaloni reapareci\u00f3 en una entrevista que se emitir\u00e1 en las pr\u00f3ximas horas. All\u00ed habl\u00f3 del recambio que se viene en su equipo, de la salida definitiva de <strong>\u00c1ngel Di Mar\u00eda<\/strong> y de la pregunta repetida que en el tiempo reciente llega con respuestas m\u00e1s optimistas: el futuro de Leo.<\/p>\n<\/div>\n<div class=\"sc-80531b6b-0 chRIGJ container-text text-embed\">\n<p>&#8220;Si queremos pensar en el Mundial, hay que darles la oportunidad a chicos que a\u00fan no estuvieron\u201d, anticip\u00f3 Scaloni, que a mediados de marzo dar\u00e1 a conocer la primera convocatoria de 2025 para enfrentar a la Uruguay de Marcelo Bielsa, el jueves 20 en Montevideo, y recibir a un Brasil que llegar\u00e1 con sed de revancha, el martes 25 en el Monumental. La mirada del DT de Pujato est\u00e1 puesta en la Copa que se disputar\u00e1 en M\u00e9xico, Estados Unidos y Canad\u00e1, dentro de casi 500 d\u00edas.<\/p>\n<\/div>\n<div class=\"sc-80531b6b-0 chRIGJ container-text text-embed\">\n<p>&#8220;\u00bfEstamos hablando de un Mundial 2026 con Leo Messi?\u201d, le pregunt\u00f3 Christian Martin, periodista de DSports, en una entrevista realizada en la casa de Scaloni en Mallorca. &#8220;Lo primero que hay que decir es que tanto \u00e9l como sus compa\u00f1eros son conscientes de que queda un tiempo prudencial y las ganas de jugar el Mundial las tiene \u00e9l y las tienen todos&#8221;, respondi\u00f3 Lionel sobre Lionel, cauto pero optimista.<\/p>\n<\/div>\n<div class=\"sc-198be8ec-0 cynXbu image-embed  image-embed \"><picture class=\"sc-198be8ec-1 kOjRiQ\"><source media=\"(min-width: 975px)\" width=\"720\" height=\"480\" \/><img alt=\"Lionel Messi quiere seguir brillando en la Selecci\u00f3n. Foto: REUTERS \/ C\u00e9sar Olmedo.\" loading=\"lazy\" width=\"720\" height=\"480\" decoding=\"async\" data-nimg=\"1\" style=\"color:transparent\" src=\"https:\/\/13.com.ar\/wp-content\/uploads\/2025\/01\/Las-tiene-el-y-las-tienen-todos.jpg\"\/><span class=\"epigraphe\">Lionel Messi quiere seguir brillando en la Selecci\u00f3n. Foto: REUTERS \/ C\u00e9sar Olmedo.<\/span><span class=\"bkg\"\/><span class=\"picture-open\"><button class=\"open-image\" aria-label=\"Open Image\"\/><\/span><\/picture><\/div>\n<div class=\"sc-80531b6b-0 chRIGJ container-text text-embed\">\n<p>\u201cHay que ir\u2026 Hay tiempo, que pase el tiempo y ver c\u00f3mo uno va llegando. \u00c9l (por Messi) sabe muy bien todo lo que pensamos nosotros, y \u00e9l es el m\u00e1s inteligente de todos\u201d, explic\u00f3 el entrenador, aclarando que no est\u00e1 en condiciones de &#8220;asegurar&#8221; la que ser\u00eda la sexta participaci\u00f3n de Messi en Mundiales.<\/p>\n<\/div>\n<div class=\"sc-80531b6b-0 chRIGJ container-text text-embed\">\n<p>\u00bfEl cuerpo t\u00e9cnico de la Selecci\u00f3n le habla sobre el futuro a Messi? No. Lo dej\u00f3 claro Scaloni, fiel a su estilo, sin hacer distinciones entre los jugadores que le toca dirigir. \u201cNo, ni a \u00e9l ni a nadie, porque no somos nadie nosotros como para preguntar qu\u00e9 piensa hacer (un futbolista) de su futuro\u201d, respondi\u00f3.<\/p>\n<\/div>\n<div class=\"sc-80531b6b-0 chRIGJ container-text text-embed\">\n<p>Por otra parte, Scaloni parece tener claro que no hay vuelta atr\u00e1s en la decisi\u00f3n de \u00c1ngel Di Mar\u00eda al retirarse de la Selecci\u00f3n. \u201cCuando habl\u00e9 la \u00faltima vez con \u00e9l, lo ten\u00eda clar\u00edsimo. Y bueno, es una etapa, por lo que dijo, cerrada. Y fue cerrada de la mejor manera posible. Si hubiera escrito su pel\u00edcula, su libro, su historia futbol\u00edstica, yo no creo que lo hubiera escrito tan bien como termin\u00f3\u201d, expres\u00f3 el DT.<\/p>\n<\/div>\n<div class=\"sc-80531b6b-0 chRIGJ container-text text-embed\">\n<p>\u201cFue una decisi\u00f3n pensada y madurada. Creo que hoy en d\u00eda podemos decir que fue acertada, porque se retir\u00f3 ganando y siendo uno de los mejores futbolistas de la historia de Argentina\u201d, agreg\u00f3.<\/p>\n<\/div>\n<div class=\"sc-80531b6b-0 chRIGJ container-text text-embed\">\n<p>&#8220;Hay que terminar las Eliminatorias de la mejor manera\u201d, plante\u00f3 Scaloni, sabiendo que su ubicaci\u00f3n de privilegio en la tabla lo tiene al borde de la clasificaci\u00f3n matem\u00e1tica. <\/p>\n<\/div>\n<div class=\"sc-80531b6b-0 chRIGJ container-text text-embed\">\n<p>Y manifest\u00f3 su intenci\u00f3n de estar atento a la posibilidad de agregarle juventud a una base de futbolistas que le dio todo a la Selecci\u00f3n. En ese sentido dijo que es un momento \u201ctambi\u00e9n de pensar en darle oportunidad a chicos que todav\u00eda no han estado\u201d. Y ampli\u00f3: \u201cLo estamos pensando, lo estamos analizando, es verdad que la base est\u00e1, pero por qu\u00e9 no pensar en alg\u00fan chico que pueda aportarnos\u201d.<\/p>\n<\/div>\n<div class=\"sc-80531b6b-0 chRIGJ container-text text-embed\">\n<p>Con la clasificaci\u00f3n asegurada, el resto de los partidos de Eliminatorias y los amistosos que lleguen ser\u00e1n una buena prueba para aquellos que se ganen la chance de ponerse la camiseta de la Selecci\u00f3n.<\/p>\n<\/div>\n<div class=\"sc-198be8ec-0 cynXbu image-embed  image-embed \"><picture class=\"sc-198be8ec-1 kOjRiQ\"><source media=\"(min-width: 975px)\" width=\"720\" height=\"480\" \/><img alt=\"Lionel Scaloni, entrevistado por DSports en su casa de Mallorca.\" loading=\"lazy\" width=\"720\" height=\"480\" decoding=\"async\" data-nimg=\"1\" style=\"color:transparent\" src=\"https:\/\/13.com.ar\/wp-content\/uploads\/2025\/01\/1738255889_462_Las-tiene-el-y-las-tienen-todos.jpg\"\/><span class=\"epigraphe\">Lionel Scaloni, entrevistado por DSports en su casa de Mallorca.<\/span><span class=\"bkg\"\/><span class=\"picture-open\"><button class=\"open-image\" aria-label=\"Open Image\"\/><\/span><\/picture><\/div>\n<div class=\"sc-80531b6b-0 chRIGJ container-text text-embed\">\n<p>&#8220;Si esos chicos no tienen los partidos suficientes, tenemos que poder d\u00e1rselo, porque despu\u00e9s ya viene lo serio y hay que competir en un Mundial con chicos que creo que necesitamos que tengan puesta la camiseta y saber qu\u00e9 nivel pueden dar. As\u00ed que creemos que es el momento y ya veremos ante la convocatoria si lo hacemos\u201d, explic\u00f3 Scaloni.<\/p>\n<\/div>\n<div class=\"sc-80531b6b-0 chRIGJ container-text text-embed\">\n<p>La entrevista completa con Lionel Scaloni se ver\u00e1 este viernes 31 a las 12:30 horas por la se\u00f1al DSports.<\/p>\n<\/div>\n<\/div>\n<p><br \/>\n<br \/><a href=\"https:\/\/www.clarin.com\/deportes\/lionel-scaloni-optimista-ganas-lionel-messi-jugar-mundial-2026_0_IprS9OcEVe.html\">Fuente Clarin.com <\/a><\/p>\n","protected":false},"excerpt":{"rendered":"<p>A pesar de que no se lo vea en funciones, Lionel Scaloni no descansa y planifica lo que viene para la Selecci\u00f3n Argentina, la vigente campeona del mundo y bicampeona de Am\u00e9rica. En el corto plazo, seguir peleando en las Eliminatorias Sudamericanas, donde es l\u00edder. Y a futuro, una finalissima pendiente contra Espa\u00f1a y la [&hellip;]<\/p>\n","protected":false},"author":1,"featured_media":686,"comment_status":"open","ping_status":"open","sticky":false,"template":"","format":"standard","meta":{"footnotes":""},"categories":[2],"tags":[1760,48,1486,225,923],"class_list":["post-685","post","type-post","status-publish","format-standard","has-post-thumbnail","hentry","category-ultimas-noticias","tag-el","tag-las","tag-tiene","tag-tienen","tag-todos"],"_links":{"self":[{"href":"https:\/\/13.com.ar\/index.php\/wp-json\/wp\/v2\/posts\/685","targetHints":{"allow":["GET"]}}],"collection":[{"href":"https:\/\/13.com.ar\/index.php\/wp-json\/wp\/v2\/posts"}],"about":[{"href":"https:\/\/13.com.ar\/index.php\/wp-json\/wp\/v2\/types\/post"}],"author":[{"embeddable":true,"href":"https:\/\/13.com.ar\/index.php\/wp-json\/wp\/v2\/users\/1"}],"replies":[{"embeddable":true,"href":"https:\/\/13.com.ar\/index.php\/wp-json\/wp\/v2\/comments?post=685"}],"version-history":[{"count":0,"href":"https:\/\/13.com.ar\/index.php\/wp-json\/wp\/v2\/posts\/685\/revisions"}],"wp:featuredmedia":[{"embeddable":true,"href":"https:\/\/13.com.ar\/index.php\/wp-json\/wp\/v2\/media\/686"}],"wp:attachment":[{"href":"https:\/\/13.com.ar\/index.php\/wp-json\/wp\/v2\/media?parent=685"}],"wp:term":[{"taxonomy":"category","embeddable":true,"href":"https:\/\/13.com.ar\/index.php\/wp-json\/wp\/v2\/categories?post=685"},{"taxonomy":"post_tag","embeddable":true,"href":"https:\/\/13.com.ar\/index.php\/wp-json\/wp\/v2\/tags?post=685"}],"curies":[{"name":"wp","href":"https:\/\/api.w.org\/{rel}","templated":true}]}}