{"id":6807,"date":"2025-02-21T14:36:28","date_gmt":"2025-02-21T17:36:28","guid":{"rendered":"https:\/\/13.com.ar\/index.php\/el-papa-francisco-no-esta-fuera-de-peligro-afirman-los-medicos-que-lo-atienden-en-el-hospital\/"},"modified":"2025-02-21T14:36:28","modified_gmt":"2025-02-21T17:36:28","slug":"el-papa-francisco-no-esta-fuera-de-peligro-afirman-los-medicos-que-lo-atienden-en-el-hospital","status":"publish","type":"post","link":"https:\/\/13.com.ar\/index.php\/el-papa-francisco-no-esta-fuera-de-peligro-afirman-los-medicos-que-lo-atienden-en-el-hospital\/","title":{"rendered":"&#8220;El Papa Francisco no est\u00e1 fuera de peligro&#8221;, afirman los m\u00e9dicos que lo atienden en el hospital"},"content":{"rendered":"<p> <br \/>\n<br \/><img decoding=\"async\" src=\"https:\/\/13.com.ar\/wp-content\/uploads\/2025\/02\/El-Papa-Francisco-no-esta-fuera-de-peligro-afirman-los.jpg\" \/><\/p>\n<div>\n<p>El doctor Sergio Alfieri, del hospital Gemelli de Roma, donde est\u00e1 internado el <strong>Papa Francisco <\/strong>desde hace una semana, asegur\u00f3 este viernes que el pont\u00edfice &#8220;no est\u00e1 fuera de peligro&#8221; porque tiene una infecci\u00f3n polimicrobiol\u00f3gica a la que se sum\u00f3 una <strong>neumon\u00eda bilateral,<\/strong> camina poco y tiene 88 a\u00f1os.<\/p>\n<\/div>\n<div>\n<p>En una rueda de prensa sobre la salud del pont\u00edfice, los m\u00e9dicos que lo atienden aseguraron que actualmente<strong> &#8220;no corre peligro su vida&#8221;<\/strong> que &#8220;est\u00e1 mucho mejor de c\u00f3mo llego&#8221;, pero eso no quiere decir que &#8220;est\u00e9 fuera de peligro&#8221; y recalcaron que Francisco &#8220;sabe que su situaci\u00f3n es grave&#8221;.<\/p>\n<\/div>\n<div>\n<p>&#13;<br \/>\nAdelantaron que el papa seguir\u00e1 en el hospital al menos toda la semana que viene hasta que est\u00e9 curado de su neumon\u00eda bilateral y pueda continuar el tratamiento en su residencia en Santa Marta pero &#8220;se necesitar\u00e1 tiempo&#8221;. <\/p>\n<\/div>\n<div>\n<p>&#13;<br \/>\n Explicaron que Francisco sufre una bronquiectasia y una bronquitis asm\u00e1tica cr\u00f3nica y por tanto es un &#8220;paciente fr\u00e1gil&#8221; en este aspecto, pero que &#8220;no tiene otras patolog\u00edas&#8221; y que tiene &#8220;un coraz\u00f3n fuerte&#8221; y aseguraron que &#8220;est\u00e1 respondiendo bien al tratamiento&#8221;. <\/p>\n<\/div>\n<div>\n<p>&#13;<br \/>\nLos m\u00e9dicos pusieron el ejemplo que incluso hoy fue a rezar a la capilla del hospital y que sigue con su buen humor. <\/p>\n<\/div>\n<div>\n<p>&#13;<br \/>\n&#8220;No es una persona que se rinda&#8221;, a\u00f1adi\u00f3 Luigi Carbone, el m\u00e9dico de la Direcci\u00f3n de la Sanidad del Vaticano y que es el responsable de la salud del pont\u00edfice. <\/p>\n<\/div>\n<div>\n<p>Confirmaron que <strong>el Papa no necesita de respiraci\u00f3n asistida <\/strong>y que s\u00f3lo le administran un poco de ox\u00edgeno cuando es necesario.<\/p>\n<\/div>\n<div>\n<p>El pont\u00edfice, de 88 a\u00f1os, fue internado el viernes pasado en el hospital Gemelli de Roma por sus problemas respiratorios, que resultaron deberse a una bronquitis por infecci\u00f3n polimicrobiol\u00f3gica a la que se sum\u00f3 una neumon\u00eda bilateral.<\/p>\n<\/div>\n<div>\n<p>No obstante, las fuentes se\u00f1alaron que se trata de una neumon\u00eda localizada en determinados l\u00f3bulos o puntos del pulm\u00f3n.<\/p>\n<\/div>\n<div>\n<p> Desde su hospitalizaci\u00f3n, hace una semana, su cuadro cl\u00ednico ha sido calificado de &#8220;complejo&#8221; y ha requerido una terapia farmacol\u00f3gica adicional.<\/p>\n<\/div>\n<div>\n<p>Sin embargo, tras el bolet\u00edn del martes, que levant\u00f3 preocupaci\u00f3n sobre la situaci\u00f3n del pont\u00edfice al revelar que le hab\u00eda aparecido dicha neumon\u00eda bilateral, la \u00faltimas comunicaciones del Vaticano apuntan a una &#8220;ligera mejor\u00eda&#8221;. <\/p>\n<\/div>\n<p><br \/>\n<br \/><a href=\"https:\/\/www.clarin.com\/mundo\/papa-francisco-peligro-afirman-medicos-atienden-hospital_0_k3hqnXGjJD.html\">Fuente Clarin.com <\/a><\/p>\n","protected":false},"excerpt":{"rendered":"<p>El doctor Sergio Alfieri, del hospital Gemelli de Roma, donde est\u00e1 internado el Papa Francisco desde hace una semana, asegur\u00f3 este viernes que el pont\u00edfice &#8220;no est\u00e1 fuera de peligro&#8221; porque tiene una infecci\u00f3n polimicrobiol\u00f3gica a la que se sum\u00f3 una neumon\u00eda bilateral, camina poco y tiene 88 a\u00f1os. En una rueda de prensa sobre [&hellip;]<\/p>\n","protected":false},"author":1,"featured_media":6808,"comment_status":"open","ping_status":"open","sticky":false,"template":"","format":"standard","meta":{"footnotes":""},"categories":[2],"tags":[8462,8463,300,917,6093,154,28,4821,2919,3025],"class_list":["post-6807","post","type-post","status-publish","format-standard","has-post-thumbnail","hentry","category-ultimas-noticias","tag-afirman","tag-atienden","tag-esta","tag-francisco","tag-fuera","tag-hospital","tag-los","tag-medicos","tag-papa","tag-peligro"],"_links":{"self":[{"href":"https:\/\/13.com.ar\/index.php\/wp-json\/wp\/v2\/posts\/6807","targetHints":{"allow":["GET"]}}],"collection":[{"href":"https:\/\/13.com.ar\/index.php\/wp-json\/wp\/v2\/posts"}],"about":[{"href":"https:\/\/13.com.ar\/index.php\/wp-json\/wp\/v2\/types\/post"}],"author":[{"embeddable":true,"href":"https:\/\/13.com.ar\/index.php\/wp-json\/wp\/v2\/users\/1"}],"replies":[{"embeddable":true,"href":"https:\/\/13.com.ar\/index.php\/wp-json\/wp\/v2\/comments?post=6807"}],"version-history":[{"count":0,"href":"https:\/\/13.com.ar\/index.php\/wp-json\/wp\/v2\/posts\/6807\/revisions"}],"wp:featuredmedia":[{"embeddable":true,"href":"https:\/\/13.com.ar\/index.php\/wp-json\/wp\/v2\/media\/6808"}],"wp:attachment":[{"href":"https:\/\/13.com.ar\/index.php\/wp-json\/wp\/v2\/media?parent=6807"}],"wp:term":[{"taxonomy":"category","embeddable":true,"href":"https:\/\/13.com.ar\/index.php\/wp-json\/wp\/v2\/categories?post=6807"},{"taxonomy":"post_tag","embeddable":true,"href":"https:\/\/13.com.ar\/index.php\/wp-json\/wp\/v2\/tags?post=6807"}],"curies":[{"name":"wp","href":"https:\/\/api.w.org\/{rel}","templated":true}]}}