{"id":6805,"date":"2025-02-21T14:29:36","date_gmt":"2025-02-21T17:29:36","guid":{"rendered":"https:\/\/13.com.ar\/index.php\/en-lo-que-va-del-ano-hubo-un-enfrentamiento-por-dia\/"},"modified":"2025-02-21T14:29:36","modified_gmt":"2025-02-21T17:29:36","slug":"en-lo-que-va-del-ano-hubo-un-enfrentamiento-por-dia","status":"publish","type":"post","link":"https:\/\/13.com.ar\/index.php\/en-lo-que-va-del-ano-hubo-un-enfrentamiento-por-dia\/","title":{"rendered":"en lo que va del a\u00f1o hubo un enfrentamiento por d\u00eda"},"content":{"rendered":"<p> <br \/>\n<br \/><img decoding=\"async\" src=\"https:\/\/13.com.ar\/wp-content\/uploads\/2025\/02\/en-lo-que-va-del-ano-hubo-un-enfrentamiento-por.jpg\" \/><\/p>\n<div>\n<p>Un oficial de la polic\u00eda de la Ciudad termin\u00f3 <strong>herido por un disparo en el cuello y en el brazo<\/strong> despu\u00e9s de defenderse a los tiros de un intento de robo mientras estaba de franco. En un hecho que se repite, seg\u00fan datos difundidos por el Gobierno porte\u00f1o, desde que comenz\u00f3 el a\u00f1o ya son 53 los enfrentamientos de estas caracter\u00edsticas en el conurbano, <strong>lo que da un promedio de uno por d\u00eda<\/strong>. <\/p>\n<\/div>\n<div>\n<p>El polic\u00eda, que tiene 33 a\u00f1os y cumple funciones en la Comisar\u00eda 10B de<strong> Versalles,<\/strong> fue interceptado ayer mientras iba en su moto, una Honda GLH 150cc.<\/p>\n<\/div>\n<div>\n<p>En el cruce de las calles <strong>Don Bosco y Edison, en el l\u00edmite entre Mor\u00f3n y La Matanza<\/strong>, el oficial fue interceptado por dos personas que lo cruzaron para robarlo.<\/p>\n<\/div>\n<div>\n<p>Siempre de acuerdo a su versi\u00f3n de los hechos, el polic\u00eda porte\u00f1o que estaba de civil, sac\u00f3 su arma reglamentaria y <strong>dispar\u00f3 para evitar el robo.<\/strong> Eso desencaden\u00f3 un<strong> tiroteo <\/strong>en el que termin\u00f3 herido en el brazo izquierdo y con un <strong>roce en el cuello, tambi\u00e9n del mismo lado.<\/strong><\/p>\n<\/div>\n<div>\n<p>R\u00e1pidamente fue asistido por personal m\u00e9dico y derivado en helic\u00f3ptero al Hospital Favaloro, donde fue asistido. Una vez que confirmaron que estaba fuera de peligro fue derivado al Dupuytren de la Ciudad de Buenos Aires.<\/p>\n<\/div>\n<div>\n<p>En medio de la pol\u00e9mica por la seguridad en la Ciudad de Buenos Aires, por tres fugas de presos desde enero, fuentes del ministerio de Seguridad difundieron una serie de datos vinculados a <strong>enfrentamientos ocurridos con polic\u00edas de la Ciudad en el Gran Buenos Aires<\/strong>.<\/p>\n<\/div>\n<div>\n<p>De acuerdo a datos recolectados por la fuerza porte\u00f1a, en lo que va del a\u00f1o hubo<strong> 53 enfrentamientos de Polic\u00edas de la Ciudad en territorio bonaerense.<\/strong><\/p>\n<\/div>\n<div>\n<p>En enero -contabilizaron- hubo 32 hechos y<strong> en uno de ellos falleci\u00f3 el oficial Brian Coria<\/strong> de un balazo en la espalda cuando escapaba de un robo en Castelar, al oeste del GBA.<\/p>\n<\/div>\n<div>\n<p>Durante febrero, difundieron, hubo otros<strong> 21 hechos<\/strong> si se contabiliza el de este jueves en el l\u00edmite de Mor\u00f3n y Rafael Castillo, en La Matanza.<\/p>\n<\/div>\n<div>\n<p>En promedio se trata de <strong>un enfrentamiento por d\u00eda<\/strong>, tres veces m\u00e1s que el promedio de los ocurridos en 2023 y el doble que en 2024.<\/p>\n<\/div>\n<div>\n<p>De acuerdo a lo difundido por el Ministerio de Seguridad de la Ciudad, son 14 los Polic\u00edas de la Ciudad que fallecieron en este tipo de hechos, casi todos en la Provincia de Buenos Aires.<\/p>\n<\/div>\n<p><br \/>\n<br \/><a href=\"https:\/\/www.clarin.com\/policiales\/balearon-policia-ciudad-gran-buenos-aires-va-ano-enfrentamiento-dia_0_43XYxtnhMI.html\">Fuente Clarin.com <\/a><\/p>\n","protected":false},"excerpt":{"rendered":"<p>Un oficial de la polic\u00eda de la Ciudad termin\u00f3 herido por un disparo en el cuello y en el brazo despu\u00e9s de defenderse a los tiros de un intento de robo mientras estaba de franco. En un hecho que se repite, seg\u00fan datos difundidos por el Gobierno porte\u00f1o, desde que comenz\u00f3 el a\u00f1o ya son [&hellip;]<\/p>\n","protected":false},"author":1,"featured_media":6806,"comment_status":"open","ping_status":"open","sticky":false,"template":"","format":"standard","meta":{"footnotes":""},"categories":[2],"tags":[530,100,1154,4377,1633,142],"class_list":["post-6805","post","type-post","status-publish","format-standard","has-post-thumbnail","hentry","category-ultimas-noticias","tag-ano","tag-del","tag-dia","tag-enfrentamiento","tag-hubo","tag-por"],"_links":{"self":[{"href":"https:\/\/13.com.ar\/index.php\/wp-json\/wp\/v2\/posts\/6805","targetHints":{"allow":["GET"]}}],"collection":[{"href":"https:\/\/13.com.ar\/index.php\/wp-json\/wp\/v2\/posts"}],"about":[{"href":"https:\/\/13.com.ar\/index.php\/wp-json\/wp\/v2\/types\/post"}],"author":[{"embeddable":true,"href":"https:\/\/13.com.ar\/index.php\/wp-json\/wp\/v2\/users\/1"}],"replies":[{"embeddable":true,"href":"https:\/\/13.com.ar\/index.php\/wp-json\/wp\/v2\/comments?post=6805"}],"version-history":[{"count":0,"href":"https:\/\/13.com.ar\/index.php\/wp-json\/wp\/v2\/posts\/6805\/revisions"}],"wp:featuredmedia":[{"embeddable":true,"href":"https:\/\/13.com.ar\/index.php\/wp-json\/wp\/v2\/media\/6806"}],"wp:attachment":[{"href":"https:\/\/13.com.ar\/index.php\/wp-json\/wp\/v2\/media?parent=6805"}],"wp:term":[{"taxonomy":"category","embeddable":true,"href":"https:\/\/13.com.ar\/index.php\/wp-json\/wp\/v2\/categories?post=6805"},{"taxonomy":"post_tag","embeddable":true,"href":"https:\/\/13.com.ar\/index.php\/wp-json\/wp\/v2\/tags?post=6805"}],"curies":[{"name":"wp","href":"https:\/\/api.w.org\/{rel}","templated":true}]}}