{"id":6803,"date":"2025-02-21T14:26:33","date_gmt":"2025-02-21T17:26:33","guid":{"rendered":"https:\/\/13.com.ar\/index.php\/un-imbecil-malnacido-cabeza-de-pulpo\/"},"modified":"2025-02-21T14:26:33","modified_gmt":"2025-02-21T17:26:33","slug":"un-imbecil-malnacido-cabeza-de-pulpo","status":"publish","type":"post","link":"https:\/\/13.com.ar\/index.php\/un-imbecil-malnacido-cabeza-de-pulpo\/","title":{"rendered":"Un imb\u00e9cil, malnacido, cabeza de pulpo"},"content":{"rendered":"<p> <br \/>\n<br \/><img decoding=\"async\" src=\"https:\/\/13.com.ar\/wp-content\/uploads\/2025\/02\/Un-imbecil-malnacido-cabeza-de-pulpo.jpg\" \/><\/p>\n<div>\n<p>En su segundo d\u00eda en Estados Unidos, <strong>Javier Milei <\/strong>se present\u00f3 en el Banco Interamericano de Desarrollo. El comienzo de su discurso sufri\u00f3 algunas interrupciones que llamaron la atenci\u00f3n y que provocaron un ataque de furia en el Presidente.<\/p>\n<\/div>\n<div>\n<p>El mandatario decidi\u00f3 transmitir la conferencia en un vivo de su cuenta personal de Instagram. Lo hizo a trav\u00e9s de su celular. Uno de sus asesores filmaba hacia el escenario desde el auditorio, cuando el tel\u00e9fono no para de sonar. Lo llamaban una y otra vez.<\/p>\n<\/div>\n<div>\n<p>&#8220;Es un imb\u00e9cil mal nacido, que sabe que est\u00e1 interrumpiendo la charla. Simp\u00e1ticos que est\u00e1n tratando de interrumpir y molestar la conferencia&#8221;, acus\u00f3 el libertario, mientras daba su discurso titulado &#8220;El modelo econ\u00f3mico argentino&#8221;.<\/p>\n<\/div>\n<div>\n<p>Y record\u00f3 ir\u00f3nicamente: &#8220;En un debate ten\u00eda tosedores. En Argentina se puede esperar cualquier cosa&#8221;. <\/p>\n<\/div>\n<div>\n<p>Mientras se quejaba, el tel\u00e9fono segu\u00eda sonando sin parar. &#8220;Ah\u00ed sigue el cabeza de pulpo. No va a parar porque no quieren q se transmita esto&#8221;, reclam\u00f3.<\/p>\n<\/div>\n<div>\n<p>Finalmente, en medio de la incomodidad, lograron silenciarlo y el Presidente pudo seguir hablando ante los presentes sin interferencias.<\/p>\n<\/div>\n<p><br \/>\n<br \/><a href=\"https:\/\/www.clarin.com\/economia\/ataque-furia-milei-blooper-discurso-bid-imbecil-malnacido-cabeza-pulpo_0_H4amIqQ2Zp.html\">Fuente Clarin.com <\/a><\/p>\n","protected":false},"excerpt":{"rendered":"<p>En su segundo d\u00eda en Estados Unidos, Javier Milei se present\u00f3 en el Banco Interamericano de Desarrollo. El comienzo de su discurso sufri\u00f3 algunas interrupciones que llamaron la atenci\u00f3n y que provocaron un ataque de furia en el Presidente. El mandatario decidi\u00f3 transmitir la conferencia en un vivo de su cuenta personal de Instagram. Lo [&hellip;]<\/p>\n","protected":false},"author":1,"featured_media":6804,"comment_status":"open","ping_status":"open","sticky":false,"template":"","format":"standard","meta":{"footnotes":""},"categories":[2],"tags":[5433,8459,8460,8461],"class_list":["post-6803","post","type-post","status-publish","format-standard","has-post-thumbnail","hentry","category-ultimas-noticias","tag-cabeza","tag-imbecil","tag-malnacido","tag-pulpo"],"_links":{"self":[{"href":"https:\/\/13.com.ar\/index.php\/wp-json\/wp\/v2\/posts\/6803","targetHints":{"allow":["GET"]}}],"collection":[{"href":"https:\/\/13.com.ar\/index.php\/wp-json\/wp\/v2\/posts"}],"about":[{"href":"https:\/\/13.com.ar\/index.php\/wp-json\/wp\/v2\/types\/post"}],"author":[{"embeddable":true,"href":"https:\/\/13.com.ar\/index.php\/wp-json\/wp\/v2\/users\/1"}],"replies":[{"embeddable":true,"href":"https:\/\/13.com.ar\/index.php\/wp-json\/wp\/v2\/comments?post=6803"}],"version-history":[{"count":0,"href":"https:\/\/13.com.ar\/index.php\/wp-json\/wp\/v2\/posts\/6803\/revisions"}],"wp:featuredmedia":[{"embeddable":true,"href":"https:\/\/13.com.ar\/index.php\/wp-json\/wp\/v2\/media\/6804"}],"wp:attachment":[{"href":"https:\/\/13.com.ar\/index.php\/wp-json\/wp\/v2\/media?parent=6803"}],"wp:term":[{"taxonomy":"category","embeddable":true,"href":"https:\/\/13.com.ar\/index.php\/wp-json\/wp\/v2\/categories?post=6803"},{"taxonomy":"post_tag","embeddable":true,"href":"https:\/\/13.com.ar\/index.php\/wp-json\/wp\/v2\/tags?post=6803"}],"curies":[{"name":"wp","href":"https:\/\/api.w.org\/{rel}","templated":true}]}}