{"id":6799,"date":"2025-02-21T14:17:45","date_gmt":"2025-02-21T17:17:45","guid":{"rendered":"https:\/\/13.com.ar\/index.php\/uno-de-los-equipos-mas-famosos-del-mundo-permitira-que-sus-jugadores-usen-barba-49-anos-despues-de-haberlo-prohibido\/"},"modified":"2025-02-21T14:17:45","modified_gmt":"2025-02-21T17:17:45","slug":"uno-de-los-equipos-mas-famosos-del-mundo-permitira-que-sus-jugadores-usen-barba-49-anos-despues-de-haberlo-prohibido","status":"publish","type":"post","link":"https:\/\/13.com.ar\/index.php\/uno-de-los-equipos-mas-famosos-del-mundo-permitira-que-sus-jugadores-usen-barba-49-anos-despues-de-haberlo-prohibido\/","title":{"rendered":"uno de los equipos m\u00e1s famosos del mundo permitir\u00e1 que sus jugadores usen barba 49 a\u00f1os despu\u00e9s de haberlo prohibido"},"content":{"rendered":"<p> <br \/>\n<br \/><img decoding=\"async\" src=\"https:\/\/13.com.ar\/wp-content\/uploads\/2025\/02\/uno-de-los-equipos-mas-famosos-del-mundo-permitira-que.jpg\" \/><\/p>\n<div>\n<p>Los <strong>Yankees<\/strong> de <strong>Nueva York <\/strong>levantaron su prohibici\u00f3n sobre las barbas el viernes, 49 a\u00f1os despu\u00e9s de que fuera impuesta por el propietario <strong>George Steinbrenner<\/strong>.<\/p>\n<\/div>\n<div>\n<p>El actual due\u00f1o <strong>Hal Steinbrenner<\/strong>, hijo de <em>The Boss<\/em>, anunci\u00f3 el cambio el viernes antes del primer partido de los campos de entrenamiento de primavera del equipo.<\/p>\n<\/div>\n<div>\n<p>\u201cEn las \u00faltimas semanas he hablado con un gran n\u00famero de exjugadores y jugadores actuales de los Yankees (que abarcan varias \u00e9pocas) para conocer sus perspectivas sobre nuestra <strong>pol\u00edtica de vello facial y cuidado personal<\/strong> que tiene muchos a\u00f1os\u201d, dijo Hal Steinbrenner en un comunicado.<\/p>\n<\/div>\n<div>\n<p>\u201cEstas conversaciones m\u00e1s recientes son una extensi\u00f3n de <strong>un di\u00e1logo interno continuo <\/strong>que se remonta a varios a\u00f1os\u201d, agreg\u00f3. <\/p>\n<\/div>\n<div>\n<p>\u201cEn \u00faltima instancia, la decisi\u00f3n final recae en m\u00ed, y despu\u00e9s de una gran consideraci\u00f3n, vamos a modificar nuestras expectativas para permitir que nuestros jugadores y el personal uniformado tengan barbas bien cuidadas en el futuro. Es el momento apropiado para ir m\u00e1s all\u00e1 de la comodidad familiar de nuestra pol\u00edtica anterior\u201d.<\/p>\n<\/div>\n<div>\n<p>Tan recientemente como el lunes, los Yankees hab\u00edan dejado recordatorios en la silla del clubhouse de cada jugador para que llegaran afeitados al d\u00eda siguiente para el d\u00eda de fotos. El cerrador <strong>Devin Williams<\/strong>, adquirido en un intercambio durante la temporada baja de Milwaukee, ten\u00eda vello en su barbilla para su foto.<\/p>\n<\/div>\n<div>\n<p>El jardinero <strong>Alex Verdugo <\/strong>se vio obligado a recortarse el cabello largo que ten\u00eda anteriormente cuando fue cambiado a los Yankees antes de la temporada 2024.<\/p>\n<\/div>\n<div>\n<p>Los Yankees, arraigados en el <strong>Bronx <\/strong>neoyorquino, son uno de los equipos m\u00e1s representativos del deporte estadounidense y su imagen es conocida en todo el mundo a trav\u00e9s de pel\u00edculas e infinidad de historias.<\/p>\n<\/div>\n<div>\n<p>Ese magnetismo se ve tambi\u00e9n en t\u00e9rminos financieros: los Yanks son el cuarto equipo deportivo m\u00e1s valioso del mundo seg\u00fan precis\u00f3 la revista Forbes en diciembre de 2024. Con un valor calculado de <strong>7,55 mil millones de d\u00f3lares<\/strong> se ubica detr\u00e1s de los Dallas Cowboys de la NFL (10,1 mil millones), Golden State Warriors de la NBA (8,8 mil millones) y Los Angeles Rams, tambi\u00e9n del football americano (7,6 mil millones); y 20 puestos por delante del siguiente representante de la MLB, Los Angeles Dodgers (5,45 mil millones).<\/p>\n<\/div>\n<p><br \/>\n<br \/><a href=\"https:\/\/www.clarin.com\/deportes\/sorpresa-deporte-equipos-famosos-mundo-permitira-jugadores-usen-barba-49-anos-despues-haberlo-prohibido_0_JbhfATXN4d.html\">Fuente Clarin.com <\/a><\/p>\n","protected":false},"excerpt":{"rendered":"<p>Los Yankees de Nueva York levantaron su prohibici\u00f3n sobre las barbas el viernes, 49 a\u00f1os despu\u00e9s de que fuera impuesta por el propietario George Steinbrenner. El actual due\u00f1o Hal Steinbrenner, hijo de The Boss, anunci\u00f3 el cambio el viernes antes del primer partido de los campos de entrenamiento de primavera del equipo. \u201cEn las \u00faltimas [&hellip;]<\/p>\n","protected":false},"author":1,"featured_media":6800,"comment_status":"open","ping_status":"open","sticky":false,"template":"","format":"standard","meta":{"footnotes":""},"categories":[2],"tags":[636,8457,100,1514,4101,2390,8458,7466,28,155,143,8455,7407,40,1013,8456],"class_list":["post-6799","post","type-post","status-publish","format-standard","has-post-thumbnail","hentry","category-ultimas-noticias","tag-anos","tag-barba","tag-del","tag-despues","tag-equipos","tag-famosos","tag-haberlo","tag-jugadores","tag-los","tag-mas","tag-mundo","tag-permitira","tag-prohibido","tag-sus","tag-uno","tag-usen"],"_links":{"self":[{"href":"https:\/\/13.com.ar\/index.php\/wp-json\/wp\/v2\/posts\/6799","targetHints":{"allow":["GET"]}}],"collection":[{"href":"https:\/\/13.com.ar\/index.php\/wp-json\/wp\/v2\/posts"}],"about":[{"href":"https:\/\/13.com.ar\/index.php\/wp-json\/wp\/v2\/types\/post"}],"author":[{"embeddable":true,"href":"https:\/\/13.com.ar\/index.php\/wp-json\/wp\/v2\/users\/1"}],"replies":[{"embeddable":true,"href":"https:\/\/13.com.ar\/index.php\/wp-json\/wp\/v2\/comments?post=6799"}],"version-history":[{"count":0,"href":"https:\/\/13.com.ar\/index.php\/wp-json\/wp\/v2\/posts\/6799\/revisions"}],"wp:featuredmedia":[{"embeddable":true,"href":"https:\/\/13.com.ar\/index.php\/wp-json\/wp\/v2\/media\/6800"}],"wp:attachment":[{"href":"https:\/\/13.com.ar\/index.php\/wp-json\/wp\/v2\/media?parent=6799"}],"wp:term":[{"taxonomy":"category","embeddable":true,"href":"https:\/\/13.com.ar\/index.php\/wp-json\/wp\/v2\/categories?post=6799"},{"taxonomy":"post_tag","embeddable":true,"href":"https:\/\/13.com.ar\/index.php\/wp-json\/wp\/v2\/tags?post=6799"}],"curies":[{"name":"wp","href":"https:\/\/api.w.org\/{rel}","templated":true}]}}