{"id":6598,"date":"2025-02-20T20:29:29","date_gmt":"2025-02-20T23:29:29","guid":{"rendered":"https:\/\/13.com.ar\/index.php\/suspenden-las-paso-con-el-voto-del-oficialismo-el-pro-un-sector-de-la-ucr-y-los-k\/"},"modified":"2025-02-20T20:29:29","modified_gmt":"2025-02-20T23:29:29","slug":"suspenden-las-paso-con-el-voto-del-oficialismo-el-pro-un-sector-de-la-ucr-y-los-k","status":"publish","type":"post","link":"https:\/\/13.com.ar\/index.php\/suspenden-las-paso-con-el-voto-del-oficialismo-el-pro-un-sector-de-la-ucr-y-los-k\/","title":{"rendered":"Suspenden las PASO con el voto del oficialismo, el PRO, un sector de la UCR y los K"},"content":{"rendered":"<p> <br \/>\n<br \/><img decoding=\"async\" src=\"https:\/\/13.com.ar\/wp-content\/uploads\/2025\/02\/Suspenden-las-PASO-con-el-voto-del-oficialismo-el-PRO.jpg\" \/><\/p>\n<div id=\"cuerpo\">\n<div class=\"sc-80531b6b-0 chRIGJ container-text text-embed\">\n<p>Finalmente<strong> este a\u00f1o no habr\u00e1 Primarias Abiertas Obligatorias y Simult\u00e1neas (PASO)<\/strong>. El Senado aprob\u00f3 este jueves su <strong>suspensi\u00f3n<\/strong> y los argentinos ir\u00e1n a votar una sola vez para elegir a los diputados y senadores nacionales: directamente <strong>en octubre<\/strong>. La novedad, adem\u00e1s, es que <strong>se estrenar\u00e1 la Boleta \u00danica Papel.<\/strong><\/p>\n<\/div>\n<div class=\"sc-80531b6b-0 chRIGJ container-text text-embed\">\n<p>En menos de tres horas de debate, la iniciativa fue aprobada por <strong>43 votos<\/strong> a favor de La Libertad Avanza, el PRO, parte de la UCR y <strong>Uni\u00f3n por la Patria, que tras el papel\u00f3n en diputados dio libertad de acci\u00f3n <\/strong>para que cada uno vote como quiera o como le pida su gobernador. Hubo <strong>20 en contra y 6 abstenciones.<\/strong><\/p>\n<\/div>\n<div class=\"sc-80531b6b-0 chRIGJ container-text text-embed\">\n<p>El debate fue conducido por el presidente provisional del cuerpo, <strong>Bartolom\u00e9 Abdala, <\/strong>mientras que <strong>Victoria Villarruel<\/strong> -que est\u00e1 ejerciendo la presidencia porque Javier Milei viaj\u00f3 a Estados Unidos- estuvo presente en los palcos al momento de la votaci\u00f3n.<\/p>\n<\/div>\n<div class=\"sc-80531b6b-0 chRIGJ container-text text-embed\">\n<p>En noviembre, el Gobierno env\u00edo al Congreso <strong>el proyecto original que planteaba la eliminaci\u00f3n de las PASO<\/strong> y un cambio del r\u00e9gimen de financiamiento de los partidos, que limitaba el financiamiento p\u00fablico e incentivaba el privado.<\/p>\n<\/div>\n<div class=\"sc-80531b6b-0 chRIGJ container-text text-embed\">\n<p>Sin embargo, por presi\u00f3n de las bancadas aliadas del PRO y la UCR que le advirtieron que no acompa\u00f1ar\u00edan, debieron conformarse s\u00f3lo con la suspensi\u00f3n por este a\u00f1o. Es decir que si no se vota un nuevo proyecto de pr\u00f3rroga o eliminaci\u00f3n, <strong>en las presidenciales de 2027 habr\u00e1 PASO nuevamente.<\/strong><\/p>\n<\/div>\n<div class=\"sc-80531b6b-0 chRIGJ container-text text-embed\">\n<p>La modificaci\u00f3n impacta de lleno en los partidos que tendr\u00e1n m\u00e1s tiempo para la &#8220;rosca&#8221; pol\u00edtica  porque se <strong>atrasar\u00edan casi dos meses la definici\u00f3n de candidaturas y el inicio de la campa\u00f1a.<\/strong> Si bien en la C\u00e1mara Nacional Electoral la que tiene que definir el nuevo cronograma, <strong>el cierre de listas ser\u00eda a mediados de agosto y la elecci\u00f3n general el 26 de octubre.<\/strong><\/p>\n<\/div>\n<p><h2>Los argumentos a favor y en contra<\/h2>\n<\/p>\n<div class=\"sc-80531b6b-0 chRIGJ container-text text-embed\">\n<p>Para eliminar las PASO el Gobierno argument\u00f3 que las Primarias no cumplieron su objetivo, <strong>que no se utilizan, que son una &#8220;encuesta cara&#8221;, que obligan al Estado a financiar internas partidarias<\/strong>, que el proceso electoral termina siendo muy largo, y fundamentalmente, que cuestan millones. Estimaron para este a\u00f1o <strong>150 millones de d\u00f3lares.<\/strong><\/p>\n<\/div>\n<div class=\"sc-80531b6b-0 chRIGJ container-text text-embed\">\n<p>El PRO inicialmente estaba en contra y propon\u00eda modificarlas. Ten\u00edan un proyecto para eliminar la obligatoriedad. Sin embargo, <strong>despu\u00e9s de que Jorge Macri impulsara la suspensi\u00f3n de la PASO porte\u00f1a, t<\/strong>omaron la misma postura a nivel nacional. Todos terminaron votando a favor, incluso la larretista <strong>Guadalupe Tagliaferri<\/strong> quien defiende el sistema y aclar\u00f3 que aval\u00f3 la suspensi\u00f3n <strong>&#8220;por \u00fanica vez&#8221;.<\/strong><\/p>\n<\/div>\n<div class=\"sc-80531b6b-0 chRIGJ container-text text-embed\">\n<p>&#8220;Las PASO transparentan los deseos de las ciudadan\u00edas. Sin PASO Milei sal\u00eda tercero porque quedaba en la general, as\u00ed que el mismo presidente hizo usufructo del sistema&#8221;, y agreg\u00f3: &#8220;<strong>El partido autocr\u00e1tico de Milei emperador no quiere que a nadie se le ocurra dar una discusi\u00f3n dentro de su partido<\/strong>. Si alguno piensa distinto lo echan. <strong>No hay nada m\u00e1s casta que eliminar las PASO. Significa que uno o dos tienen la lapicera<\/strong>&#8220;.&#8221;<\/p>\n<\/div>\n<div class=\"sc-80531b6b-0 chRIGJ container-text text-embed\">\n<p><strong>El radicalismo se parti\u00f3, tambi\u00e9n, en este tema.<\/strong> Votaron en contra el presidente de la UCR, <strong>Mart\u00edn Lousteau<\/strong>, el titular de la UCR bonaerense, <strong>Maximiliano Ferraro<\/strong>, el catamarque\u00f1o<strong> Flavio Fama,<\/strong> la santafesina <strong>Carolina Losada<\/strong> y el fueguino <strong>Pablo Blanco<\/strong><\/p>\n<\/div>\n<div class=\"sc-80531b6b-0 chRIGJ container-text text-embed\">\n<p>&#8220;Las PASO permiten que un candidato se presente ante la ciudadan\u00eda sin la necesidad de apoyo o estructura de un partido pol\u00edtico. <strong>Es la herramienta que le permiti\u00f3 a varios estar ac\u00e1 sentados<\/strong>&#8220;, se\u00f1al\u00f3 Blanco y agreg\u00f3: &#8220;\u00bfA d\u00f3nde van a ir esos millones de ahorro? A partidas discrecionales de un presupuesto que el Gobierno ha reconducido a trav\u00e9s de una nueva pr\u00f3rroga&#8221;.<\/p>\n<\/div>\n<div class=\"sc-80531b6b-0 chRIGJ container-text text-embed\">\n<p>Los legisladores de bancadas federales aprobaron en su mayor\u00eda. &#8220;Apruebo la suspensi\u00f3n este a\u00f1o y aclaro: no voy a votar una pr\u00f3rroga. La democracia no es un gasto. <strong>Cuando no gast\u00e1bamos en elecciones no ten\u00edamos democracia y nos cost\u00f3 muy caro<\/strong>&#8220;, advirti\u00f3 la chubutense Edith Terenzi, que responde al gobernador Ignacio Torres.<\/p>\n<\/div>\n<\/div>\n<p><br \/>\n<br \/><a href=\"https:\/\/www.clarin.com\/politica\/partidos\/suspenden-paso-voto-oficialismo-pro-sector-ucr-k_0_AIFmv2Hgk7.html\">Fuente Clarin.com <\/a><\/p>\n","protected":false},"excerpt":{"rendered":"<p>Finalmente este a\u00f1o no habr\u00e1 Primarias Abiertas Obligatorias y Simult\u00e1neas (PASO). El Senado aprob\u00f3 este jueves su suspensi\u00f3n y los argentinos ir\u00e1n a votar una sola vez para elegir a los diputados y senadores nacionales: directamente en octubre. La novedad, adem\u00e1s, es que se estrenar\u00e1 la Boleta \u00danica Papel. En menos de tres horas de [&hellip;]<\/p>\n","protected":false},"author":1,"featured_media":6599,"comment_status":"open","ping_status":"open","sticky":false,"template":"","format":"standard","meta":{"footnotes":""},"categories":[2],"tags":[18,100,48,28,3658,158,1111,1201,6690,2752,4696],"class_list":["post-6598","post","type-post","status-publish","format-standard","has-post-thumbnail","hentry","category-ultimas-noticias","tag-con","tag-del","tag-las","tag-los","tag-oficialismo","tag-paso","tag-pro","tag-sector","tag-suspenden","tag-ucr","tag-voto"],"_links":{"self":[{"href":"https:\/\/13.com.ar\/index.php\/wp-json\/wp\/v2\/posts\/6598","targetHints":{"allow":["GET"]}}],"collection":[{"href":"https:\/\/13.com.ar\/index.php\/wp-json\/wp\/v2\/posts"}],"about":[{"href":"https:\/\/13.com.ar\/index.php\/wp-json\/wp\/v2\/types\/post"}],"author":[{"embeddable":true,"href":"https:\/\/13.com.ar\/index.php\/wp-json\/wp\/v2\/users\/1"}],"replies":[{"embeddable":true,"href":"https:\/\/13.com.ar\/index.php\/wp-json\/wp\/v2\/comments?post=6598"}],"version-history":[{"count":0,"href":"https:\/\/13.com.ar\/index.php\/wp-json\/wp\/v2\/posts\/6598\/revisions"}],"wp:featuredmedia":[{"embeddable":true,"href":"https:\/\/13.com.ar\/index.php\/wp-json\/wp\/v2\/media\/6599"}],"wp:attachment":[{"href":"https:\/\/13.com.ar\/index.php\/wp-json\/wp\/v2\/media?parent=6598"}],"wp:term":[{"taxonomy":"category","embeddable":true,"href":"https:\/\/13.com.ar\/index.php\/wp-json\/wp\/v2\/categories?post=6598"},{"taxonomy":"post_tag","embeddable":true,"href":"https:\/\/13.com.ar\/index.php\/wp-json\/wp\/v2\/tags?post=6598"}],"curies":[{"name":"wp","href":"https:\/\/api.w.org\/{rel}","templated":true}]}}