{"id":6592,"date":"2025-02-20T20:20:53","date_gmt":"2025-02-20T23:20:53","guid":{"rendered":"https:\/\/13.com.ar\/index.php\/la-clase-politica-de-francia-cerro-filas-en-torno-al-presidente-macron-y-en-apoyo-a-ucrania-en-la-guerra-con-rusia\/"},"modified":"2025-02-20T20:20:53","modified_gmt":"2025-02-20T23:20:53","slug":"la-clase-politica-de-francia-cerro-filas-en-torno-al-presidente-macron-y-en-apoyo-a-ucrania-en-la-guerra-con-rusia","status":"publish","type":"post","link":"https:\/\/13.com.ar\/index.php\/la-clase-politica-de-francia-cerro-filas-en-torno-al-presidente-macron-y-en-apoyo-a-ucrania-en-la-guerra-con-rusia\/","title":{"rendered":"La clase pol\u00edtica de Francia cerr\u00f3 filas en torno al presidente Macron y en apoyo a Ucrania en la guerra con Rusia"},"content":{"rendered":"<p> <br \/>\n<\/p>\n<div id=\"cuerpo\">\n<div class=\"sc-80531b6b-0 chRIGJ container-text text-embed\">\n<p>La clase pol\u00edtica francesa se reuni\u00f3n el jueves junto al presidente Emmanuel Macron para discutir la seguridad de Francia,<strong> el futuro de Ucrania y la uni\u00f3n nacional<\/strong>. El encuentro dur\u00f3 m\u00e1s de 3 horas, con despliegue de mapas, log\u00edstica y escenarios posibles ante la delicada situaci\u00f3n que atraviesa Europa ,en su confrontaci\u00f3n con Donald Trump y Rusia,<\/p>\n<\/div>\n<div class=\"sc-80531b6b-0 chRIGJ container-text text-embed\">\n<p>Rodeados de mapas militares tan detallados como preocupantes,<strong> los l\u00edderes pol\u00edticos mantuvieron un perfil bajo<\/strong> alrededor de la enorme mesa de la sala de fiestas del El\u00edseo este jueves. Hab\u00edan sido convocados por el presidente Emmanuel Macron, despu\u00e9s de las declaraciones de Donald Trump sobre Ucrania y el abandono al presidente ucraniano Volodimir Zelenski en la mesa de negociaciones,<\/p>\n<\/div>\n<div class=\"sc-80531b6b-0 chRIGJ container-text text-embed\">\n<p><strong>&#8220;Todo el mundo ten\u00eda en mente que no deb\u00edamos hacer politiquer\u00eda&#8221;,<\/strong> inform\u00f3 Guillaume Lacroix, l\u00edder del Partido de la Izquierda Radical. Y con Macron no hubo alardes: se mantuvo objetivo y sensato.<\/p>\n<\/div>\n<div class=\"sc-80531b6b-0 chRIGJ container-text text-embed\">\n<p>Su colega del MoDem, Marc Fesneau dijo: \u201cHac\u00eda pedagog\u00eda de forma l\u00facida&#8221;. &#8220;El Jefe del Estado (y de las Fuerzas Armadas) es un\u00e1nime en un punto: Que la situaci\u00f3n es grave y que las cosas podr\u00edan cambiar\u201d, resumi\u00f3 el comunista Fabien Roussel.<\/p>\n<\/div>\n<p><h2>\u201cNo habr\u00e1 alto el fuego sin Ucrania&#8221;<\/h2>\n<\/p>\n<div class=\"sc-80531b6b-0 chRIGJ container-text text-embed\">\n<p>\u00bfEl m\u00ednimo com\u00fan denominador? Las declaraciones de Trump sobre el &#8220;dictador&#8221; Zelenski y el acercamiento estrat\u00e9gico entre Estados Unidos y Rusia tuvieron un m\u00e9rito: el de hacer hablar con una sola voz a los lepenistas de Reagrupaci\u00f3n Nacional, a los rebeldes y a los macronistas.<\/p>\n<\/div>\n<div class=\"sc-198be8ec-0 cynXbu image-embed  image-embed \"><picture class=\"sc-198be8ec-1 kOjRiQ\"><source media=\"(min-width: 975px)\" width=\"720\" height=\"480\" \/><img alt=\"Volodimir Zelenski, presidente de Ucrania, antes de una reuni\u00f3n con Keith Kellogg, enviado especial de Estados Unidos para Ucrania y Rusia, en Kiev. Foto Bloomberg\" loading=\"lazy\" width=\"720\" height=\"480\" decoding=\"async\" data-nimg=\"1\" style=\"color:transparent\" src=\"https:\/\/13.com.ar\/wp-content\/uploads\/2025\/02\/La-clase-politica-de-Francia-cerro-filas-en-torno-al.jpg\"\/><span class=\"epigraphe\">Volodimir Zelenski, presidente de Ucrania, antes de una reuni\u00f3n con Keith Kellogg, enviado especial de Estados Unidos para Ucrania y Rusia, en Kiev. Foto Bloomberg<\/span><span class=\"bkg\"\/><span class=\"picture-open\"><button class=\"open-image\" aria-label=\"Open Image\"\/><\/span><\/picture><\/div>\n<div class=\"sc-80531b6b-0 chRIGJ container-text text-embed\">\n<p>&#8220;No habr\u00e1 acuerdo de alto el fuego sin Ucrania&#8221;, asegur\u00f3 el presidente.<strong> La promesa cre\u00f3 consenso alrededor de la mesa.<\/strong><\/p>\n<\/div>\n<div class=\"sc-80531b6b-0 chRIGJ container-text text-embed\">\n<p>Pero tras una presentaci\u00f3n de la situaci\u00f3n por parte del Jefe de Estado Mayor de las Fuerzas Armadas y un jefe de la Direcci\u00f3n General de Seguridad Exterior (DGSE), las diferencias pol\u00edticas r\u00e1pidamente resurgieron.<\/p>\n<\/div>\n<div class=\"sc-80531b6b-0 chRIGJ container-text text-embed\">\n<p>Cuando el comunista Fabien Roussel no defendi\u00f3 \u201cni a Putin ni a Trump\u201d, el centrista Marc Fesneau replic\u00f3 que no podemos poner un signo de igualdad entre los dos l\u00edderes y que <strong>Rusia sigue siendo, sobre todo, el agresor\u201d.<\/strong><\/p>\n<\/div>\n<div class=\"sc-80531b6b-0 chRIGJ container-text text-embed\">\n<p>Cuando la jefa de los ecologistas Marine Tondelier cuestion\u00f3 la presencia en torno a la mesa del primer vicepresidente de RN,el lepenista Louis Aliot, debido a su participaci\u00f3n en la ceremonia de investidura de Donald Trump, se uni\u00f3 a ella el Insumiso Manuel Bompard, <strong>que denunci\u00f3 una \u201cceguera atlantista\u201d, especialmente por parte de la extrema derecha.<\/strong><\/p>\n<\/div>\n<div class=\"sc-80531b6b-0 chRIGJ container-text text-embed\">\n<p>\u201cTenemos que trabajar con Estados Unidos\u201d, respondi\u00f3 con calma el enfermero registrado y ex marido de Marine Le Pen, Louis Aliot, que reemplaz\u00f3 al n\u00famero uno del partido, Jordan Bardella, de viaje en Estados Unidos.<\/p>\n<\/div>\n<div class=\"sc-80531b6b-0 chRIGJ container-text text-embed\">\n<p>Privados de sus tel\u00e9fonos durante la reuni\u00f3n de tres horas, <strong>los l\u00edderes pol\u00edticos escucharon atentamente cada palabra pronunciada por el presidente.<\/strong><\/p>\n<\/div>\n<p><h2>Trump impredecible<\/h2>\n<\/p>\n<div class=\"sc-80531b6b-0 chRIGJ container-text text-embed\">\n<p>\u201cTrump es impredecible\u201d, dijo Emmanuel Macron, como indic\u00f3 a la prensa diaria regional. Algunos observan una paradoja en las palabras del jefe de Estado, que desea reivindicar la \u201cno alineaci\u00f3n\u201d, la independencia de Francia y de Europa, al tiempo que ensalza los m\u00e9ritos de la OTAN (Organizaci\u00f3n del Tratado del Atl\u00e1ntico Norte).<\/p>\n<\/div>\n<div class=\"sc-80531b6b-0 chRIGJ container-text text-embed\">\n<p>El l\u00edder comunista Fabien Roussel <strong>consider\u00f3 que este \u00faltimo es \u201cobsoleto\u201d debido a las posiciones radicales de Donald Trump<\/strong>. \u00c9ric Ciotti, aliado de Marine Le Pen, se mantuvo fiel a su l\u00ednea: \u201cUcrania no debe unirse ni a la OTAN ni a la Uni\u00f3n Europea&#8221;.<\/p>\n<\/div>\n<div class=\"sc-80531b6b-0 chRIGJ container-text text-embed\">\n<p>Todos tendr\u00e1n la oportunidad de reiterar su posici\u00f3n a principios de marzo durante dos debates parlamentarios, uno en la Asamblea y otro en el Senado, anunciados por el Primer Ministro, Fran\u00e7ois Bayrou, presente tambi\u00e9n este jueves en el El\u00edseo.<\/p>\n<\/div>\n<p><h2>Macron va a Washington<\/h2>\n<\/p>\n<div class=\"sc-80531b6b-0 chRIGJ container-text text-embed\">\n<p>Durante esta sesi\u00f3n a puerta cerrada, <strong>Macron confirm\u00f3 que viajar\u00eda el lunes a Estados Unidos para reunirse con Donald Trump<\/strong>. Despu\u00e9s de haber organizado dos cumbres en Par\u00eds en s\u00f3lo tres d\u00edas, luego de haber hablado con todos los l\u00edderes europeos y de haber intercambiado dos veces con Donald Trump, el presidente franc\u00e9s desea volver a tomar el liderazgo de una Europa conquistadora contra los dos gigantes rusos y estadounidenses.<\/p>\n<\/div>\n<div class=\"sc-80531b6b-0 chRIGJ container-text text-embed\">\n<p><strong>&#8220;No piensen que lo impensable no puede suceder, incluso lo peor&#8221;<\/strong>, hab\u00eda advertido el jefe de Estado a la prensa diaria el martes. Frente a sus anfitriones, se mostr\u00f3 previsor, anticipando un aumento espectacular del gasto militar, que podr\u00eda representar hasta el 3,5% del PIB para hacer frente a la amenaza rusa. Incluso el 5% si los EE.UU. se retiraran de Ucrania.<\/p>\n<\/div>\n<div class=\"sc-80531b6b-0 chRIGJ container-text text-embed\">\n<p>Macron, que ya no tiene v\u00eda libre en suelo nacional, debido a la disoluci\u00f3n de la Asamblea, est\u00e1 invirtiendo m\u00e1s que nunca en su campo favorito: el internacional. Con la esperanza de evitar lo peor. Pero tambi\u00e9n con el riesgo de quedar impotentes ante lo peor.<\/p>\n<\/div>\n<\/div>\n<p><br \/>\n<br \/><a href=\"https:\/\/www.clarin.com\/mundo\/clase-politica-francia-cerro-filas-torno-presidente-macron-apoyo-ucrania-guerra-rusia_0_EAtWynYWCP.html\">Fuente Clarin.com <\/a><\/p>\n","protected":false},"excerpt":{"rendered":"<p>La clase pol\u00edtica francesa se reuni\u00f3n el jueves junto al presidente Emmanuel Macron para discutir la seguridad de Francia, el futuro de Ucrania y la uni\u00f3n nacional. El encuentro dur\u00f3 m\u00e1s de 3 horas, con despliegue de mapas, log\u00edstica y escenarios posibles ante la delicada situaci\u00f3n que atraviesa Europa ,en su confrontaci\u00f3n con Donald Trump [&hellip;]<\/p>\n","protected":false},"author":1,"featured_media":6593,"comment_status":"open","ping_status":"open","sticky":false,"template":"","format":"standard","meta":{"footnotes":""},"categories":[2],"tags":[2800,424,2120,18,5360,2281,1864,12,208,135,5761,8293,4523],"class_list":["post-6592","post","type-post","status-publish","format-standard","has-post-thumbnail","hentry","category-ultimas-noticias","tag-apoyo","tag-cerro","tag-clase","tag-con","tag-filas","tag-francia","tag-guerra","tag-macron","tag-politica","tag-presidente","tag-rusia","tag-torno","tag-ucrania"],"_links":{"self":[{"href":"https:\/\/13.com.ar\/index.php\/wp-json\/wp\/v2\/posts\/6592","targetHints":{"allow":["GET"]}}],"collection":[{"href":"https:\/\/13.com.ar\/index.php\/wp-json\/wp\/v2\/posts"}],"about":[{"href":"https:\/\/13.com.ar\/index.php\/wp-json\/wp\/v2\/types\/post"}],"author":[{"embeddable":true,"href":"https:\/\/13.com.ar\/index.php\/wp-json\/wp\/v2\/users\/1"}],"replies":[{"embeddable":true,"href":"https:\/\/13.com.ar\/index.php\/wp-json\/wp\/v2\/comments?post=6592"}],"version-history":[{"count":0,"href":"https:\/\/13.com.ar\/index.php\/wp-json\/wp\/v2\/posts\/6592\/revisions"}],"wp:featuredmedia":[{"embeddable":true,"href":"https:\/\/13.com.ar\/index.php\/wp-json\/wp\/v2\/media\/6593"}],"wp:attachment":[{"href":"https:\/\/13.com.ar\/index.php\/wp-json\/wp\/v2\/media?parent=6592"}],"wp:term":[{"taxonomy":"category","embeddable":true,"href":"https:\/\/13.com.ar\/index.php\/wp-json\/wp\/v2\/categories?post=6592"},{"taxonomy":"post_tag","embeddable":true,"href":"https:\/\/13.com.ar\/index.php\/wp-json\/wp\/v2\/tags?post=6592"}],"curies":[{"name":"wp","href":"https:\/\/api.w.org\/{rel}","templated":true}]}}