{"id":6590,"date":"2025-02-20T20:18:18","date_gmt":"2025-02-20T23:18:18","guid":{"rendered":"https:\/\/13.com.ar\/index.php\/javier-milei-se-reunio-con-kristalina-georgieva-en-washington\/"},"modified":"2025-02-20T20:18:18","modified_gmt":"2025-02-20T23:18:18","slug":"javier-milei-se-reunio-con-kristalina-georgieva-en-washington","status":"publish","type":"post","link":"https:\/\/13.com.ar\/index.php\/javier-milei-se-reunio-con-kristalina-georgieva-en-washington\/","title":{"rendered":"Javier Milei se reuni\u00f3 con Kristalina Georgieva en Washington"},"content":{"rendered":"<p> <br \/>\n<br \/><img decoding=\"async\" src=\"https:\/\/13.com.ar\/wp-content\/uploads\/2025\/02\/Javier-Milei-se-reunio-con-Kristalina-Georgieva-en-Washington.jpg\" \/><\/p>\n<div id=\"cuerpo\">\n<div class=\"sc-80531b6b-0 chRIGJ container-text text-embed\">\n<p>El presidente Javier Milei volvi\u00f3 a reunirse este jueves en Washington con la directora gerente del Fondo Monetario Internacional, Kristalina Georgieva, para afinar el futuro programa con el organismo, una de las reuniones de m\u00e1s alto perfil en esta capital.<\/p>\n<\/div>\n<div class=\"sc-80531b6b-0 chRIGJ container-text text-embed\">\n<p>Milei lleg\u00f3 temprano lleg\u00f3 por la ma\u00f1ana con 12 grados bajo cero de sensaci\u00f3n t\u00e9rmica, acompa\u00f1ado de su hermana Karina, la secretaria de la presidencia; el ministro de Econom\u00eda Luis Caputo y el portavoz Manuel Adorni, que por primera vez se suma a un viaje del presidente a Estados Unidos. Los esperaba en Washington el canciller Gerardo Werthein. M\u00e1s adelante se sumar\u00e1 el asesor Santiago Caputo.<\/p>\n<\/div>\n<div class=\"sc-80531b6b-0 chRIGJ container-text text-embed\">\n<p>Es la novena vez que viene a EE.UU. La m\u00e1s reciente fue hace apenas un mes, para la asunci\u00f3n de Donald Trump, con quien buscar\u00e1 reunirse el s\u00e1bado en el marco de la Conferencia de Acci\u00f3n Conservadora en un hotel en las afueras de Washington. No habr\u00e1 encuentro oficial en la Casa Blanca.<\/p>\n<\/div>\n<div class=\"sc-80531b6b-0 chRIGJ container-text text-embed\">\n<p>Cerca de las 5 de la tarde, y luego de verse con Elon Musk, Milei se traslad\u00f3 a la sede del FMI para encontrarse con Georgieva.<\/p>\n<\/div>\n<div class=\"sc-80531b6b-0 chRIGJ container-text text-embed\">\n<p>Milei se vio con la jefa del Fondo en enero, quien se acerc\u00f3 al hotel donde estaba el argentino y al final del encuetro tuvo palabras muy alentadoras con Argentina.  \u201cFue una excelente reuni\u00f3n, en el contexto del tremendo progreso que Argentina ha hecho para bajar la inflaci\u00f3n, estabilizar la econom\u00eda y crecer otra vez. Los argentinos est\u00e1n comenzando a sentir los beneficios. La pobreza finalmente est\u00e1 bajando\u201d, dijo.<\/p>\n<\/div>\n<div class=\"sc-80531b6b-0 chRIGJ container-text text-embed\">\n<p>&#8220;Queremos trabajar con rapidez con el nuevo programa para llevarlo al directorio ejecutivo&#8221;, agreg\u00f3, sin dar m\u00e1s detalles de cronograma de las negociaciones.<\/p>\n<\/div>\n<div class=\"sc-80531b6b-0 chRIGJ container-text text-embed\">\n<p>Milei busca abrochar un nuevo acuerdo con el organismo, un programa que los funcionarios de Econom\u00eda vienen negociando con el Fondo desde hace meses, una continuidad del que se firm\u00f3 en el 2022 con el gobierno de Alberto Fern\u00e1ndez y que finaliz\u00f3 en diciembre.<\/p>\n<\/div>\n<div class=\"sc-80531b6b-0 chRIGJ container-text text-embed\">\n<p>El argentino se siente fortalecido porque con sus reformas ha logrado alcanzar y superar las metas, sobre todo las fiscales, y busca que el nuevo plan contemple un desembolso de al menos 11.000 millones de d\u00f3lares, que es lo que Milei estima que ser\u00e1 necesario para salir del cepo sin turbulencias.<\/p>\n<\/div>\n<div class=\"sc-80531b6b-0 chRIGJ container-text text-embed\">\n<p>Pero m\u00e1s all\u00e1 de las palabras elogiosas de Georgieva a\u00fan no hay novedades. Hubo una misi\u00f3n del FMI en Buenos Aires, pero concluy\u00f3 sin demasiado \u00e9xito. Luego la portavoz del organismo, Julie Kozack remarc\u00f3 que con el Gobierno reconocen \u201cla necesidad de seguir adoptando pol\u00edticas fiscales, monetarias y cambiarias\u201d, as\u00ed como m\u00e1s reformas estructurales para avanzar en el crecimiento.<\/p>\n<\/div>\n<div class=\"sc-80531b6b-0 chRIGJ container-text text-embed\">\n<p>El Fondo a\u00fan vale resaltar que en la \u00faltima revisi\u00f3n ex post del programa, presentada al directorio ejecutivo a principios de a\u00f1o, el organismo pidi\u00f3 \u201cadoptar una estrategia cre\u00edble para desmantelar los controles cambiarios, una mayor flexibilidad cambiaria y un papel m\u00e1s significativo de la pol\u00edtica monetaria\u201d. Algunos puntos pueden encontrar resistencia en el Gobierno.<\/p>\n<\/div>\n<div class=\"sc-80531b6b-0 chRIGJ container-text text-embed\">\n<p>M\u00e1s all\u00e1 de los encuentros con Trump y Georgieva, Milei visitar\u00e1 el viernes el Banco Interamericano de Desarrollo (BID) y el Banco Mundial y el s\u00e1bado disertar\u00e1 en la Conferencia de Acci\u00f3n Conservadora (CPAC) un foro de la derecha donde probablemente se encuentre en alg\u00fan momento con el presidente Donald Trump, aunque no hay visita oficial pactada en Casa Blanca.<\/p>\n<\/div>\n<\/div>\n<p><br \/>\n<br \/><a href=\"https:\/\/www.clarin.com\/economia\/acuerdo-fmi-javier-milei-reunio-kristalina-georgieva-washington_0_5NtvYdOXBi.html\">Fuente Clarin.com <\/a><\/p>\n","protected":false},"excerpt":{"rendered":"<p>El presidente Javier Milei volvi\u00f3 a reunirse este jueves en Washington con la directora gerente del Fondo Monetario Internacional, Kristalina Georgieva, para afinar el futuro programa con el organismo, una de las reuniones de m\u00e1s alto perfil en esta capital. Milei lleg\u00f3 temprano lleg\u00f3 por la ma\u00f1ana con 12 grados bajo cero de sensaci\u00f3n t\u00e9rmica, [&hellip;]<\/p>\n","protected":false},"author":1,"featured_media":6591,"comment_status":"open","ping_status":"open","sticky":false,"template":"","format":"standard","meta":{"footnotes":""},"categories":[2],"tags":[18,7616,273,8292,77,1265,1424],"class_list":["post-6590","post","type-post","status-publish","format-standard","has-post-thumbnail","hentry","category-ultimas-noticias","tag-con","tag-georgieva","tag-javier","tag-kristalina","tag-milei","tag-reunio","tag-washington"],"_links":{"self":[{"href":"https:\/\/13.com.ar\/index.php\/wp-json\/wp\/v2\/posts\/6590","targetHints":{"allow":["GET"]}}],"collection":[{"href":"https:\/\/13.com.ar\/index.php\/wp-json\/wp\/v2\/posts"}],"about":[{"href":"https:\/\/13.com.ar\/index.php\/wp-json\/wp\/v2\/types\/post"}],"author":[{"embeddable":true,"href":"https:\/\/13.com.ar\/index.php\/wp-json\/wp\/v2\/users\/1"}],"replies":[{"embeddable":true,"href":"https:\/\/13.com.ar\/index.php\/wp-json\/wp\/v2\/comments?post=6590"}],"version-history":[{"count":0,"href":"https:\/\/13.com.ar\/index.php\/wp-json\/wp\/v2\/posts\/6590\/revisions"}],"wp:featuredmedia":[{"embeddable":true,"href":"https:\/\/13.com.ar\/index.php\/wp-json\/wp\/v2\/media\/6591"}],"wp:attachment":[{"href":"https:\/\/13.com.ar\/index.php\/wp-json\/wp\/v2\/media?parent=6590"}],"wp:term":[{"taxonomy":"category","embeddable":true,"href":"https:\/\/13.com.ar\/index.php\/wp-json\/wp\/v2\/categories?post=6590"},{"taxonomy":"post_tag","embeddable":true,"href":"https:\/\/13.com.ar\/index.php\/wp-json\/wp\/v2\/tags?post=6590"}],"curies":[{"name":"wp","href":"https:\/\/api.w.org\/{rel}","templated":true}]}}